{"id":3343,"date":"2012-06-04T15:59:12","date_gmt":"2012-06-04T18:59:12","guid":{"rendered":"http:\/\/projetocineb.com.br\/?p=3343"},"modified":"2012-06-04T15:59:12","modified_gmt":"2012-06-04T18:59:12","slug":"vila-leopoldina","status":"publish","type":"post","link":"https:\/\/projetocineb.com.br\/?p=3343","title":{"rendered":"VILA LEOPOLDINA"},"content":{"rendered":"<p>Mais uma exibi\u00e7\u00e3o de sucesso na <span style=\"color: #ff6600;\"><strong>quadra poliesportiva do Projeto Social Ilha de Vera Cruz, no bairro de Vila Leopoldina, zona oeste de S\u00e3o Paulo<\/strong><\/span>. Para o CINEB foi uma sess\u00e3o muito especial pois <span style=\"color: #ff6600;\"><strong>alunos de cursos de alfabetiza\u00e7\u00e3o de jovens e adultos de diversas escolas da regi\u00e3o estiveram presentes<\/strong><\/span>.<\/p>\n<figure id=\"attachment_3350\" aria-describedby=\"caption-attachment-3350\" style=\"width: 432px\" class=\"wp-caption aligncenter\"><a href=\"http:\/\/projetocineb.com.br\/wp-content\/uploads\/2012\/06\/DSC_0707_01web.jpg\"><img fetchpriority=\"high\" decoding=\"async\" class=\"size-full wp-image-3350  \" title=\"CINEB na quadra poliesportiva do Ilha de Vera Cruz. Parece um cinema de verdade n\u00e9? rss\" src=\"http:\/\/projetocineb.com.br\/wp-content\/uploads\/2012\/06\/DSC_0707_01web.jpg\" alt=\"CINEB na quadra poliesportiva do Ilha de Vera Cruz. Parece um cinema de verdade n\u00e9? rss\" width=\"432\" height=\"286\" \/><\/a><figcaption id=\"caption-attachment-3350\" class=\"wp-caption-text\">CINEB na quadra poliesportiva do Ilha de Vera Cruz. Parece um cinema de verdade n\u00e9? rss<\/figcaption><\/figure>\n<p>O filme exibido, <em>Lula \u2013 O filho do Brasil<\/em>, de Fabio Barreto, ser\u00e1 trabalhado na sala de aula, de forma que os alunos possam aprender utilizando o cinema.<\/p>\n<p>Para a diretora do Instituto Perseu Abramo, Selma Rocha, a continuidade do estudo de disciplinas escolares no cinema \u00e9 positivo para o processo educacional. <span style=\"color: #ff6600;\"><strong>\u201cExperi\u00eancia pr\u00f3pria. Eu e (cineasta) Tat\u00e1 Amaral \u00e9ramos secundaristas, ap\u00f3s o col\u00e9gio \u00edamos ver filmes que eram proibidos no Brasil; foi atrav\u00e9s do cinema que comecei a ter no\u00e7\u00f5es pol\u00edticas\u201d, explica Selma Rocha<\/strong><\/span>, que est\u00e1 conhecendo o CINEB mais de perto e pela primeira vez esteve em uma exibi\u00e7\u00e3o comunit\u00e1ria, j\u00e1 confessando que ir\u00e1 acompanhar outras!<\/p>\n<figure id=\"attachment_3348\" aria-describedby=\"caption-attachment-3348\" style=\"width: 432px\" class=\"wp-caption aligncenter\"><a href=\"http:\/\/projetocineb.com.br\/wp-content\/uploads\/2012\/06\/DSC_0652_01web.jpg\"><img decoding=\"async\" class=\"size-full wp-image-3348  \" title=\"Na abertura da exibi\u00e7\u00e3o, ao microfone, a diretora do Instituto Perseu Abramo, Selma Rocha, o Deputado Estadual pelo PT, Luiz Cl\u00e1udio Marcolino, o coordenador do CINEB, Cid\u00e1lio Vieira Santos e a coordenadora do Ilha de Vera Cruz, Jussara Ferreira Paim\" src=\"http:\/\/projetocineb.com.br\/wp-content\/uploads\/2012\/06\/DSC_0652_01web.jpg\" alt=\"Na abertura da exibi\u00e7\u00e3o, ao microfone, a diretora do Instituto Perseu Abramo, Selma Rocha, o Deputado Estadual pelo PT, Luiz Cl\u00e1udio Marcolino, o coordenador do CINEB, Cid\u00e1lio Vieira Santos e a coordenadora do Ilha de Vera Cruz, Jussara Ferreira Paim\" width=\"432\" height=\"286\" \/><\/a><figcaption id=\"caption-attachment-3348\" class=\"wp-caption-text\">Na abertura da exibi\u00e7\u00e3o, ao microfone, a diretora do Instituto Perseu Abramo, Selma Rocha, o Deputado Estadual pelo PT, Luiz Cl\u00e1udio Marcolino, o coordenador do CINEB, Cid\u00e1lio Vieira Santos e a coordenadora do Ilha de Vera Cruz, Jussara Ferreira Paim<\/figcaption><\/figure>\n<p>Durante a abertura da exibi\u00e7\u00e3o, o Deputado Estadual pelo PT e morador de Vila Leopoldina, Luiz Cl\u00e1udio Marcolino, falou sobre a import\u00e2ncia do CINEB na democratiza\u00e7\u00e3o do acesso ao cinema.<span style=\"color: #ff6600;\"><strong> \u201cMuitas vezes temos a concep\u00e7\u00e3o de que alguns lugares n\u00e3o s\u00e3o feitos pra gente; muita gente pensa isso sobre o cinema e esse afastamento n\u00e3o \u00e9 bom\u201d, diz Luiz Cl\u00e1udio<\/strong><\/span>, que \u00e9 ex-presidente do Sindicato dos Banc\u00e1rios de S\u00e3o Paulo, Osasco e Regi\u00e3o. \u201cO cinema \u00e9 cultura e o CINEB tenta quebrar essa concep\u00e7\u00e3o de um cinema de elite\u201d.<\/p>\n<p>\u201cTemos umavis\u00e3o educacional que valoriza a cultura, por isso a parceria com o CINEB \u00e9 fundamental\u201d, diz a coordenador do Projeto Social Ilha de Vera Cruz, Jussara Ferreira Paim. &#8220;Quando preparamos as aulas dos alunos, j\u00e1 prevemos esse tipo de atividade e propomos tarefas que eles executam, como por exemplo, contar com suas pr\u00f3prias palavras o que entendeu do filme\u201d, explica.<\/p>\n<figure id=\"attachment_3347\" aria-describedby=\"caption-attachment-3347\" style=\"width: 432px\" class=\"wp-caption aligncenter\"><a href=\"http:\/\/projetocineb.com.br\/wp-content\/uploads\/2012\/06\/DSC_0637_01web.jpg\"><img decoding=\"async\" class=\"size-full wp-image-3347  \" title=\"&quot;Eu nasci em Ouricuri, bem perto da cidade que o Lula nasceu&quot;, diz o aluno do Nossa Turma, Antonio Barboza de Lima; na foto est\u00e1 acompanhado da diretora do Nossa Turma, Luciana Pazzini\" src=\"http:\/\/projetocineb.com.br\/wp-content\/uploads\/2012\/06\/DSC_0637_01web.jpg\" alt=\"&quot;Eu nasci em Ouricuri, bem perto da cidade que o Lula nasceu&quot;, diz o aluno do Nossa Turma, Antonio Barboza de Lima; na foto est\u00e1 acompanhado da diretora do Nossa Turma, Luciana Pazzini\" width=\"432\" height=\"337\" \/><\/a><figcaption id=\"caption-attachment-3347\" class=\"wp-caption-text\">&quot;Eu nasci em Ouricuri, bem perto da cidade que o Lula nasceu&quot;, diz o aluno do Nossa Turma, Antonio Barboza de Lima; na foto est\u00e1 acompanhado da diretora do Nossa Turma, Luciana Pazzini<\/figcaption><\/figure>\n<p>Outro ponto favor\u00e1vel da democratiza\u00e7\u00e3o dos filmes de nosso Pa\u00eds \u00e9 que todo brasileiro entende. N\u00e3o precisa de legenda. <span style=\"color: #ff6600;\"><strong>\u201cAl\u00e9m de n\u00e3o ter legendas, o povo se identifica mais com as hist\u00f3rias, pois s\u00e3o bem parecidas com as que vivem\u201d, explica a diretora financeira do Projeto Social Nossa Turma, Luciana Pazzini.<\/strong><\/span><\/p>\n<figure id=\"attachment_3353\" aria-describedby=\"caption-attachment-3353\" style=\"width: 432px\" class=\"wp-caption aligncenter\"><a href=\"http:\/\/projetocineb.com.br\/wp-content\/uploads\/2012\/06\/DSC_0715_01web.jpg\"><img loading=\"lazy\" decoding=\"async\" class=\"size-full wp-image-3353  \" title=\"O CINEB de Vila Leopoldina foi a primeira sess\u00e3o de cinema da aluna do Col\u00e9gio Santa Cruz, Raimunda Pereira dos Constancio. \u201cTudo \u00e9 muito grande, d\u00e1 pra gente ver melhor. Em casa o filme aparece pequenininho\u201d, diz Raimunda.\" src=\"http:\/\/projetocineb.com.br\/wp-content\/uploads\/2012\/06\/DSC_0715_01web.jpg\" alt=\"O CINEB de Vila Leopoldina foi a primeira sess\u00e3o de cinema da aluna do Col\u00e9gio Santa Cruz, Raimunda Pereira dos Constancio. \u201cTudo \u00e9 muito grande, d\u00e1 pra gente ver melhor. Em casa o filme aparece pequenininho\u201d, diz Raimunda.\" width=\"432\" height=\"396\" \/><\/a><figcaption id=\"caption-attachment-3353\" class=\"wp-caption-text\">O CINEB de Vila Leopoldina foi a primeira sess\u00e3o de cinema da aluna do Col\u00e9gio Santa Cruz, Raimunda Pereira dos Constancio. \u201cTudo \u00e9 muito grande, d\u00e1 pra gente ver melhor. Em casa o filme aparece pequenininho\u201d, diz Raimunda.<\/figcaption><\/figure>\n<h2><span style=\"color: #008000;\">+<\/span><\/h2>\n<p>Ah! Outro destaque desta exibi\u00e7\u00e3o foi a participa\u00e7\u00e3o especial do <span style=\"color: #ff6600;\"><strong>grupo de dan\u00e7a de rua A.R.T.E.X. Tiago Cavalcanti Ferreira e C\u00e9sar Cavalcanti<\/strong><\/span> animaram o fim da sess\u00e3o com uma apresenta\u00e7\u00e3o. Em seguida, <span style=\"color: #ff6600;\"><strong>convidaram o p\u00fablico a se juntar para dan\u00e7ar junto!<\/strong><\/span><\/p>\n<figure id=\"attachment_3354\" aria-describedby=\"caption-attachment-3354\" style=\"width: 432px\" class=\"wp-caption aligncenter\"><a href=\"http:\/\/projetocineb.com.br\/wp-content\/uploads\/2012\/06\/DSC_0730_01web.jpg\"><img loading=\"lazy\" decoding=\"async\" class=\"size-full wp-image-3354  \" title=\"Tiago, do grupo A.R.T.E.X. \u00e9 fera na dan\u00e7a de rua.\" src=\"http:\/\/projetocineb.com.br\/wp-content\/uploads\/2012\/06\/DSC_0730_01web.jpg\" alt=\"Tiago, do grupo A.R.T.E.X. \u00e9 fera na dan\u00e7a de rua.\" width=\"432\" height=\"286\" \/><\/a><figcaption id=\"caption-attachment-3354\" class=\"wp-caption-text\">Tiago, do grupo A.R.T.E.X. \u00e9 fera na dan\u00e7a de rua.<\/figcaption><\/figure>\n<figure id=\"attachment_3356\" aria-describedby=\"caption-attachment-3356\" style=\"width: 432px\" class=\"wp-caption aligncenter\"><a href=\"http:\/\/projetocineb.com.br\/wp-content\/uploads\/2012\/06\/DSC_0763_01web.jpg\"><img loading=\"lazy\" decoding=\"async\" class=\"size-full wp-image-3356  \" title=\"O p\u00fablico se juntou e mandou ver nos passinhos!\" src=\"http:\/\/projetocineb.com.br\/wp-content\/uploads\/2012\/06\/DSC_0763_01web.jpg\" alt=\"O p\u00fablico se juntou e mandou ver nos passinhos!\" width=\"432\" height=\"286\" \/><\/a><figcaption id=\"caption-attachment-3356\" class=\"wp-caption-text\">O p\u00fablico se juntou e mandou ver nos passinhos!<\/figcaption><\/figure>\n<figure id=\"attachment_3358\" aria-describedby=\"caption-attachment-3358\" style=\"width: 432px\" class=\"wp-caption aligncenter\"><a href=\"http:\/\/projetocineb.com.br\/wp-content\/uploads\/2012\/06\/DSC_0781_01web.jpg\"><img loading=\"lazy\" decoding=\"async\" class=\"size-full wp-image-3358  \" title=\"Tiago Cavalcanti Ferreira e C\u00e9sar Cavalcanti fizeram um golasso nesse CINEB rss\" src=\"http:\/\/projetocineb.com.br\/wp-content\/uploads\/2012\/06\/DSC_0781_01web.jpg\" alt=\"Tiago Cavalcanti Ferreira e C\u00e9sar Cavalcanti fizeram um golasso nesse CINEB rss\" width=\"432\" height=\"341\" \/><\/a><figcaption id=\"caption-attachment-3358\" class=\"wp-caption-text\">Tiago Cavalcanti Ferreira e C\u00e9sar Cavalcanti fizeram um golasso nesse CINEB rss<\/figcaption><\/figure>\n<p>E no tradicional sorteio de camisetas do CINEB, <span style=\"color: #ff6600;\"><strong>Judith da Silva Moraes, ganhou o livro que se baseia o filme <em>Lula \u2013 O filho do Brasil<\/em><\/strong><\/span>.<\/p>\n<figure id=\"attachment_3359\" aria-describedby=\"caption-attachment-3359\" style=\"width: 398px\" class=\"wp-caption aligncenter\"><a href=\"http:\/\/projetocineb.com.br\/wp-content\/uploads\/2012\/06\/DSC_0794_01web.jpg\"><img loading=\"lazy\" decoding=\"async\" class=\"size-full wp-image-3359  \" title=\"\u201cMandaram um convite para minha casa e vim, sempre venho. Inclusive quero ir nas pr\u00f3ximas\u201d, comenta Judith.\" src=\"http:\/\/projetocineb.com.br\/wp-content\/uploads\/2012\/06\/DSC_0794_01web.jpg\" alt=\"\u201cMandaram um convite para minha casa e vim, sempre venho. Inclusive quero ir nas pr\u00f3ximas\u201d, comenta Judith.\" width=\"398\" height=\"432\" \/><\/a><figcaption id=\"caption-attachment-3359\" class=\"wp-caption-text\">\u201cMandaram um convite para minha casa e vim, sempre venho. Inclusive quero ir nas pr\u00f3ximas\u201d, comenta Judith Moraes.<\/figcaption><\/figure>\n<p>E aqui deixamos nosso agradecimento \u00e0s entidades que divulgaram esta exibi\u00e7\u00e3o: <span style=\"color: #ff6600;\"><strong>Projeto Social Ilha de Vera Cruz, Col\u00e9gio Santa Cruz, Escola Municial Dilermando Santos Dias, Projeto Social Nossa Turma e Igreja Nossa Senhora de Lourdes.<\/strong><\/span><\/p>\n<figure id=\"attachment_3362\" aria-describedby=\"caption-attachment-3362\" style=\"width: 432px\" class=\"wp-caption aligncenter\"><a href=\"http:\/\/projetocineb.com.br\/wp-content\/uploads\/2012\/06\/DSC_0803_01web.jpg\"><img loading=\"lazy\" decoding=\"async\" class=\"size-full wp-image-3362  \" title=\"Dilermando\" src=\"http:\/\/projetocineb.com.br\/wp-content\/uploads\/2012\/06\/DSC_0803_01web.jpg\" alt=\"Dilermando\" width=\"432\" height=\"306\" \/><\/a><figcaption id=\"caption-attachment-3362\" class=\"wp-caption-text\">Olha o pessoal da Escola Municial Dilermando Santos Dias<\/figcaption><\/figure>\n<figure id=\"attachment_3344\" aria-describedby=\"caption-attachment-3344\" style=\"width: 432px\" class=\"wp-caption aligncenter\"><a href=\"http:\/\/projetocineb.com.br\/wp-content\/uploads\/2012\/06\/DSC_0810_01web.jpg\"><img loading=\"lazy\" decoding=\"async\" class=\"size-full wp-image-3344  \" title=\"Os volunt\u00e1rios do Ilha de Vera Cruz\" src=\"http:\/\/projetocineb.com.br\/wp-content\/uploads\/2012\/06\/DSC_0810_01web.jpg\" alt=\"Os volunt\u00e1rios do Ilha de Vera Cruz\" width=\"432\" height=\"322\" \/><\/a><figcaption id=\"caption-attachment-3344\" class=\"wp-caption-text\">Os volunt\u00e1rios do Ilha de Vera Cruz<\/figcaption><\/figure>\n<figure id=\"attachment_3361\" aria-describedby=\"caption-attachment-3361\" style=\"width: 432px\" class=\"wp-caption aligncenter\"><a href=\"http:\/\/projetocineb.com.br\/wp-content\/uploads\/2012\/06\/DSC_0801_01web.jpg\"><img loading=\"lazy\" decoding=\"async\" class=\"size-full wp-image-3361  \" title=\"Do Col\u00e9gio Santa Cruz veio bastante gente! Alunos nota 1000!\" src=\"http:\/\/projetocineb.com.br\/wp-content\/uploads\/2012\/06\/DSC_0801_01web.jpg\" alt=\"Do Col\u00e9gio Santa Cruz veio bastante gente! Alunos nota 1000!\" width=\"432\" height=\"302\" \/><\/a><figcaption id=\"caption-attachment-3361\" class=\"wp-caption-text\">Do Col\u00e9gio Santa Cruz veio bastante gente! Alunos nota 1000!<\/figcaption><\/figure>\n<figure id=\"attachment_3360\" aria-describedby=\"caption-attachment-3360\" style=\"width: 432px\" class=\"wp-caption aligncenter\"><a href=\"http:\/\/projetocineb.com.br\/wp-content\/uploads\/2012\/06\/DSC_0796_01web.jpg\"><img loading=\"lazy\" decoding=\"async\" class=\"size-full wp-image-3360  \" title=\"E todos os sortudos desta noite que levaram para casa camisetas do CINEB!\" src=\"http:\/\/projetocineb.com.br\/wp-content\/uploads\/2012\/06\/DSC_0796_01web.jpg\" alt=\"E todos os sortudos desta noite que levaram para casa camisetas do CINEB!\" width=\"432\" height=\"275\" \/><\/a><figcaption id=\"caption-attachment-3360\" class=\"wp-caption-text\">E todos os sortudos desta noite que levaram para casa camisetas do CINEB!<\/figcaption><\/figure>\n","protected":false},"excerpt":{"rendered":"<p>Mais uma exibi\u00e7\u00e3o de sucesso na quadra poliesportiva do Projeto Social Ilha de Vera Cruz, no bairro de Vila Leopoldina,[&#8230;]<\/p>\n","protected":false},"author":2,"featured_media":0,"comment_status":"open","ping_status":"open","sticky":false,"template":"","format":"standard","meta":[],"categories":[2],"tags":[154,242,263,266,637,760,766,1010,1103,1132,1250],"_links":{"self":[{"href":"https:\/\/projetocineb.com.br\/index.php?rest_route=\/wp\/v2\/posts\/3343"}],"collection":[{"href":"https:\/\/projetocineb.com.br\/index.php?rest_route=\/wp\/v2\/posts"}],"about":[{"href":"https:\/\/projetocineb.com.br\/index.php?rest_route=\/wp\/v2\/types\/post"}],"author":[{"embeddable":true,"href":"https:\/\/projetocineb.com.br\/index.php?rest_route=\/wp\/v2\/users\/2"}],"replies":[{"embeddable":true,"href":"https:\/\/projetocineb.com.br\/index.php?rest_route=%2Fwp%2Fv2%2Fcomments&post=3343"}],"version-history":[{"count":0,"href":"https:\/\/projetocineb.com.br\/index.php?rest_route=\/wp\/v2\/posts\/3343\/revisions"}],"wp:attachment":[{"href":"https:\/\/projetocineb.com.br\/index.php?rest_route=%2Fwp%2Fv2%2Fmedia&parent=3343"}],"wp:term":[{"taxonomy":"category","embeddable":true,"href":"https:\/\/projetocineb.com.br\/index.php?rest_route=%2Fwp%2Fv2%2Fcategories&post=3343"},{"taxonomy":"post_tag","embeddable":true,"href":"https:\/\/projetocineb.com.br\/index.php?rest_route=%2Fwp%2Fv2%2Ftags&post=3343"}],"curies":[{"name":"wp","href":"https:\/\/api.w.org\/{rel}","templated":true}]}}