{"id":3369,"date":"2012-06-15T14:18:43","date_gmt":"2012-06-15T17:18:43","guid":{"rendered":"http:\/\/projetocineb.com.br\/?p=3369"},"modified":"2012-06-15T14:18:43","modified_gmt":"2012-06-15T17:18:43","slug":"fim-de-semana-cineb-3","status":"publish","type":"post","link":"https:\/\/projetocineb.com.br\/?p=3369","title":{"rendered":"FIM DE SEMANA CINEB"},"content":{"rendered":"<p>Que tal uma cinema na faixa este fim de semana? <strong><span style=\"color: #008000;\">Se voc\u00ea \u00e9 da zona leste, hoje e amanh\u00e3 ter\u00e1 a chance de conferir <em>Lula &#8211; O filho do Brasil<\/em> com a gente!<\/span><\/strong><\/p>\n<p>Hoje estaremos em Vila Rica e amanh\u00e3 em Itaim Paulista.<\/p>\n<figure id=\"attachment_3371\" aria-describedby=\"caption-attachment-3371\" style=\"width: 429px\" class=\"wp-caption aligncenter\"><a href=\"http:\/\/projetocineb.com.br\/wp-content\/uploads\/2012\/06\/panfleto_VILA-RICA-1.jpg\"><img fetchpriority=\"high\" decoding=\"async\" class=\"size-full wp-image-3371 \" title=\"Mais informa\u00e7\u00f5es com Bia Moreno: 9697 3086 ou 8495 6206\" src=\"http:\/\/projetocineb.com.br\/wp-content\/uploads\/2012\/06\/panfleto_VILA-RICA-1.jpg\" alt=\"Mais informa\u00e7\u00f5es com Bia Moreno: 9697 3086 ou 8495 6206\" width=\"429\" height=\"290\" \/><\/a><figcaption id=\"caption-attachment-3371\" class=\"wp-caption-text\">Mais informa\u00e7\u00f5es com Bia Moreno: 9697 3086 ou 8495 6206<\/figcaption><\/figure>\n<figure id=\"attachment_3370\" aria-describedby=\"caption-attachment-3370\" style=\"width: 429px\" class=\"wp-caption aligncenter\"><a href=\"http:\/\/projetocineb.com.br\/wp-content\/uploads\/2012\/06\/panfleto_ITAIM-1.jpg\"><img decoding=\"async\" class=\"size-full wp-image-3370 \" title=\"O local desta exibi\u00e7\u00e3o foi alterado. Ser\u00e1 na frente da Escola Pedro Brasil Bandecchi, na\" src=\"http:\/\/projetocineb.com.br\/wp-content\/uploads\/2012\/06\/panfleto_ITAIM-1.jpg\" alt=\"O local desta exibi\u00e7\u00e3o foi alterado. Ser\u00e1 na frente da Escola Pedro Brasil Bandecchi, na\" width=\"429\" height=\"290\" \/><\/a><figcaption id=\"caption-attachment-3370\" class=\"wp-caption-text\">O LOCAL DESTA EXIBI\u00c7\u00c3O FOI ALTERADO. Ser\u00e1 na frente da Escola Pedro Brasil Bandecchi, na Quadra da Comunidade do Jardim N\u00e9lia: RUA LIND\u00c1RIA, 261. Mais informa\u00e7\u00f5es: com Edmilson 9944-3542 ou 5485-7353<\/figcaption><\/figure>\n<p>Deixe a pregui\u00e7a de lado e vem relaxar com um cineminha brasileiro nota mil!<\/p>\n","protected":false},"excerpt":{"rendered":"<p>Que tal uma cinema na faixa este fim de semana? Se voc\u00ea \u00e9 da zona leste, hoje e amanh\u00e3 ter\u00e1[&#8230;]<\/p>\n","protected":false},"author":2,"featured_media":0,"comment_status":"open","ping_status":"open","sticky":false,"template":"","format":"standard","meta":[],"categories":[7],"tags":[152,154,242,263,266,1132,1247],"_links":{"self":[{"href":"https:\/\/projetocineb.com.br\/index.php?rest_route=\/wp\/v2\/posts\/3369"}],"collection":[{"href":"https:\/\/projetocineb.com.br\/index.php?rest_route=\/wp\/v2\/posts"}],"about":[{"href":"https:\/\/projetocineb.com.br\/index.php?rest_route=\/wp\/v2\/types\/post"}],"author":[{"embeddable":true,"href":"https:\/\/projetocineb.com.br\/index.php?rest_route=\/wp\/v2\/users\/2"}],"replies":[{"embeddable":true,"href":"https:\/\/projetocineb.com.br\/index.php?rest_route=%2Fwp%2Fv2%2Fcomments&post=3369"}],"version-history":[{"count":0,"href":"https:\/\/projetocineb.com.br\/index.php?rest_route=\/wp\/v2\/posts\/3369\/revisions"}],"wp:attachment":[{"href":"https:\/\/projetocineb.com.br\/index.php?rest_route=%2Fwp%2Fv2%2Fmedia&parent=3369"}],"wp:term":[{"taxonomy":"category","embeddable":true,"href":"https:\/\/projetocineb.com.br\/index.php?rest_route=%2Fwp%2Fv2%2Fcategories&post=3369"},{"taxonomy":"post_tag","embeddable":true,"href":"https:\/\/projetocineb.com.br\/index.php?rest_route=%2Fwp%2Fv2%2Ftags&post=3369"}],"curies":[{"name":"wp","href":"https:\/\/api.w.org\/{rel}","templated":true}]}}