{"id":3378,"date":"2012-06-16T15:58:58","date_gmt":"2012-06-16T18:58:58","guid":{"rendered":"http:\/\/projetocineb.com.br\/?p=3378"},"modified":"2012-06-16T15:58:58","modified_gmt":"2012-06-16T18:58:58","slug":"vila-rica-5","status":"publish","type":"post","link":"https:\/\/projetocineb.com.br\/?p=3378","title":{"rendered":"VILA RICA"},"content":{"rendered":"<p>Definitivamente, uma das comunidades que mais participam do CINEB. N\u00e3o \u00e9 \u00e0 toa que <span style=\"color: #008000;\"><strong>marcamos a 7\u00aa sess\u00e3o em Vila Rica, desta vez exibindo <em>Lula \u2013 O filho do Brasil<\/em>, de Fabio Barreto<\/strong><\/span><span style=\"color: #008000;\"><strong>. A presidente do Sindicato dos Banc\u00e1rios de S\u00e3o Paulo, Osasco e Regi\u00e3o, Juvandia Moreira, esteve presente e participou do encerramento deste CINEB!<\/strong><\/span><\/p>\n<figure id=\"attachment_3383\" aria-describedby=\"caption-attachment-3383\" style=\"width: 384px\" class=\"wp-caption aligncenter\"><a href=\"http:\/\/projetocineb.com.br\/wp-content\/uploads\/2012\/06\/DSC_0852_01web.jpg\"><img fetchpriority=\"high\" decoding=\"async\" class=\"size-full wp-image-3383  \" title=\"Sempre cheia a Associa\u00e7\u00e3o de Amigos de Vila Rica, zona leste de S\u00e3o Paulo\" src=\"http:\/\/projetocineb.com.br\/wp-content\/uploads\/2012\/06\/DSC_0852_01web.jpg\" alt=\"Sempre cheia a Associa\u00e7\u00e3o de Amigos de Vila Rica, zona leste de S\u00e3o Paulo\" width=\"384\" height=\"254\" \/><\/a><figcaption id=\"caption-attachment-3383\" class=\"wp-caption-text\">Sempre cheia a Associa\u00e7\u00e3o de Amigos de Vila Rica, zona leste de S\u00e3o Paulo<\/figcaption><\/figure>\n<figure id=\"attachment_3385\" aria-describedby=\"caption-attachment-3385\" style=\"width: 384px\" class=\"wp-caption aligncenter\"><a href=\"http:\/\/projetocineb.com.br\/wp-content\/uploads\/2012\/06\/DSC_0901_01web.jpg\"><img decoding=\"async\" class=\"size-full wp-image-3385  \" title=\"&quot;Morei durante 11 anos aqui na zona leste, ent\u00e3o poder compartilhar este projeto com voc\u00eas, neste espa\u00e7o t\u00e3o bonito, \u00e9 muito gratificante. Nosso objetivo \u00e9 trazer cada vez mais o CINEB para esta regi\u00e3o, porque ele oferece cultura gratuita aos moradores&quot;, disse a presidenta do Sindicato dos Banc\u00e1rios de S\u00e3o Paulo, Osasco e Regi\u00e3o, Juvandia Moreira. Ao seu lado, o coordenador do CINEB, Cid\u00e1lio Vieira Santos.\" src=\"http:\/\/projetocineb.com.br\/wp-content\/uploads\/2012\/06\/DSC_0901_01web.jpg\" alt=\"&quot;Morei durante 11 anos aqui na zona leste, ent\u00e3o poder compartilhar este projeto com voc\u00eas, neste espa\u00e7o t\u00e3o bonito, \u00e9 muito gratificante. Nosso objetivo \u00e9 trazer cada vez mais o CINEB para esta regi\u00e3o, porque ele oferece cultura gratuita aos moradores&quot;, disse a presidenta do Sindicato dos Banc\u00e1rios de S\u00e3o Paulo, Osasco e Regi\u00e3o, Juvandia Moreira. Ao seu lado, o coordenador do CINEB, Cid\u00e1lio Vieira Santos.\" width=\"384\" height=\"265\" \/><\/a><figcaption id=\"caption-attachment-3385\" class=\"wp-caption-text\">&quot;Morei durante 11 anos aqui na zona leste, ent\u00e3o poder compartilhar este projeto com voc\u00eas, neste espa\u00e7o t\u00e3o bonito, \u00e9 muito gratificante. Nosso objetivo \u00e9 trazer cada vez mais o CINEB para esta regi\u00e3o, porque ele oferece cultura gratuita aos moradores&quot;, disse a presidenta do Sindicato dos Banc\u00e1rios de S\u00e3o Paulo, Osasco e Regi\u00e3o, Juvandia Moreira. Ao seu lado, o coordenador do CINEB, Cid\u00e1lio Vieira Santos.<\/figcaption><\/figure>\n<p>Os moradores buscam constantemente mais alternativas de cultura e lazer no bairro e, a Associa\u00e7\u00e3o, ao contr\u00e1rio do governo municipal, luta para melhorar esse quadro oferecendo diversos cursos e atividades no local. O CINEB \u00e9 praticamente um evento oficial do calend\u00e1rio desta comunidade!<\/p>\n<p>Por isso, a maioria das pessoas que prestigiam as sess\u00f5es j\u00e1 s\u00e3o rostos conhecidos pela equipe do CINEB. Mas sempre tem uns espectadores de primeira viagem.\u00a0O morador Lenildo de Carvalho Melo j\u00e1 foi com toda sua fam\u00edlia ao cinema, mas nunca tinha vindo a um CINEB. Falta de tempo \u00e9 duro e ataca todo mundo que vive em S\u00e3o Paulo&#8230;<\/p>\n<figure id=\"attachment_3380\" aria-describedby=\"caption-attachment-3380\" style=\"width: 384px\" class=\"wp-caption aligncenter\"><a href=\"http:\/\/projetocineb.com.br\/wp-content\/uploads\/2012\/06\/DSC_0844_01web.jpg\"><img decoding=\"async\" class=\"size-full wp-image-3380  \" title=\"Pela primeira vez no CINEB, Lenildo Torres da Silva, Vera Lucia da Cruz Melo e Jo\u00e3o Pedro Melo, de 9 anos\" src=\"http:\/\/projetocineb.com.br\/wp-content\/uploads\/2012\/06\/DSC_0844_01web.jpg\" alt=\"Pela primeira vez no CINEB, Lenildo Torres da Silva, Vera Lucia da Cruz Melo e Jo\u00e3o Pedro Melo, de 9 anos\" width=\"384\" height=\"257\" \/><\/a><figcaption id=\"caption-attachment-3380\" class=\"wp-caption-text\">\u201cUum pouco de cultura pro povo sempre \u00e9 bom\u201d, comenta Lenildo Torres da Silva, com sua esposa Vera Lucia da Cruz Melo e o filho Jo\u00e3o Pedro Melo, de 9 anos<\/figcaption><\/figure>\n<p>O aluno do curso de alfabetiza\u00e7\u00e3o de jovens e adultos da EMEF Roquete Pinto, Marcelo Tavares da Silva veio pela primeira vez no CINEB. E tamb\u00e9m foi a primeira vez que assistiu a um filme na grande tela.<span style=\"color: #008000;\"><strong> \u201cN\u00e3o tenho o h\u00e1bito de ir, nunca me motivei para assistir um filme no cinema\u201d, diz Marcelo.<\/strong><\/span><\/p>\n<figure id=\"attachment_3386\" aria-describedby=\"caption-attachment-3386\" style=\"width: 286px\" class=\"wp-caption aligncenter\"><a href=\"http:\/\/projetocineb.com.br\/wp-content\/uploads\/2012\/06\/DSC_0911_01web.jpg\"><img loading=\"lazy\" decoding=\"async\" class=\"size-full wp-image-3386  \" title=\"Pela primeira vez no cinema, Marcelo Tavares da Silva, aluno do curso de alfabetiza\u00e7\u00e3o de jovens e adultos da EMEF Roquete Pinto\" src=\"http:\/\/projetocineb.com.br\/wp-content\/uploads\/2012\/06\/DSC_0911_01web.jpg\" alt=\"Pela primeira vez no cinema, Marcelo Tavares da Silva, aluno do curso de alfabetiza\u00e7\u00e3o de jovens e adultos da EMEF Roquete PintoPela primeira vez no cinema, Marcelo Tavares da Silva, aluno do curso de alfabetiza\u00e7\u00e3o de jovens e adultos da EMEF Roquete Pinto\" width=\"286\" height=\"384\" \/><\/a><figcaption id=\"caption-attachment-3386\" class=\"wp-caption-text\">Pela primeira vez no cinema, Marcelo Tavares da Silva, aluno do curso de alfabetiza\u00e7\u00e3o de jovens e adultos da EMEF Roquete Pinto<\/figcaption><\/figure>\n<p>\u201cGostei muito do clima de cinema, principalmente que aqui a gente fica mais relaxado do que em casa, onde tem sempre algu\u00e9m interrompendo e tirando a aten\u00e7\u00e3o durante o filme\u201d, explica Marcelo.<\/p>\n<figure id=\"attachment_3387\" aria-describedby=\"caption-attachment-3387\" style=\"width: 384px\" class=\"wp-caption aligncenter\"><a href=\"http:\/\/projetocineb.com.br\/wp-content\/uploads\/2012\/06\/DSC_0913_01web.jpg\"><img loading=\"lazy\" decoding=\"async\" class=\"size-full wp-image-3387  \" title=\"Marcelo e seus amigos j\u00e1 est\u00e3o combinando um cineminha para os pr\u00f3ximos dias!\" src=\"http:\/\/projetocineb.com.br\/wp-content\/uploads\/2012\/06\/DSC_0913_01web.jpg\" alt=\"Marcelo e seus amigos j\u00e1 est\u00e3o combinando um cineminha para os pr\u00f3ximos dias!\" width=\"384\" height=\"328\" \/><\/a><figcaption id=\"caption-attachment-3387\" class=\"wp-caption-text\">Marcelo e seus amigos j\u00e1 est\u00e3o combinando um cineminha para os pr\u00f3ximos dias!<\/figcaption><\/figure>\n<p>Dona Olinda e dona Josefa s\u00e3o praticamente espectadoras com cadeira cativa nas sess\u00f5es de Vila Rica. \u00c9 sempre bom ver os rostos conhecidos, rever a galera que prestigia totalmente o cinema brasileiro.<\/p>\n<figure id=\"attachment_3381\" aria-describedby=\"caption-attachment-3381\" style=\"width: 278px\" class=\"wp-caption aligncenter\"><a href=\"http:\/\/projetocineb.com.br\/wp-content\/uploads\/2012\/06\/DSC_0845_01web.jpg\"><img loading=\"lazy\" decoding=\"async\" class=\"size-full wp-image-3381  \" title=\"Dona Josefa Torres da Silva e dona Olinda n\u00e3o perderam tempo com a pipoca do CINEB e o refrigerante oferecido pela Associa\u00e7\u00e3o\" src=\"http:\/\/projetocineb.com.br\/wp-content\/uploads\/2012\/06\/DSC_0845_01web.jpg\" alt=\"Dona Josefa Torres da Silva e dona Olinda n\u00e3o perderam tempo com a pipoca do CINEB e o refrigerante oferecido pela Associa\u00e7\u00e3o\" width=\"278\" height=\"384\" \/><\/a><figcaption id=\"caption-attachment-3381\" class=\"wp-caption-text\">Dona Josefa Torres da Silva e dona Olinda n\u00e3o perderam tempo com a pipoca do CINEB e o refrigerante oferecido pela Associa\u00e7\u00e3o<\/figcaption><\/figure>\n<p>Ali\u00e1s, a presidente da Associa\u00e7\u00e3o, Bia Moreno, na abertura da sess\u00e3o, deu voz a toda nossa equipe e soltou os agradecimentos especiais a todos que sempre ajudam a lotar a sala de cinema do CINEB.<\/p>\n<figure id=\"attachment_3399\" aria-describedby=\"caption-attachment-3399\" style=\"width: 384px\" class=\"wp-caption aligncenter\"><a href=\"http:\/\/projetocineb.com.br\/wp-content\/uploads\/2012\/06\/DSC_0877_01web.jpg\"><img loading=\"lazy\" decoding=\"async\" class=\"size-full wp-image-3399  \" title=\"Bia Moreno, ao lado de Cid\u00e1lio Vieira, na abertura da exibi\u00e7\u00e3o\" src=\"http:\/\/projetocineb.com.br\/wp-content\/uploads\/2012\/06\/DSC_0877_01web.jpg\" alt=\"Bia Moreno, ao lado de Cid\u00e1lio Vieira, na abertura da exibi\u00e7\u00e3o\" width=\"384\" height=\"328\" \/><\/a><figcaption id=\"caption-attachment-3399\" class=\"wp-caption-text\">Bia Moreno, ao lado de Cid\u00e1lio Vieira, na abertura da exibi\u00e7\u00e3o<\/figcaption><\/figure>\n<p>\u201cSou muito grata a todos, em especial ao Sr. Gentil, que era o presidente aqui e foi quem me mostrou o significado e import\u00e2ncia de uma associa\u00e7\u00e3o de bairro\u201d, diz Bia Moreno.<\/p>\n<figure id=\"attachment_3384\" aria-describedby=\"caption-attachment-3384\" style=\"width: 407px\" class=\"wp-caption aligncenter\"><a href=\"http:\/\/projetocineb.com.br\/wp-content\/uploads\/2012\/06\/DSC_0885_01web.jpg\"><img loading=\"lazy\" decoding=\"async\" class=\"size-full wp-image-3384     \" title=\"Dona Ditinha, esposa do Sr. Gentil, estava presente e recebeu o agradecimento por este falecido, mas nunca esquecido senhor que fazia juz ao seu nome!\" src=\"http:\/\/projetocineb.com.br\/wp-content\/uploads\/2012\/06\/DSC_0885_01web.jpg\" alt=\"Dona Ditinha, esposa do Sr. Gentil, estava presente e recebeu o agradecimento por este falecido, mas nunca esquecido senhor que fazia juz ao seu nome!\" width=\"407\" height=\"361\" \/><\/a><figcaption id=\"caption-attachment-3384\" class=\"wp-caption-text\">Dona Ditinha, esposa do Sr. Gentil, estava presente e recebeu o agradecimento por este falecido, mas nunca esquecido senhor que fazia juz ao seu nome!<\/figcaption><\/figure>\n<p><span style=\"color: #008000;\"><strong>E aqui vai nosso especial agradecimento aos diretores da Associa\u00e7\u00e3o de Amigos de Vila Rica, aos professores do EMEF Roquete Pinto (Emerson, Zuleica, Eliana), Cris do bairro Santo Eduardo (que sempre traz um grupinho de vizinhos para o CINEB), Professor Ti\u00e3o, pessoal da Igreja S\u00e3o Jo\u00e3o Batista, Capela Jo\u00e3o XXIII, Professor Matias (morador do 4<sup>o<\/sup> Centen\u00e1rio) e as sempre presentes participantes do grupo 3<sup>a<\/sup> Idade do Bem.<\/strong><\/span><\/p>\n<figure id=\"attachment_3389\" aria-describedby=\"caption-attachment-3389\" style=\"width: 384px\" class=\"wp-caption aligncenter\"><a href=\"http:\/\/projetocineb.com.br\/wp-content\/uploads\/2012\/06\/DSC_0923_01web.jpg\"><img loading=\"lazy\" decoding=\"async\" class=\"size-full wp-image-3389  \" title=\"Cid\u00e1lio e Juvandia fazem o sorteio de camisetas do CINEB, no final da exibi\u00e7\u00e3o\" src=\"http:\/\/projetocineb.com.br\/wp-content\/uploads\/2012\/06\/DSC_0923_01web.jpg\" alt=\"Cid\u00e1lio e Juvandia fazem o sorteio de camisetas do CINEB, no final da exibi\u00e7\u00e3o\" width=\"384\" height=\"306\" \/><\/a><figcaption id=\"caption-attachment-3389\" class=\"wp-caption-text\">Cid\u00e1lio e Juvandia fazem o sorteio de camisetas do CINEB, no final da exibi\u00e7\u00e3o<\/figcaption><\/figure>\n<figure id=\"attachment_3388\" aria-describedby=\"caption-attachment-3388\" style=\"width: 384px\" class=\"wp-caption aligncenter\"><a href=\"http:\/\/projetocineb.com.br\/wp-content\/uploads\/2012\/06\/DSC_0916_01web.jpg\"><img loading=\"lazy\" decoding=\"async\" class=\"size-full wp-image-3388  \" title=\"As crian\u00e7as que ganharam camisetas no sorteio do CINEB, com a presidenta do Sindicato dos Banc\u00e1rios de SP, Juvandia Moreira e o coordenador do CINEB, Cid\u00e1lio Vieira\" src=\"http:\/\/projetocineb.com.br\/wp-content\/uploads\/2012\/06\/DSC_0916_01web.jpg\" alt=\"As crian\u00e7as que ganharam camisetas no sorteio do CINEB, com a presidenta do Sindicato dos Banc\u00e1rios de SP, Juvandia Moreira e o coordenador do CINEB, Cid\u00e1lio Vieira\" width=\"384\" height=\"279\" \/><\/a><figcaption id=\"caption-attachment-3388\" class=\"wp-caption-text\">As crian\u00e7as que ganharam camisetas no sorteio do CINEB, com a presidenta do Sindicato dos Banc\u00e1rios de SP, Juvandia Moreira, a presidente da Associa\u00e7\u00e3o, Bia Moreno e o coordenador do CINEB, Cid\u00e1lio Vieira<\/figcaption><\/figure>\n<figure id=\"attachment_3391\" aria-describedby=\"caption-attachment-3391\" style=\"width: 384px\" class=\"wp-caption aligncenter\"><a href=\"http:\/\/projetocineb.com.br\/wp-content\/uploads\/2012\/06\/DSC_0942_01web.jpg\"><img loading=\"lazy\" decoding=\"async\" class=\"size-full wp-image-3391  \" title=\"Todos os sortudos que ganharam camisetas do projeto do CINEB\" src=\"http:\/\/projetocineb.com.br\/wp-content\/uploads\/2012\/06\/DSC_0942_01web.jpg\" alt=\"Todos os sortudos que ganharam camisetas do projeto do CINEB\" width=\"384\" height=\"242\" \/><\/a><figcaption id=\"caption-attachment-3391\" class=\"wp-caption-text\">Todos os sortudos que ganharam camisetas do projeto do CINEB<\/figcaption><\/figure>\n<p>E que venha o pr\u00f3ximo semestre pra mais CINEB em Vila Rica!<\/p>\n","protected":false},"excerpt":{"rendered":"<p>Definitivamente, uma das comunidades que mais participam do CINEB. N\u00e3o \u00e9 \u00e0 toa que marcamos a 7\u00aa sess\u00e3o em Vila[&#8230;]<\/p>\n","protected":false},"author":2,"featured_media":0,"comment_status":"open","ping_status":"open","sticky":false,"template":"","format":"standard","meta":[],"categories":[2],"tags":[108,154,242,263,266,718,764,1132,1229,1247],"_links":{"self":[{"href":"https:\/\/projetocineb.com.br\/index.php?rest_route=\/wp\/v2\/posts\/3378"}],"collection":[{"href":"https:\/\/projetocineb.com.br\/index.php?rest_route=\/wp\/v2\/posts"}],"about":[{"href":"https:\/\/projetocineb.com.br\/index.php?rest_route=\/wp\/v2\/types\/post"}],"author":[{"embeddable":true,"href":"https:\/\/projetocineb.com.br\/index.php?rest_route=\/wp\/v2\/users\/2"}],"replies":[{"embeddable":true,"href":"https:\/\/projetocineb.com.br\/index.php?rest_route=%2Fwp%2Fv2%2Fcomments&post=3378"}],"version-history":[{"count":0,"href":"https:\/\/projetocineb.com.br\/index.php?rest_route=\/wp\/v2\/posts\/3378\/revisions"}],"wp:attachment":[{"href":"https:\/\/projetocineb.com.br\/index.php?rest_route=%2Fwp%2Fv2%2Fmedia&parent=3378"}],"wp:term":[{"taxonomy":"category","embeddable":true,"href":"https:\/\/projetocineb.com.br\/index.php?rest_route=%2Fwp%2Fv2%2Fcategories&post=3378"},{"taxonomy":"post_tag","embeddable":true,"href":"https:\/\/projetocineb.com.br\/index.php?rest_route=%2Fwp%2Fv2%2Ftags&post=3378"}],"curies":[{"name":"wp","href":"https:\/\/api.w.org\/{rel}","templated":true}]}}