{"id":3404,"date":"2012-06-18T11:18:03","date_gmt":"2012-06-18T14:18:03","guid":{"rendered":"http:\/\/projetocineb.com.br\/?p=3404"},"modified":"2012-06-18T11:18:03","modified_gmt":"2012-06-18T14:18:03","slug":"jardim-nelia","status":"publish","type":"post","link":"https:\/\/projetocineb.com.br\/?p=3404","title":{"rendered":"JARDIM N\u00c9LIA"},"content":{"rendered":"<p>Pela primeira vez o CINEB armou seu tel\u00e3o na quadra da comunidade do Jardim N\u00e9lia, Itaim Paulista, zona leste de S\u00e3o Paulo. Nesta exibi\u00e7\u00e3o, alguns espectadores presentes nunca tinham assistido um filme na grande tela!<\/p>\n<figure id=\"attachment_3412\" aria-describedby=\"caption-attachment-3412\" style=\"width: 384px\" class=\"wp-caption aligncenter\"><a href=\"http:\/\/projetocineb.com.br\/wp-content\/uploads\/2012\/06\/DSC_0991_01web.jpg\"><img fetchpriority=\"high\" decoding=\"async\" class=\"size-full wp-image-3412  \" title=\"CINEB na quadra da comunidade de Itaim Paulista\" src=\"http:\/\/projetocineb.com.br\/wp-content\/uploads\/2012\/06\/DSC_0991_01web.jpg\" alt=\"CINEB na quadra da comunidade de Itaim Paulista\" width=\"384\" height=\"254\" \/><\/a><figcaption id=\"caption-attachment-3412\" class=\"wp-caption-text\">CINEB na quadra da comunidade de Itaim Paulista.<\/figcaption><\/figure>\n<p>A moradora Nilda Nunes foi acompanhada com seu marido e a vizinha nesta exibi\u00e7\u00e3o. Ela contou que nunca foi ao cinema por falta de companhia. \u201cA\u00ed acabo n\u00e3o indo, porque ir sozinha eu n\u00e3o quero\u201d, explica Nilda.<\/p>\n<p>O marido dela, Werton Cardoso Gomes, est\u00e1 sempre trabalhando. \u201cInclusive hoje dei sorte que ia ter uma reuni\u00e3o dos meus chefes ent\u00e3o fui dispensado mais cedo; normalmente trabalho muito e falta vontade de sair pro cinema\u201d, conta Werton.<\/p>\n<figure id=\"attachment_3409\" aria-describedby=\"caption-attachment-3409\" style=\"width: 384px\" class=\"wp-caption aligncenter\"><a href=\"http:\/\/projetocineb.com.br\/wp-content\/uploads\/2012\/06\/DSC_0976_01web.jpg\"><img decoding=\"async\" class=\"size-full wp-image-3409  \" title=\"Werton Cardoso Gomes, Nilda Nunes, dona Maria do Carmo Santos Bonfim e Miriam dos Santos Bonfim\" src=\"http:\/\/projetocineb.com.br\/wp-content\/uploads\/2012\/06\/DSC_0976_01web.jpg\" alt=\"Werton Cardoso Gomes, Nilda Nunes, dona Maria do Carmo Santos Bonfim e Miriam dos Santos Bonfim\" width=\"384\" height=\"259\" \/><\/a><figcaption id=\"caption-attachment-3409\" class=\"wp-caption-text\">Werton Cardoso Gomes, Nilda Nunes, dona Maria do Carmo Santos Bonfim e Miriam dos Santos Bonfim.<\/figcaption><\/figure>\n<figure id=\"attachment_3410\" aria-describedby=\"caption-attachment-3410\" style=\"width: 384px\" class=\"wp-caption aligncenter\"><a href=\"http:\/\/projetocineb.com.br\/wp-content\/uploads\/2012\/06\/DSC_0977_01web.jpg\"><img decoding=\"async\" class=\"size-full wp-image-3410  \" title=\"Miriam tamb\u00e9m quis uma foto com os filhos Alisson e Mylena dos Santos Rodrigues e a vizinha, Maria do Carmo\" src=\"http:\/\/projetocineb.com.br\/wp-content\/uploads\/2012\/06\/DSC_0977_01web.jpg\" alt=\"Miriam tamb\u00e9m quis uma foto com os filhos Alisson e Mylena dos Santos Rodrigues e a vizinha, Maria do Carmo\" width=\"384\" height=\"330\" \/><\/a><figcaption id=\"caption-attachment-3410\" class=\"wp-caption-text\">Miriam tamb\u00e9m quis uma foto com os filhos Alisson e Mylena dos Santos Rodrigues e a vizinha, Maria do Carmo.<\/figcaption><\/figure>\n<p>E bota vontade nisso. O cinema mais pr\u00f3ximo fica a 8km, na regi\u00e3o do Hospital Santa Marcelina, dentro de um hipermercado. Para chegar l\u00e1 \u00e9 preciso passar um bom tempo dentro do \u00f4nibus.<\/p>\n<p><span style=\"color: #008000;\"><strong>\u201cAl\u00e9m de pagar a condu\u00e7\u00e3o, ainda tem o ingresso que \u00e9 caro, a\u00ed fica dif\u00edcil\u201d, diz a moradora Maria Aparecida Dias de Oliveira, que tamb\u00e9m marcou neste CINEB sua primeira experi\u00eancia de assistir a um filme na tela grande.<\/strong><\/span><\/p>\n<figure id=\"attachment_3415\" aria-describedby=\"caption-attachment-3415\" style=\"width: 384px\" class=\"wp-caption aligncenter\"><a href=\"http:\/\/projetocineb.com.br\/wp-content\/uploads\/2012\/06\/DSC_0998_01web.jpg\"><img loading=\"lazy\" decoding=\"async\" class=\"size-full wp-image-3415  \" title=\"\u201cValeu a pena vir aqui, gostei muito porque \u00e9 uma boa atividade para as nossas crian\u00e7as. Precisa ter mais vezes, porque aqui todo mundo quer participar de coisas bonitas assim\u201d, comenta Maria Aparecida.\" src=\"http:\/\/projetocineb.com.br\/wp-content\/uploads\/2012\/06\/DSC_0998_01web.jpg\" alt=\"\u201cValeu a pena vir aqui, gostei muito porque \u00e9 uma boa atividade para as nossas crian\u00e7as. Precisa ter mais vezes, porque aqui todo mundo quer participar de coisas bonitas assim\u201d, comenta Maria Aparecida.\" width=\"384\" height=\"314\" \/><\/a><figcaption id=\"caption-attachment-3415\" class=\"wp-caption-text\">\u201cValeu a pena vir aqui, gostei muito porque \u00e9 uma boa atividade para as nossas crian\u00e7as. Precisa ter mais vezes, porque aqui todo mundo quer participar de coisas bonitas assim\u201d, comenta Maria Aparecida.<\/figcaption><\/figure>\n<p><span style=\"color: #008000;\"><strong>O Jardim N\u00e9lia \u00e9 um bocado longe do centro de S\u00e3o Paulo, aproximadamente 40km. Uma dist\u00e2ncia que muitos moradores t\u00eam que ignorar, subir no \u00f4nibus e passar 2 horas e 30 minutos para chegar no trabalho. E o pior \u00e9 que, assim como in\u00fameros outros bairros da capital, faltam alternativas de lazer e cultura.<\/strong><\/span><\/p>\n<figure id=\"attachment_3411\" aria-describedby=\"caption-attachment-3411\" style=\"width: 384px\" class=\"wp-caption aligncenter\"><a href=\"http:\/\/projetocineb.com.br\/wp-content\/uploads\/2012\/06\/DSC_0988_01web.jpg\"><img loading=\"lazy\" decoding=\"async\" class=\"size-full wp-image-3411   \" title=\"Na abertura da exibi\u00e7\u00e3o, Wolverine ao microfone, ao lado do coordenador do CINEB, Cid\u00e1lio Vieira Santos e da assessora do vereador Chico Macena, Professora Sandra \" src=\"http:\/\/projetocineb.com.br\/wp-content\/uploads\/2012\/06\/DSC_0988_01web.jpg\" alt=\"Na abertura da exibi\u00e7\u00e3o, Wolverine ao microfone, ao lado do coordenador do CINEB, Cid\u00e1lio Vieira Santos e da assessora do vereador Chico Macena, Professora Sandra\" width=\"384\" height=\"273\" \/><\/a><figcaption id=\"caption-attachment-3411\" class=\"wp-caption-text\">Na abertura da exibi\u00e7\u00e3o, Wolverine ao microfone, ao lado do coordenador do CINEB, Cid\u00e1lio Vieira Santos e da assessora do vereador Chico Macena, Professora Sandra Aparecida Martins Ferreira.<\/figcaption><\/figure>\n<p>Por isso, Everton Freire N\u00f3brega, conhecido em toda a \u00e1rea como Wolverine, h\u00e1 2 anos resolveu arrega\u00e7ar as mangas e fazer acontecer. Atrav\u00e9s de uma solicita\u00e7\u00e3o feita quando come\u00e7ou seu Projeto Wolverine, a comunidade conseguiu a quadra que o CINEB utilizou para realizar esta sess\u00e3o. Pena que alguns v\u00e2ndalos de bairros vizinhos j\u00e1 vieram atacar o patrim\u00f4nio que mal completou 2 meses. Pixaram tudo e ainda roubaram os cabos da energia el\u00e9trica.<\/p>\n<p>Como os moradores da \u00e1rea s\u00e3o bem inspirados por Wolverine, tudo foi resolvido em 24 horas. A quadra voltou a brilhar na noite e permitiu que o cinema fosse montado!<\/p>\n<figure id=\"attachment_3414\" aria-describedby=\"caption-attachment-3414\" style=\"width: 384px\" class=\"wp-caption aligncenter\"><a href=\"http:\/\/projetocineb.com.br\/wp-content\/uploads\/2012\/06\/DSC_0997_01web.jpg\"><img loading=\"lazy\" decoding=\"async\" class=\"size-full wp-image-3414  \" title=\"Wolverine, Bruno Rafael Lopes da Silva e Gilvan Gon\u00e7alves de Souza refizeram as instala\u00e7\u00f5es el\u00e9tricas e o quadro de energia. \" src=\"http:\/\/projetocineb.com.br\/wp-content\/uploads\/2012\/06\/DSC_0997_01web.jpg\" alt=\"Wolverine, Bruno Rafael Lopes da Silva e Gilvan Gon\u00e7alves de Souza refizeram as instala\u00e7\u00f5es el\u00e9tricas e o quadro de energia. \" width=\"384\" height=\"283\" \/><\/a><figcaption id=\"caption-attachment-3414\" class=\"wp-caption-text\">Gilvan Gon\u00e7alves de Souza, Wolverine e Bruno Rafael Lopes da Silva refizeram as instala\u00e7\u00f5es el\u00e9tricas e o quadro de energia. <\/figcaption><\/figure>\n<p>\u201cA Guarda Municipal precisa come\u00e7ar a fazer uma ronda por aqui, porque a garotada usa isso o tempo todo, mas de noite que acontecem essas coisas\u201d, explica Wolverine.<\/p>\n<p>O Jardim N\u00e9lia t\u00eam car\u00eancia de espa\u00e7os assim, de atividades culturais e desportivas. Na garagem do pr\u00e9dio que vive, Wolverine pega v\u00e1rias caixas de brinquedos que tem e coloca \u00e0 disposi\u00e7\u00e3o da garotada.<\/p>\n<p>\u201cEu chamo de brincadeira inteligente, porque as crian\u00e7as vem brincar, jogar bola ou participar de oficinas e aulas que consigo organizar e assim eu posso conversar com os jovens, evitando que eles utilizem drogas ou fa\u00e7am coisas erradas\u201d, diz. \u201cAt\u00e9 os pais \u00e0s vezes me pedem para conversar com os filhos. Porque o que essa crian\u00e7ada precisa \u00e9 de aten\u00e7\u00e3o. 1 minuto de aten\u00e7\u00e3o pode mudar tudo\u201d, comenta Wolverine.<\/p>\n<figure id=\"attachment_3407\" aria-describedby=\"caption-attachment-3407\" style=\"width: 384px\" class=\"wp-caption aligncenter\"><a href=\"http:\/\/projetocineb.com.br\/wp-content\/uploads\/2012\/06\/DSC_0971_01web.jpg\"><img loading=\"lazy\" decoding=\"async\" class=\"size-full wp-image-3407  \" title=\"&quot;Muito bom! Eu e minha esposa sempre vamos dormir tarde assistindo filmes brasileiros, do Didi, Mazzaropi, Grande Otelo e cia&quot;, conta o bem humorado zelador Dudu (Waldeck Jos\u00e9 dos Santos, com sua esposa Maria da Gra\u00e7a Santana dos Santos e o netinho Alisson dos Santos Cazuz\u00e3o, de 7 anos.\" src=\"http:\/\/projetocineb.com.br\/wp-content\/uploads\/2012\/06\/DSC_0971_01web.jpg\" alt=\"&quot;Muito bom! Eu e minha esposa sempre vamos dormir tarde assistindo filmes brasileiros, do Didi, Mazzaropi, Grande Otelo e cia&quot;, conta o bem humorado zelador Dudu (Waldeck Jos\u00e9 dos Santos, com sua esposa Maria da Gra\u00e7a Santana dos Santos e o netinho Alisson dos Santos Cazuz\u00e3o, de 7 anos.\" width=\"384\" height=\"293\" \/><\/a><figcaption id=\"caption-attachment-3407\" class=\"wp-caption-text\">&quot;Muito bom! Eu e minha esposa sempre vamos dormir tarde assistindo filmes brasileiros, do Didi, Mazzaropi, Grande Otelo e cia&quot;, conta o bem humorado zelador Dudu (Waldeck Jos\u00e9 dos Santos, com sua esposa Maria da Gra\u00e7a Santana dos Santos e o netinho Alisson dos Santos Cazuz\u00e3o, de 7 anos.<\/figcaption><\/figure>\n<p>Para toda equipe do CINEB \u00e9 um imenso prazer participar dessa a\u00e7\u00e3o. Uma pessoa que sozinha resolve fazer a diferen\u00e7a na comunidade \u00e9 sempre fundamental. Esperar pelo governo, quase sempre \u00e9 a pior coisa a se fazer. O neg\u00f3cio \u00e9 a gente agir com o que temos em m\u00e3os e, claro, cobrar as autoridades locais para que os bairros de S\u00e3o Paulo cada vez mais tenham espa\u00e7os para a cultura e o lazer!<\/p>\n<figure id=\"attachment_3413\" aria-describedby=\"caption-attachment-3413\" style=\"width: 384px\" class=\"wp-caption aligncenter\"><a href=\"http:\/\/projetocineb.com.br\/wp-content\/uploads\/2012\/06\/DSC_0993_01web.jpg\"><img loading=\"lazy\" decoding=\"async\" class=\"size-full wp-image-3413  \" title=\"Na cidade de Terra Boa, no Paran\u00e1, Elza Alves Bacchiega come\u00e7ou a trabalhar como faxineira em um cinema e depois foi bilheteira. &quot;Sempre assistia aos filmes v\u00e1rias vezes, era muito bom&quot;, conta ela. Na foto, ao lado do marido, Abelardo Flores do Nascimento.\" src=\"http:\/\/projetocineb.com.br\/wp-content\/uploads\/2012\/06\/DSC_0993_01web.jpg\" alt=\"Na cidade de Terra Boa, no Paran\u00e1, Elza Alves Bacchiega come\u00e7ou a trabalhar como faxineira em um cinema e depois foi bilheteira. &quot;Sempre assistia aos filmes v\u00e1rias vezes, era muito bom&quot;, conta ela. Na foto, ao lado do marido, Abelardo Flores do Nascimento.\" width=\"384\" height=\"358\" \/><\/a><figcaption id=\"caption-attachment-3413\" class=\"wp-caption-text\">Na cidade de Terra Boa, no Paran\u00e1, Elza Alves Bacchiega come\u00e7ou a trabalhar como faxineira em um cinema e depois foi bilheteira. &quot;Sempre assistia aos filmes v\u00e1rias vezes, era muito bom&quot;, conta ela. Na foto, ao lado do marido, Abelardo Flores do Nascimento.<\/figcaption><\/figure>\n<figure id=\"attachment_3416\" aria-describedby=\"caption-attachment-3416\" style=\"width: 384px\" class=\"wp-caption aligncenter\"><a href=\"http:\/\/projetocineb.com.br\/wp-content\/uploads\/2012\/06\/DSC_0999_01web.jpg\"><img loading=\"lazy\" decoding=\"async\" class=\"size-full wp-image-3416  \" title=\"O Bruno, que ajudou a instalar a energia el\u00e9trica no local e sua fam\u00edlia: Elia Pereira da Silva e o filho Davi Pereira de 1 anos e 6 meses aproveitando uma pipoquinha\" src=\"http:\/\/projetocineb.com.br\/wp-content\/uploads\/2012\/06\/DSC_0999_01web.jpg\" alt=\"O Bruno, que ajudou a instalar a energia el\u00e9trica no local e sua fam\u00edlia: Elia Pereira da Silva e o filho Davi Pereira de 1 anos e 6 meses aproveitando uma pipoquinha\" width=\"384\" height=\"357\" \/><\/a><figcaption id=\"caption-attachment-3416\" class=\"wp-caption-text\">O Bruno, que ajudou a instalar a energia el\u00e9trica no local e sua fam\u00edlia: Elia Pereira da Silva e o filho Davi Pereira de 1 anos e 6 meses aproveitando uma pipoquinha.<\/figcaption><\/figure>\n<figure id=\"attachment_3406\" aria-describedby=\"caption-attachment-3406\" style=\"width: 384px\" class=\"wp-caption aligncenter\"><a href=\"http:\/\/projetocineb.com.br\/wp-content\/uploads\/2012\/06\/DSC_1007_01web.jpg\"><img loading=\"lazy\" decoding=\"async\" class=\"size-full wp-image-3406  \" title=\"Toda organiza\u00e7\u00e3o desta sess\u00e3o, que ajudaram muito e merecem nosso agradecimento, em especial a assessora do vereador Chico Macena, Sandra\" src=\"http:\/\/projetocineb.com.br\/wp-content\/uploads\/2012\/06\/DSC_1007_01web.jpg\" alt=\"Toda organiza\u00e7\u00e3o desta sess\u00e3o, que ajudaram muito e merecem nosso agradecimento, em especial a assessora do vereador Chico Macena, Sandra\" width=\"384\" height=\"254\" \/><\/a><figcaption id=\"caption-attachment-3406\" class=\"wp-caption-text\">Toda organiza\u00e7\u00e3o desta sess\u00e3o, comunidade do Jardim N\u00e9lia, que ajudaram muito e merecem nosso agradecimento, em especial a assessora do vereador Chico Macena, a Sandra Ferreira.<\/figcaption><\/figure>\n<figure id=\"attachment_3405\" aria-describedby=\"caption-attachment-3405\" style=\"width: 384px\" class=\"wp-caption aligncenter\"><a href=\"http:\/\/projetocineb.com.br\/wp-content\/uploads\/2012\/06\/DSC_1006_01web.jpg\"><img loading=\"lazy\" decoding=\"async\" class=\"size-full wp-image-3405  \" title=\"E pra fechar, os sortudos desta exibi\u00e7\u00e3o que ganharam camisetas do CINEB!\" src=\"http:\/\/projetocineb.com.br\/wp-content\/uploads\/2012\/06\/DSC_1006_01web.jpg\" alt=\"E pra fechar, os sortudos desta exibi\u00e7\u00e3o que ganharam camisetas do CINEB!\" width=\"384\" height=\"254\" \/><\/a><figcaption id=\"caption-attachment-3405\" class=\"wp-caption-text\">E pra fechar, os sortudos desta exibi\u00e7\u00e3o que ganharam camisetas do CINEB!<\/figcaption><\/figure>\n","protected":false},"excerpt":{"rendered":"<p>Pela primeira vez o CINEB armou seu tel\u00e3o na quadra da comunidade do Jardim N\u00e9lia, Itaim Paulista, zona leste de[&#8230;]<\/p>\n","protected":false},"author":2,"featured_media":0,"comment_status":"open","ping_status":"open","sticky":false,"template":"","format":"standard","meta":[],"categories":[2],"tags":[154,242,263,266,651,690,764,1132,1247],"_links":{"self":[{"href":"https:\/\/projetocineb.com.br\/index.php?rest_route=\/wp\/v2\/posts\/3404"}],"collection":[{"href":"https:\/\/projetocineb.com.br\/index.php?rest_route=\/wp\/v2\/posts"}],"about":[{"href":"https:\/\/projetocineb.com.br\/index.php?rest_route=\/wp\/v2\/types\/post"}],"author":[{"embeddable":true,"href":"https:\/\/projetocineb.com.br\/index.php?rest_route=\/wp\/v2\/users\/2"}],"replies":[{"embeddable":true,"href":"https:\/\/projetocineb.com.br\/index.php?rest_route=%2Fwp%2Fv2%2Fcomments&post=3404"}],"version-history":[{"count":0,"href":"https:\/\/projetocineb.com.br\/index.php?rest_route=\/wp\/v2\/posts\/3404\/revisions"}],"wp:attachment":[{"href":"https:\/\/projetocineb.com.br\/index.php?rest_route=%2Fwp%2Fv2%2Fmedia&parent=3404"}],"wp:term":[{"taxonomy":"category","embeddable":true,"href":"https:\/\/projetocineb.com.br\/index.php?rest_route=%2Fwp%2Fv2%2Fcategories&post=3404"},{"taxonomy":"post_tag","embeddable":true,"href":"https:\/\/projetocineb.com.br\/index.php?rest_route=%2Fwp%2Fv2%2Ftags&post=3404"}],"curies":[{"name":"wp","href":"https:\/\/api.w.org\/{rel}","templated":true}]}}