{"id":3424,"date":"2012-06-22T14:23:11","date_gmt":"2012-06-22T17:23:11","guid":{"rendered":"http:\/\/projetocineb.com.br\/?p=3424"},"modified":"2012-06-22T14:23:11","modified_gmt":"2012-06-22T17:23:11","slug":"fim-de-semana-cineb-4","status":"publish","type":"post","link":"https:\/\/projetocineb.com.br\/?p=3424","title":{"rendered":"FIM DE SEMANA CINEB"},"content":{"rendered":"<p>No s\u00e1bado estaremos exibindo em Vila Ipojuca, num projeto do <a href=\"http:\/\/www.cinegalpao.org\" target=\"_blank\">Cine Galp\u00e3o<\/a>. Um\u00a0espa\u00e7o de uso coletivo voltado \u00e0 pesquisa, forma\u00e7\u00e3o e produ\u00e7\u00e3o audiovisual.<\/p>\n<p>Em 2011 atrav\u00e9s de parceira com a Associa\u00e7\u00e3o PEPA, que trabalha com jovens e adultos com defici\u00eancia intelectual, a institui\u00e7\u00e3o oferece oficinas pedag\u00f3gicas, terap\u00eauticas, cursos profissionalizantes e o \u201cPrograma de Emprego Apoiado\u201d, cujo prop\u00f3sito \u00e9 preparar seus frequentadores para uma vida adulta independente, dentro de suas condi\u00e7\u00f5es de alcance e autonomia.<\/p>\n<p>Desde mar\u00e7o deste ano, com apoio do Sindicato dos Banc\u00e1rios de S\u00e3o Paulo, Osasco e Regi\u00e3o, o Cine Galp\u00e3o realiza uma Oficina de Produ\u00e7\u00e3o Audiovisual para inclus\u00e3o de deficientes no mercado de trabalho. A turma j\u00e1 implantou um Canal de TV na WEB que trata quest\u00f5es da inclus\u00e3o pelo ponto de vista do pr\u00f3prio deficiente.<\/p>\n<p><strong>Durante a Sess\u00e3o do Cine B ser\u00e1 exibida a primeira mat\u00e9ria produzida na Q?TV<\/strong>. Imperd\u00edvel, n\u00e9?<\/p>\n<figure id=\"attachment_3425\" aria-describedby=\"caption-attachment-3425\" style=\"width: 431px\" class=\"wp-caption aligncenter\"><a href=\"http:\/\/projetocineb.com.br\/wp-content\/uploads\/2012\/06\/panfleto_IPOJUCA-1.jpg\"><img fetchpriority=\"high\" decoding=\"async\" class=\"size-full wp-image-3425 \" title=\"Maiores informa\u00e7\u00f5es na secretaria do projeto, ou pelo telefone: 3834-9612\" src=\"http:\/\/projetocineb.com.br\/wp-content\/uploads\/2012\/06\/panfleto_IPOJUCA-1.jpg\" alt=\"Maiores informa\u00e7\u00f5es na secretaria do projeto, ou pelo telefone: 3834-9612\" width=\"431\" height=\"292\" \/><\/a><figcaption id=\"caption-attachment-3425\" class=\"wp-caption-text\">Maiores informa\u00e7\u00f5es na secretaria do projeto, ou pelo telefone: 3834-9612<\/figcaption><\/figure>\n","protected":false},"excerpt":{"rendered":"<p>No s\u00e1bado estaremos exibindo em Vila Ipojuca, num projeto do Cine Galp\u00e3o. Um\u00a0espa\u00e7o de uso coletivo voltado \u00e0 pesquisa, forma\u00e7\u00e3o[&#8230;]<\/p>\n","protected":false},"author":2,"featured_media":0,"comment_status":"open","ping_status":"open","sticky":false,"template":"","format":"standard","meta":[],"categories":[7],"tags":[154,242,249,263,266,1015,1132,1221,1250],"_links":{"self":[{"href":"https:\/\/projetocineb.com.br\/index.php?rest_route=\/wp\/v2\/posts\/3424"}],"collection":[{"href":"https:\/\/projetocineb.com.br\/index.php?rest_route=\/wp\/v2\/posts"}],"about":[{"href":"https:\/\/projetocineb.com.br\/index.php?rest_route=\/wp\/v2\/types\/post"}],"author":[{"embeddable":true,"href":"https:\/\/projetocineb.com.br\/index.php?rest_route=\/wp\/v2\/users\/2"}],"replies":[{"embeddable":true,"href":"https:\/\/projetocineb.com.br\/index.php?rest_route=%2Fwp%2Fv2%2Fcomments&post=3424"}],"version-history":[{"count":0,"href":"https:\/\/projetocineb.com.br\/index.php?rest_route=\/wp\/v2\/posts\/3424\/revisions"}],"wp:attachment":[{"href":"https:\/\/projetocineb.com.br\/index.php?rest_route=%2Fwp%2Fv2%2Fmedia&parent=3424"}],"wp:term":[{"taxonomy":"category","embeddable":true,"href":"https:\/\/projetocineb.com.br\/index.php?rest_route=%2Fwp%2Fv2%2Fcategories&post=3424"},{"taxonomy":"post_tag","embeddable":true,"href":"https:\/\/projetocineb.com.br\/index.php?rest_route=%2Fwp%2Fv2%2Ftags&post=3424"}],"curies":[{"name":"wp","href":"https:\/\/api.w.org\/{rel}","templated":true}]}}