{"id":3429,"date":"2012-06-25T16:35:19","date_gmt":"2012-06-25T19:35:19","guid":{"rendered":"http:\/\/projetocineb.com.br\/?p=3429"},"modified":"2012-06-25T16:35:19","modified_gmt":"2012-06-25T19:35:19","slug":"vila-ipojuca-pepa","status":"publish","type":"post","link":"https:\/\/projetocineb.com.br\/?p=3429","title":{"rendered":"VILA IPOJUCA &#8211; P.E.P.A."},"content":{"rendered":"<p>O filme em cartaz no CINEB, <em>Lula \u2013 O filho do Brasil<\/em> de Fabio Barreto apresenta, acima de tudo, a supera\u00e7\u00e3o de limites que todo ser humano \u00e9 capaz de conquistar. E sabe, a exibi\u00e7\u00e3o na <a href=\"http:\/\/www.associacaopepa.com.br\/\" target=\"_blank\">Associa\u00e7\u00e3o P.E.P.A.<\/a> (Projeto Especial para Adolescentes e Adultos), no s\u00e1bado, foi bastante simb\u00f3lica nesse sentido. A sess\u00e3o marcou a formatura dos participantes do primeiro m\u00f3dulo do curso de audiovisual que \u00e9 realizado no local, pelo <a href=\"http:\/\/www.youtube.com\/user\/CineGalpao?feature=watch\">Cine Galp\u00e3o<\/a>. Um projeto interessante que une pessoas com e sem defici\u00eancia intelectual!<\/p>\n<figure id=\"attachment_3441\" aria-describedby=\"caption-attachment-3441\" style=\"width: 384px\" class=\"wp-caption aligncenter\"><a href=\"http:\/\/projetocineb.com.br\/wp-content\/uploads\/2012\/06\/DSC_0022_01web.jpg\"><img fetchpriority=\"high\" decoding=\"async\" class=\"size-full wp-image-3441  \" title=\"CINEB na Vila Ipojuca\" src=\"http:\/\/projetocineb.com.br\/wp-content\/uploads\/2012\/06\/DSC_0022_01web.jpg\" alt=\"CINEB na Vila Ipojuca\" width=\"384\" height=\"250\" \/><\/a><figcaption id=\"caption-attachment-3441\" class=\"wp-caption-text\">CINEB na Vila Ipojuca, zona oeste de S\u00e3o Paulo.<\/figcaption><\/figure>\n<p>Tudo come\u00e7ou quando Henrique Rodriguez e Carla Monteiro, respons\u00e1veis pelo Cine Galp\u00e3o, projeto realizado pelo Sindicato dos Banc\u00e1rios de S\u00e3o Paulo, Osasco e Regi\u00e3o, que oferece cursos e oficinas em audiovisual, fizeram uma parceria com a Associa\u00e7\u00e3o.<\/p>\n<figure id=\"attachment_3432\" aria-describedby=\"caption-attachment-3432\" style=\"width: 384px\" class=\"wp-caption aligncenter\"><a href=\"http:\/\/projetocineb.com.br\/wp-content\/uploads\/2012\/06\/DSC_0020_01web.jpg\"><img decoding=\"async\" class=\"size-full wp-image-3432  \" title=\"A coordenadora do Cine Galp\u00e3o, Carla Monteiro, o coordenador do CINEB, Cid\u00e1lio Vieira Santos e a fundadora da Associa\u00e7\u00e3o P.E.P.A., Claudia\" src=\"http:\/\/projetocineb.com.br\/wp-content\/uploads\/2012\/06\/DSC_0020_01web.jpg\" alt=\"A coordenadora do Cine Galp\u00e3o, Carla Monteiro, o coordenador do CINEB, Cid\u00e1lio Vieira Santos e a fundadora da Associa\u00e7\u00e3o P.E.P.A., Claudia\" width=\"384\" height=\"254\" \/><\/a><figcaption id=\"caption-attachment-3432\" class=\"wp-caption-text\">A coordenadora do Cine Galp\u00e3o, Carla Monteiro, o coordenador do CINEB, Cid\u00e1lio Vieira Santos e a fundadora da Associa\u00e7\u00e3o P.E.P.A., Claudia Brondi Calabria Nucci.<\/figcaption><\/figure>\n<p>\u201c\u00c9 um p\u00fablico que percebemos o quanto gostam do audiovisual, querem se profissionalizar mas n\u00e3o t\u00eam oportunidades\u201d, explica Carla. \u201cA receptividade e empolga\u00e7\u00e3o deles foi muito grande e, hoje, exibimos a primeira reportagem jornal\u00edstica produzida pelos alunos, al\u00e9m do trailer de um curta metragem escrito por uma aluna, a Gabriela Corraini\u201d.<\/p>\n<p><iframe width=\"440\" height=\"315\" src=\"http:\/\/www.youtube.com\/embed\/PPbSpcxX4uU\" frameborder=\"0\" allowfullscreen><\/iframe><\/p>\n<figure id=\"attachment_3436\" aria-describedby=\"caption-attachment-3436\" style=\"width: 384px\" class=\"wp-caption aligncenter\"><a href=\"http:\/\/projetocineb.com.br\/wp-content\/uploads\/2012\/06\/DSC_0040_01web.jpg\"><img decoding=\"async\" class=\"size-full wp-image-3436  \" title=\"Carla Monteiro ao lado de sua aluna, J\u00e9ssica de Giusti Oliveira, que pretende continuar no curso at\u00e9 o final dos 6 m\u00f3dulos.\" src=\"http:\/\/projetocineb.com.br\/wp-content\/uploads\/2012\/06\/DSC_0040_01web.jpg\" alt=\"Carla Monteiro ao lado de sua aluna, J\u00e9ssica de Giusti Oliveira, que pretende continuar no curso at\u00e9 o final dos 6 m\u00f3dulos.\" width=\"384\" height=\"254\" \/><\/a><figcaption id=\"caption-attachment-3436\" class=\"wp-caption-text\">\u201cAchei legal essa experi\u00eancia porque me deu mais interesse por trabalhar com fotografia. Eu que fiz a fotografia na v\u00eddeorreportagem\u201d, diz a simp\u00e1tica Jessica Giusti Oliveira. Na foto ao lado de Carla Monteiro, do Cine Galp\u00e3o.<\/figcaption><\/figure>\n<p>Para o pr\u00f3ximo m\u00eas j\u00e1 s\u00e3o 30 inscri\u00e7\u00f5es realizadas e a ideia \u00e9 continuar com as oficinas, para um total de 6 m\u00f3dulos. \u201cCom 3 anos produzindo j\u00e1 teremos capacidade de oferecer uma certifica\u00e7\u00e3o profissional\u201d, explica Henrique Rodriguez do Cine Galp\u00e3o.<\/p>\n<figure id=\"attachment_3433\" aria-describedby=\"caption-attachment-3433\" style=\"width: 384px\" class=\"wp-caption aligncenter\"><a href=\"http:\/\/projetocineb.com.br\/wp-content\/uploads\/2012\/06\/DSC_0033_01web.jpg\"><img loading=\"lazy\" decoding=\"async\" class=\"size-full wp-image-3433  \" title=\"Katia Cristina de Britto Calani, a Katita, que entrou no curso para fazer v\u00eddeos com suas fotos, recebe o certificado de conclus\u00e3o do primeiro m\u00f3dulo.\" src=\"http:\/\/projetocineb.com.br\/wp-content\/uploads\/2012\/06\/DSC_0033_01web.jpg\" alt=\"Katia Cristina de Britto Calani, a Katita, que entrou no curso para fazer v\u00eddeos com suas fotos, recebe o certificado de conclus\u00e3o do primeiro m\u00f3dulo.\" width=\"384\" height=\"254\" \/><\/a><figcaption id=\"caption-attachment-3433\" class=\"wp-caption-text\">Katia Cristina de Britto Calani, a Katita, que entrou no curso para fazer v\u00eddeos com suas fotos, recebe o certificado de conclus\u00e3o do primeiro m\u00f3dulo.<\/figcaption><\/figure>\n<figure id=\"attachment_3434\" aria-describedby=\"caption-attachment-3434\" style=\"width: 384px\" class=\"wp-caption aligncenter\"><a href=\"http:\/\/projetocineb.com.br\/wp-content\/uploads\/2012\/06\/DSC_0035_01web.jpg\"><img loading=\"lazy\" decoding=\"async\" class=\"size-full wp-image-3434  \" title=\"Todos os formandos ganharam certificado e o CINEB tamb\u00e9m os presenteou com camisetas!\" src=\"http:\/\/projetocineb.com.br\/wp-content\/uploads\/2012\/06\/DSC_0035_01web.jpg\" alt=\"Todos os formandos ganharam certificado e o CINEB tamb\u00e9m os presenteou com camisetas!\" width=\"384\" height=\"289\" \/><\/a><figcaption id=\"caption-attachment-3434\" class=\"wp-caption-text\">Todos os formandos ganharam certificado e o CINEB tamb\u00e9m os presenteou com camisetas!<\/figcaption><\/figure>\n<figure id=\"attachment_3446\" aria-describedby=\"caption-attachment-3446\" style=\"width: 384px\" class=\"wp-caption aligncenter\"><a href=\"http:\/\/projetocineb.com.br\/wp-content\/uploads\/2012\/06\/DSC_0051_01web.jpg\"><img loading=\"lazy\" decoding=\"async\" class=\"size-full wp-image-3446   \" title=\"Orgulho para pedagoga Claudia Brondi Calabria, que junto com sua irm\u00e3, em 1997 fundaram esta Associa\u00e7\u00e3o com objetivo de oferecer um tratamento diferenciado para jovens e adultos com defici\u00eancia intelectual.\" src=\"http:\/\/projetocineb.com.br\/wp-content\/uploads\/2012\/06\/DSC_0051_01web.jpg\" alt=\"Orgulho para pedagoga Claudia Brondi Calabria, que junto com sua irm\u00e3, em 1997 fundaram esta Associa\u00e7\u00e3o com objetivo de oferecer um tratamento diferenciado para jovens e adultos com defici\u00eancia intelectual.\" width=\"384\" height=\"285\" \/><\/a><figcaption id=\"caption-attachment-3446\" class=\"wp-caption-text\">Orgulho para pedagoga Claudia Brondi Calabria, que junto com sua irm\u00e3, Cristina Brondi Calabria, em 1997 fundaram esta Associa\u00e7\u00e3o com objetivo de oferecer um tratamento diferenciado para jovens e adultos com defici\u00eancia intelectual.<\/figcaption><\/figure>\n<p>\u201cQuer\u00edamos montar algo diferente do que existia, fazer com que pessoas com defici\u00eancia intelectual pudessem sair da institui\u00e7\u00e3o, interagir normalmente com o mundo, ver a vida\u201d, explica a pedagoga. \u201cHoje temos casos de pessoas que trabalham, casaram, ou moram sozinhos, vivem uma vida normal como todo mundo\u201d, comemora Claudia.<\/p>\n<figure id=\"attachment_3431\" aria-describedby=\"caption-attachment-3431\" style=\"width: 384px\" class=\"wp-caption aligncenter\"><a href=\"http:\/\/projetocineb.com.br\/wp-content\/uploads\/2012\/06\/DSC_0004_01web.jpg\"><img loading=\"lazy\" decoding=\"async\" class=\"size-full wp-image-3431  \" title=\"Os coordenadores do Cine Galp\u00e3o, Henrique Rodriguez e Carla Monteiro, ao lado da fundadora da P.E.P.A., Claudia Brondi Calabria e o coordenador do CINEB, Cid\u00e1lio Vieira Santos.\" src=\"http:\/\/projetocineb.com.br\/wp-content\/uploads\/2012\/06\/DSC_0004_01web.jpg\" alt=\"Os coordenadores do Cine Galp\u00e3o, Henrique Rodriguez e Carla Monteiro, ao lado da fundadora da P.E.P.A., Claudia Brondi Calabria e o coordenador do CINEB, Cid\u00e1lio Vieira Santos.\" width=\"384\" height=\"254\" \/><\/a><figcaption id=\"caption-attachment-3431\" class=\"wp-caption-text\">Os coordenadores do Cine Galp\u00e3o, Henrique Rodriguez e Carla Monteiro, ao lado da fundadora da P.E.P.A., Claudia Brondi Calabria e o coordenador do CINEB, Cid\u00e1lio Vieira Santos.<\/figcaption><\/figure>\n<p>Let\u00edcia Lovo \u00e9 fotografa profissional, n\u00e3o tem defici\u00eancia intelectual, mas se formou junto com o grupo pois queria aprender sobre v\u00eddeos e ao ver o an\u00fancio do curso no site Catraca Livre, n\u00e3o vacilou e se inscreveu.<\/p>\n<figure id=\"attachment_3437\" aria-describedby=\"caption-attachment-3437\" style=\"width: 384px\" class=\"wp-caption aligncenter\"><a href=\"http:\/\/projetocineb.com.br\/wp-content\/uploads\/2012\/06\/DSC_0045_01web.jpg\"><img loading=\"lazy\" decoding=\"async\" class=\"size-full wp-image-3437  \" title=\"\u201c\u00c9 meio clich\u00ea dizer isso, mas realmente a gente aprende muito com eles, pois s\u00e3o pessoas criativas, que n\u00e3o t\u00eam medo em expor suas ideias\u201d, conta Let\u00edcia. Na exibi\u00e7\u00e3o, acompanhada de seu namorado, Eugenio Brito.\" src=\"http:\/\/projetocineb.com.br\/wp-content\/uploads\/2012\/06\/DSC_0045_01web.jpg\" alt=\"\u201c\u00c9 meio clich\u00ea dizer isso, mas realmente a gente aprende muito com eles, pois s\u00e3o pessoas criativas, que n\u00e3o t\u00eam medo em expor as ideias\u201d, conta Let\u00edcia. Na exibi\u00e7\u00e3o, acompanhada de seu namorado, Eugenio Brito.\" width=\"384\" height=\"341\" \/><\/a><figcaption id=\"caption-attachment-3437\" class=\"wp-caption-text\">\u201c\u00c9 meio clich\u00ea dizer isso, mas realmente a gente aprende muito com eles, pois s\u00e3o pessoas criativas, que n\u00e3o t\u00eam medo em expor as ideias\u201d, conta Let\u00edcia. Na exibi\u00e7\u00e3o, acompanhada de seu namorado, Eugenio Brito.<\/figcaption><\/figure>\n<figure id=\"attachment_3438\" aria-describedby=\"caption-attachment-3438\" style=\"width: 384px\" class=\"wp-caption aligncenter\"><a href=\"http:\/\/projetocineb.com.br\/wp-content\/uploads\/2012\/06\/DSC_0046_01web.jpg\"><img loading=\"lazy\" decoding=\"async\" class=\"size-full wp-image-3438  \" title=\"\u201cFoi excepcional, principalmente que n\u00e3o tinha assistido o filme, n\u00e3o conhecia muito bem a hist\u00f3ria de Lula.\u201d, conta Marcia Romano que posou na foto com seu filho, Rafael Romano.\" src=\"http:\/\/projetocineb.com.br\/wp-content\/uploads\/2012\/06\/DSC_0046_01web.jpg\" alt=\"\u201cFoi excepcional, principalmente que n\u00e3o tinha assistido o filme, n\u00e3o conhecia muito bem a hist\u00f3ria de Lula.\u201d, conta Marcia Romano que posou na foto com seu filho, Rafael Romano.\" width=\"384\" height=\"315\" \/><\/a><figcaption id=\"caption-attachment-3438\" class=\"wp-caption-text\">\u201cFoi excepcional, principalmente que n\u00e3o tinha assistido ao filme, n\u00e3o conhecia muito bem a hist\u00f3ria de Lula.\u201d, conta Marcia Romano que posou na foto com seu filho, Rafael Romano.<\/figcaption><\/figure>\n<figure id=\"attachment_3440\" aria-describedby=\"caption-attachment-3440\" style=\"width: 384px\" class=\"wp-caption aligncenter\"><a href=\"http:\/\/projetocineb.com.br\/wp-content\/uploads\/2012\/06\/DSC_0050_01web.jpg\"><img loading=\"lazy\" decoding=\"async\" class=\"size-full wp-image-3440  \" title=\"Nelson Louren\u00e7o, da TV dos Banc\u00e1rios, esteve presente. Na foto, entrevista Claudia Brondi.\" src=\"http:\/\/projetocineb.com.br\/wp-content\/uploads\/2012\/06\/DSC_0050_01web.jpg\" alt=\"Nelson Louren\u00e7o, da TV dos Banc\u00e1rios, esteve presente. Na foto, entrevista Claudia Brondi.\" width=\"384\" height=\"254\" \/><\/a><figcaption id=\"caption-attachment-3440\" class=\"wp-caption-text\">Nelson Louren\u00e7o, da TV dos Banc\u00e1rios, esteve presente. Na foto, entrevista Claudia Brondi.<\/figcaption><\/figure>\n<figure id=\"attachment_3430\" aria-describedby=\"caption-attachment-3430\" style=\"width: 384px\" class=\"wp-caption aligncenter\"><a href=\"http:\/\/projetocineb.com.br\/wp-content\/uploads\/2012\/06\/DSC_0056_01web.jpg\"><img loading=\"lazy\" decoding=\"async\" class=\"size-full wp-image-3430  \" title=\"Olha que legal! Esta foi a primeira exibi\u00e7\u00e3o que Seu Ant\u00f4nio Nascimento, pipoqueiro oficial do CINEB, trabalhou junto com seu neto, Felipe Silva, 12 e o filho Fabio Lima.\" src=\"http:\/\/projetocineb.com.br\/wp-content\/uploads\/2012\/06\/DSC_0056_01web.jpg\" alt=\"Olha que legal! Esta foi a primeira exibi\u00e7\u00e3o que Seu Ant\u00f4nio Nascimento, pipoqueiro oficial do CINEB, trabalhou junto com seu neto, Felipe Silva, 12 e o filho Fabio Lima.\" width=\"384\" height=\"303\" \/><\/a><figcaption id=\"caption-attachment-3430\" class=\"wp-caption-text\">Olha que legal! Esta foi a primeira exibi\u00e7\u00e3o que Seu Ant\u00f4nio Nascimento, pipoqueiro oficial do CINEB, trabalhou junto com seu neto, Felipe Silva, 12 e o filho Fabio Lima.<\/figcaption><\/figure>\n<figure id=\"attachment_3439\" aria-describedby=\"caption-attachment-3439\" style=\"width: 384px\" class=\"wp-caption aligncenter\"><a href=\"http:\/\/projetocineb.com.br\/wp-content\/uploads\/2012\/06\/DSC_0049_01web.jpg\"><img loading=\"lazy\" decoding=\"async\" class=\"size-full wp-image-3439  \" title=\"No final da sess\u00e3o, a cl\u00e1ssica foto com todos os sortudos que ganharam camisetas do CINEB!\" src=\"http:\/\/projetocineb.com.br\/wp-content\/uploads\/2012\/06\/DSC_0049_01web.jpg\" alt=\"No final da sess\u00e3o, a cl\u00e1ssica foto com todos os sortudos que ganharam camisetas do CINEB!\" width=\"384\" height=\"241\" \/><\/a><figcaption id=\"caption-attachment-3439\" class=\"wp-caption-text\">No final da sess\u00e3o, a cl\u00e1ssica foto com todos os sortudos que ganharam camisetas do CINEB!<\/figcaption><\/figure>\n","protected":false},"excerpt":{"rendered":"<p>O filme em cartaz no CINEB, Lula \u2013 O filho do Brasil de Fabio Barreto apresenta, acima de tudo, a[&#8230;]<\/p>\n","protected":false},"author":2,"featured_media":0,"comment_status":"open","ping_status":"open","sticky":false,"template":"","format":"standard","meta":[],"categories":[2],"tags":[117,154,242,263,266,1132,1221,1250],"_links":{"self":[{"href":"https:\/\/projetocineb.com.br\/index.php?rest_route=\/wp\/v2\/posts\/3429"}],"collection":[{"href":"https:\/\/projetocineb.com.br\/index.php?rest_route=\/wp\/v2\/posts"}],"about":[{"href":"https:\/\/projetocineb.com.br\/index.php?rest_route=\/wp\/v2\/types\/post"}],"author":[{"embeddable":true,"href":"https:\/\/projetocineb.com.br\/index.php?rest_route=\/wp\/v2\/users\/2"}],"replies":[{"embeddable":true,"href":"https:\/\/projetocineb.com.br\/index.php?rest_route=%2Fwp%2Fv2%2Fcomments&post=3429"}],"version-history":[{"count":0,"href":"https:\/\/projetocineb.com.br\/index.php?rest_route=\/wp\/v2\/posts\/3429\/revisions"}],"wp:attachment":[{"href":"https:\/\/projetocineb.com.br\/index.php?rest_route=%2Fwp%2Fv2%2Fmedia&parent=3429"}],"wp:term":[{"taxonomy":"category","embeddable":true,"href":"https:\/\/projetocineb.com.br\/index.php?rest_route=%2Fwp%2Fv2%2Fcategories&post=3429"},{"taxonomy":"post_tag","embeddable":true,"href":"https:\/\/projetocineb.com.br\/index.php?rest_route=%2Fwp%2Fv2%2Ftags&post=3429"}],"curies":[{"name":"wp","href":"https:\/\/api.w.org\/{rel}","templated":true}]}}