{"id":3467,"date":"2012-07-02T09:10:36","date_gmt":"2012-07-02T12:10:36","guid":{"rendered":"http:\/\/projetocineb.com.br\/?p=3467"},"modified":"2012-07-02T09:10:36","modified_gmt":"2012-07-02T12:10:36","slug":"heliopolis-2","status":"publish","type":"post","link":"https:\/\/projetocineb.com.br\/?p=3467","title":{"rendered":"HELI\u00d3POLIS"},"content":{"rendered":"<p>E l\u00e1 fomos n\u00f3s no \u00faltimo s\u00e1bado para a quarta exibi\u00e7\u00e3o do CINEB em Heli\u00f3polis. Sess\u00e3o de sucesso porque tinham 4 pessoas que nuncam foram ao cinema!<\/p>\n<figure id=\"attachment_3471\" aria-describedby=\"caption-attachment-3471\" style=\"width: 384px\" class=\"wp-caption aligncenter\"><a href=\"http:\/\/projetocineb.com.br\/wp-content\/uploads\/2012\/07\/DSC_0106_01web.jpg\"><img fetchpriority=\"high\" decoding=\"async\" class=\"size-full wp-image-3471  \" title=\"CINEB em Heli\u00f3polis, zona sul de S\u00e3o Paulo.\" src=\"http:\/\/projetocineb.com.br\/wp-content\/uploads\/2012\/07\/DSC_0106_01web.jpg\" alt=\"CINEB em Heli\u00f3polis, zona sul de S\u00e3o Paulo.\" width=\"384\" height=\"254\" \/><\/a><figcaption id=\"caption-attachment-3471\" class=\"wp-caption-text\">CINEB em Heli\u00f3polis, zona sul de S\u00e3o Paulo.<\/figcaption><\/figure>\n<p>Pela primeira vez Hebert Mendes Boiba, que veio do parque S\u00e3o Lucas, zona leste de S\u00e3o Paulo teve o prazer de assistir um filme na grande tela. Estava fazendo uma visita na regi\u00e3o e acabou ouvindo falar do evento. N\u00e3o deu outra, foram conferir o filme <em>Lula &#8211; O filho do Brasil<\/em>, de Fabio Barreto. &#8220;Esta \u00e9 minha primeira vez no cinema, achei o som muito diferente, bem alto e a sensa\u00e7\u00e3o do povo todo participando, emocionado com o filme&#8221;, conta Hebert.<\/p>\n<figure id=\"attachment_3469\" aria-describedby=\"caption-attachment-3469\" style=\"width: 384px\" class=\"wp-caption aligncenter\"><a href=\"http:\/\/projetocineb.com.br\/wp-content\/uploads\/2012\/07\/DSC_0085_01web.jpg\"><img decoding=\"async\" class=\"size-full wp-image-3469  \" title=\"Hebert Mendes Boiba e Solange Helena Marcelino de Parque S\u00e3o Lucas, zona leste de S\u00e3o Paulo.\" src=\"http:\/\/projetocineb.com.br\/wp-content\/uploads\/2012\/07\/DSC_0085_01web.jpg\" alt=\"Hebert Mendes Boiba e Solange Helena Marcelino de Parque S\u00e3o Lucas, zona leste de S\u00e3o Paulo.\" width=\"384\" height=\"311\" \/><\/a><figcaption id=\"caption-attachment-3469\" class=\"wp-caption-text\">Hebert Mendes Boiba e Beatriz Pereira Vieira, de Parque S\u00e3o Lucas, zona leste de S\u00e3o Paulo.<\/figcaption><\/figure>\n<p>A moradora de Heli\u00f3polis, Jacira Alexandre da Silva tamb\u00e9m adorou a primeira experi\u00eancia no cinema. &#8220;Amei tudo, principalmente o filme, porque teve muito a ver com a minha vida, como a hora que a mulher teve um filho&#8221;, comenta simp\u00e1tica dona Jacira.<\/p>\n<figure id=\"attachment_3476\" aria-describedby=\"caption-attachment-3476\" style=\"width: 384px\" class=\"wp-caption aligncenter\"><a href=\"http:\/\/projetocineb.com.br\/wp-content\/uploads\/2012\/07\/DSC_0142_01web.jpg\"><img decoding=\"async\" class=\"size-full wp-image-3476  \" title=\"No final da exibi\u00e7\u00e3o, dona Jacira ainda ganhou uma camiseta do CINEB no sorteio com as pesquisas de opini\u00e3o!\" src=\"http:\/\/projetocineb.com.br\/wp-content\/uploads\/2012\/07\/DSC_0142_01web.jpg\" alt=\"No final da exibi\u00e7\u00e3o, dona Jacira ainda ganhou uma camiseta do CINEB no sorteio com as pesquisas de opini\u00e3o!\" width=\"384\" height=\"302\" \/><\/a><figcaption id=\"caption-attachment-3476\" class=\"wp-caption-text\">No final da exibi\u00e7\u00e3o, dona Jacira ainda ganhou uma camiseta do CINEB no sorteio com as pesquisas de opini\u00e3o!<\/figcaption><\/figure>\n<figure id=\"attachment_3474\" aria-describedby=\"caption-attachment-3474\" style=\"width: 384px\" class=\"wp-caption aligncenter\"><a href=\"http:\/\/projetocineb.com.br\/wp-content\/uploads\/2012\/07\/DSC_0134_01web.jpg\"><img loading=\"lazy\" decoding=\"async\" class=\"size-full wp-image-3474  \" title=\"&quot;Fiquei muito emocionada nessa minha primeira vez no cinema, na hora dos batuque eu levei um susto&quot;, diverte-se Terezinha de Jesus Rocha Teixeira e sua vizinha que tamb\u00e9m nunca tinha ido ao cinema, In\u00e1cia Moreira da Rocha Silva.\" src=\"http:\/\/projetocineb.com.br\/wp-content\/uploads\/2012\/07\/DSC_0134_01web.jpg\" alt=\"&quot;Fiquei muito emocionada nessa minha primeira vez no cinema, na hora dos batuque eu levei um susto&quot;, diverte-se Terezinha de Jesus Rocha Teixeira e sua vizinha que tamb\u00e9m nunca tinha ido ao cinema, In\u00e1cia Moreira da Rocha Silva.\" width=\"384\" height=\"286\" \/><\/a><figcaption id=\"caption-attachment-3474\" class=\"wp-caption-text\">&quot;Fiquei muito emocionada nessa minha primeira vez no cinema, na hora dos batuque eu levei um susto&quot;, diverte-se Terezinha de Jesus Rocha Teixeira e sua vizinha que tamb\u00e9m nunca tinha ido ao cinema, In\u00e1cia Moreira da Rocha Silva.<\/figcaption><\/figure>\n<p>Para n\u00f3s do CINEB, \u00e9 gratificante levar a todos a experi\u00eancia de estar no cinema. Muita gente n\u00e3o pode ir ao cinema por falta de dinheiro.<\/p>\n<figure id=\"attachment_3468\" aria-describedby=\"caption-attachment-3468\" style=\"width: 384px\" class=\"wp-caption aligncenter\"><a href=\"http:\/\/projetocineb.com.br\/wp-content\/uploads\/2012\/07\/DSC_0084_01web.jpg\"><img loading=\"lazy\" decoding=\"async\" class=\"size-full wp-image-3468  \" title=\"&quot;Faz 30 anos que n\u00e3o vou e, assim como eu, a maioria n\u00e3o tem dinheiro para levar a crian\u00e7ada ao cinema&quot;, diz o morador de Heli\u00f3polis, Eronides de Farias, acompanhado na foto de sua esposa, Solange Helena Marcelino..\" src=\"http:\/\/projetocineb.com.br\/wp-content\/uploads\/2012\/07\/DSC_0084_01web.jpg\" alt=\"&quot;Faz 30 anos que n\u00e3o vou e, assim como eu, a maioria n\u00e3o tem dinheiro para levar a crian\u00e7ada ao cinema&quot;, diz o morador de Heli\u00f3polis, Eronides de Farias, acompanhado na foto de sua esposa, Solange Helena Marcelino.\" width=\"384\" height=\"293\" \/><\/a><figcaption id=\"caption-attachment-3468\" class=\"wp-caption-text\">&quot;Faz 30 anos que n\u00e3o vou e, assim como eu, a maioria n\u00e3o tem dinheiro para levar a crian\u00e7ada ao cinema&quot;, diz o morador de Heli\u00f3polis, Eronides de Farias, acompanhado na foto de sua esposa, Solange Helena Marcelino.<\/figcaption><\/figure>\n<figure id=\"attachment_3477\" aria-describedby=\"caption-attachment-3477\" style=\"width: 384px\" class=\"wp-caption aligncenter\"><a href=\"http:\/\/projetocineb.com.br\/wp-content\/uploads\/2012\/07\/DSC_0101_01web.jpg\"><img loading=\"lazy\" decoding=\"async\" class=\"size-full wp-image-3477  \" title=\" Na abertura do CINEB, Marcelo presidente da A\u00e7\u00e3o Comunit\u00e1ria Nova Heli\u00f3polis,  refor\u00e7ou a import\u00e2ncia cultural do projeto na comunidade e j\u00e1 adiantou que pretende levar este cinema itinerante para mais dois bairros vizinhos.\" src=\"http:\/\/projetocineb.com.br\/wp-content\/uploads\/2012\/07\/DSC_0101_01web.jpg\" alt=\" Na abertura do CINEB, Marcelo presidente da A\u00e7\u00e3o Comunit\u00e1ria Nova Heli\u00f3polis,  refor\u00e7ou a import\u00e2ncia cultural do projeto na comunidade e j\u00e1 adiantou que pretende levar este cinema itinerante para mais dois bairros vizinhos.\" width=\"384\" height=\"306\" \/><\/a><figcaption id=\"caption-attachment-3477\" class=\"wp-caption-text\"> Na abertura do CINEB, Jos\u00e9 Marcelo da Silva, A\u00e7\u00e3o Comunit\u00e1ria Nova Heli\u00f3polis,  refor\u00e7ou a import\u00e2ncia cultural do projeto na comunidade e j\u00e1 adiantou que pretende levar este cinema itinerante para mais dois bairros vizinhos.<\/figcaption><\/figure>\n<p>Apesar de bem humorado, Marcelo n\u00e3o deixou de comentar sobre a presen\u00e7a de policiais militares na comunidade. &#8220;Desde semana passada alguns pontos aqui do bairro tem toque de recolher, imposto pela pol\u00edcia; 9,10 horas da noite, os PMs pedem para fechar os estabelecimentos, se n\u00e3o quebram tudo&#8221;, diz Marcelo, presidente da A\u00e7\u00e3o Comunit\u00e1ria Nova Heli\u00f3polis. &#8220;N\u00e3o deixam ninguem andar na rua depois dessa hora, todo mundo tem que ficar dentro de casa&#8221;.<\/p>\n<p>Esperamos voltar logo para Heli\u00f3polis, democratizar ainda mais o cinema brasileiro nessa comunidade.<\/p>\n<figure id=\"attachment_3473\" aria-describedby=\"caption-attachment-3473\" style=\"width: 384px\" class=\"wp-caption aligncenter\"><a href=\"http:\/\/projetocineb.com.br\/wp-content\/uploads\/2012\/07\/DSC_0123_01web.jpg\"><img loading=\"lazy\" decoding=\"async\" class=\"size-full wp-image-3473  \" title=\"Cena sempre comum no CINEB de Heli\u00f3polis, moradores ficam nas janelas de suas casas e ocupam as ruas assistindo ao filme.\" src=\"http:\/\/projetocineb.com.br\/wp-content\/uploads\/2012\/07\/DSC_0123_01web.jpg\" alt=\"Cena sempre comum no CINEB de Heli\u00f3polis, moradores ficam nas janelas de suas casas e ocupam as ruas assistindo ao filme.\" width=\"384\" height=\"254\" \/><\/a><figcaption id=\"caption-attachment-3473\" class=\"wp-caption-text\">Cena sempre comum no CINEB de Heli\u00f3polis, moradores ficam nas janelas de suas casas e ocupam as ruas assistindo ao filme.<\/figcaption><\/figure>\n<figure id=\"attachment_3475\" aria-describedby=\"caption-attachment-3475\" style=\"width: 384px\" class=\"wp-caption aligncenter\"><a href=\"http:\/\/projetocineb.com.br\/wp-content\/uploads\/2012\/07\/DSC_0135_01web.jpg\"><img loading=\"lazy\" decoding=\"async\" class=\"size-full wp-image-3475  \" title=\"As crian\u00e7as sortudas que ganharam camisetas do CINEB no sorteio.\" src=\"http:\/\/projetocineb.com.br\/wp-content\/uploads\/2012\/07\/DSC_0135_01web.jpg\" alt=\"As crian\u00e7as sortudas que ganharam camisetas do CINEB no sorteio.\" width=\"384\" height=\"291\" \/><\/a><figcaption id=\"caption-attachment-3475\" class=\"wp-caption-text\">As crian\u00e7as sortudas que ganharam camisetas do CINEB no sorteio.<\/figcaption><\/figure>\n<figure id=\"attachment_3478\" aria-describedby=\"caption-attachment-3478\" style=\"width: 384px\" class=\"wp-caption aligncenter\"><a href=\"http:\/\/projetocineb.com.br\/wp-content\/uploads\/2012\/07\/DSC_0146_01web.jpg\"><img loading=\"lazy\" decoding=\"async\" class=\"size-full wp-image-3478  \" title=\"Foto de encerramento da exibi\u00e7\u00e3o, com os sortudos que ganharam camisetas do CINEB e a galera que curte o projeto!\" src=\"http:\/\/projetocineb.com.br\/wp-content\/uploads\/2012\/07\/DSC_0146_01web.jpg\" alt=\"Foto de encerramento da exibi\u00e7\u00e3o, com os sortudos que ganharam camisetas do CINEB e a galera que curte o projeto!\" width=\"384\" height=\"254\" \/><\/a><figcaption id=\"caption-attachment-3478\" class=\"wp-caption-text\">Foto de encerramento da exibi\u00e7\u00e3o, com os sortudos que ganharam camisetas do CINEB e a galera que curte o projeto!<\/figcaption><\/figure>\n<p>E para os apaixonados pelo CINEB, m\u00eas que vem <em>5x favela<\/em> \u00e9 o filme em cartaz. Logo mais voc\u00ea confere nossa programa\u00e7\u00e3o do m\u00eas de julho aqui no blog e atrav\u00e9s do nosso Facebook. <a href=\"https:\/\/www.facebook.com\/cinemabrasileiro\" target=\"_blank\">Curte a gente!?<\/a><\/p>\n","protected":false},"excerpt":{"rendered":"<p>E l\u00e1 fomos n\u00f3s no \u00faltimo s\u00e1bado para a quarta exibi\u00e7\u00e3o do CINEB em Heli\u00f3polis. Sess\u00e3o de sucesso porque tinham[&#8230;]<\/p>\n","protected":false},"author":2,"featured_media":0,"comment_status":"open","ping_status":"open","sticky":false,"template":"","format":"standard","meta":[],"categories":[2],"tags":[154,242,263,266,597,765,1132,1251],"_links":{"self":[{"href":"https:\/\/projetocineb.com.br\/index.php?rest_route=\/wp\/v2\/posts\/3467"}],"collection":[{"href":"https:\/\/projetocineb.com.br\/index.php?rest_route=\/wp\/v2\/posts"}],"about":[{"href":"https:\/\/projetocineb.com.br\/index.php?rest_route=\/wp\/v2\/types\/post"}],"author":[{"embeddable":true,"href":"https:\/\/projetocineb.com.br\/index.php?rest_route=\/wp\/v2\/users\/2"}],"replies":[{"embeddable":true,"href":"https:\/\/projetocineb.com.br\/index.php?rest_route=%2Fwp%2Fv2%2Fcomments&post=3467"}],"version-history":[{"count":0,"href":"https:\/\/projetocineb.com.br\/index.php?rest_route=\/wp\/v2\/posts\/3467\/revisions"}],"wp:attachment":[{"href":"https:\/\/projetocineb.com.br\/index.php?rest_route=%2Fwp%2Fv2%2Fmedia&parent=3467"}],"wp:term":[{"taxonomy":"category","embeddable":true,"href":"https:\/\/projetocineb.com.br\/index.php?rest_route=%2Fwp%2Fv2%2Fcategories&post=3467"},{"taxonomy":"post_tag","embeddable":true,"href":"https:\/\/projetocineb.com.br\/index.php?rest_route=%2Fwp%2Fv2%2Ftags&post=3467"}],"curies":[{"name":"wp","href":"https:\/\/api.w.org\/{rel}","templated":true}]}}