{"id":3492,"date":"2012-07-06T10:43:47","date_gmt":"2012-07-06T13:43:47","guid":{"rendered":"http:\/\/projetocineb.com.br\/?p=3492"},"modified":"2012-07-06T10:43:47","modified_gmt":"2012-07-06T13:43:47","slug":"feliz-aniversario-cineb","status":"publish","type":"post","link":"https:\/\/projetocineb.com.br\/?p=3492","title":{"rendered":"FELIZ ANIVERS\u00c1RIO CINEB!"},"content":{"rendered":"<figure id=\"attachment_3493\" aria-describedby=\"caption-attachment-3493\" style=\"width: 384px\" class=\"wp-caption aligncenter\"><a href=\"http:\/\/projetocineb.com.br\/wp-content\/uploads\/2012\/07\/5ANOS-06.jpg\"><img fetchpriority=\"high\" decoding=\"async\" class=\"size-full wp-image-3493  \" title=\"Muita cultura, filmes brasileiros, democratiza\u00e7\u00e3o do cinema e uni\u00e3o das pessoas. \" src=\"http:\/\/projetocineb.com.br\/wp-content\/uploads\/2012\/07\/5ANOS-06.jpg\" alt=\"Muita cultura, filmes brasileiros, democratiza\u00e7\u00e3o do cinema e uni\u00e3o das pessoas. \" width=\"384\" height=\"256\" \/><\/a><figcaption id=\"caption-attachment-3493\" class=\"wp-caption-text\">Muita cultura, filmes brasileiros, democratiza\u00e7\u00e3o do cinema e uni\u00e3o das pessoas. <\/figcaption><\/figure>\n<p>Dia 6 de julho de 2007, na Igreja Nossa Senhora de Lourdes, Vila Leopoldina, zona oeste de S\u00e3o Paulo, <a href=\"http:\/\/www1.spbancarios.com.br\/noticia.asp?c=5298\" target=\"_blank\">aconteceu a primeira exibi\u00e7\u00e3o do CINEB<\/a> para 300 pessoas com o filme <em>O tapete Vermelho<\/em>, de Luiz Alberto Pereira.<\/p>\n<figure id=\"attachment_3500\" aria-describedby=\"caption-attachment-3500\" style=\"width: 384px\" class=\"wp-caption aligncenter\"><a href=\"http:\/\/projetocineb.com.br\/wp-content\/uploads\/2012\/07\/vila-leopoldina-1_web.jpg\"><img decoding=\"async\" class=\"size-full wp-image-3500  \" title=\"CINEB na Igreja Nossa Senhora de Lourdes.\" src=\"http:\/\/projetocineb.com.br\/wp-content\/uploads\/2012\/07\/vila-leopoldina-1_web.jpg\" alt=\"CINEB na Igreja Nossa Senhora de Lourdes.\" width=\"384\" height=\"255\" \/><\/a><figcaption id=\"caption-attachment-3500\" class=\"wp-caption-text\">CINEB na Igreja Nossa Senhora de Lourdes.<\/figcaption><\/figure>\n<p>Desde ent\u00e3o, esta parceria entre o Sindicato dos Banc\u00e1rios de S\u00e3o Paulo, Osasco e Regi\u00e3o e a Brazucah Produ\u00e7\u00f5es\u00a0, que percorre os bairros e comunidades de S\u00e3o Paulo, Osasco e regi\u00e3o para democratizar o acesso ao cinema e divulgar os filmes brasileiros j\u00e1 realizou 222 sess\u00f5es (de curtas e longas metragens) para mais de 27.500 espectadores. Foram escolas, igrejas, quadras poliesportivas, debaixo de ponte, em pra\u00e7as e parques de S\u00e3o Paulo e regi\u00e3o.<\/p>\n<p>Atrav\u00e9s do CINEB, muitas pessoas pela primeira vez tiveram a experi\u00eancia de assistir a um filme no cinema. Al\u00e9m disso o projeto tem orgulho de difundir essa divers\u00e3o coletiva, na qual unimos os moradores dos bairros. Esperamos ainda levar essa alegria para outras comunidades!<\/p>\n<figure id=\"attachment_3494\" aria-describedby=\"caption-attachment-3494\" style=\"width: 384px\" class=\"wp-caption aligncenter\"><a href=\"http:\/\/projetocineb.com.br\/wp-content\/uploads\/2012\/07\/5ANOS-FOTOS-1-teste.jpg\"><img decoding=\"async\" class=\"size-full wp-image-3494  \" title=\"Muita cultura, filmes brasileiros, democratiza\u00e7\u00e3o do cinema e uni\u00e3o das pessoas. \" src=\"http:\/\/projetocineb.com.br\/wp-content\/uploads\/2012\/07\/5ANOS-FOTOS-1-teste.jpg\" alt=\"Muita cultura, filmes brasileiros, democratiza\u00e7\u00e3o do cinema e uni\u00e3o das pessoas. \" width=\"384\" height=\"303\" \/><\/a><figcaption id=\"caption-attachment-3494\" class=\"wp-caption-text\">Muita cultura, filmes brasileiros, democratiza\u00e7\u00e3o do cinema e uni\u00e3o das pessoas. <\/figcaption><\/figure>\n<p>J\u00e1 exibimos\u00a0<em>Lula \u2013 O filho do Brasil<\/em>, <em>Dom\u00e9sticas<\/em>, <em>Eu e meu guarda-chuva<\/em>, <em>O contador de hist\u00f3rias<\/em>, <em>O casamento de Romeu e Julieta<\/em>, <em>Ant\u00f4nia<\/em>, <em>A m\u00e1quina<\/em>, <em>Meu nome n\u00e3o \u00e9 Johnny<\/em>, entre outros t\u00edtulos de sucesso.<\/p>\n<p>O CINEB tamb\u00e9m realizou diversas pr\u00e9-estreias de filmes brasileiros como <em>Raul Seixas \u2013 O in\u00edcio, o fim e o meio<\/em>, <em>Div\u00e3<\/em>, <em>Era uma vez&#8230;<\/em>, e por a\u00ed vai!<\/p>\n<figure id=\"attachment_3495\" aria-describedby=\"caption-attachment-3495\" style=\"width: 384px\" class=\"wp-caption aligncenter\"><a href=\"http:\/\/projetocineb.com.br\/wp-content\/uploads\/2012\/07\/DSC04033_01web.jpg\"><img loading=\"lazy\" decoding=\"async\" class=\"size-full wp-image-3495  \" title=\"Pr\u00e9-estreia do filme Raul Seixas - O in\u00edcio, o fim e o meio, na Regional Paulista do Sindicato dos Banc\u00e1rios\" src=\"http:\/\/projetocineb.com.br\/wp-content\/uploads\/2012\/07\/DSC04033_01web.jpg\" alt=\"Pr\u00e9-estreia do filme Raul Seixas - O in\u00edcio, o fim e o meio, na Regional Paulista do Sindicato dos Banc\u00e1rios\" width=\"384\" height=\"288\" \/><\/a><figcaption id=\"caption-attachment-3495\" class=\"wp-caption-text\">Pr\u00e9-estreia do filme Raul Seixas - O in\u00edcio, o fim e o meio, na Regional Paulista do Sindicato dos Banc\u00e1rios<\/figcaption><\/figure>\n<p>O bom resultado desses 5 anos se deu gra\u00e7as ao apoio dos meios de comunica\u00e7\u00e3o, principalmente os jornais de bairro que sempre auxiliam na divulga\u00e7\u00e3o deste projeto!<\/p>\n<p>E claro, o agradecimento mais que especial vai \u00e0 toda equipe do Sindicato dos Banc\u00e1rios de S\u00e3o Paulo, Osasco e Regi\u00e3o, que desde 2007 promove este evento numa atitude de um sindicato cidad\u00e3o, que preocupa-se n\u00e3o s\u00f3 com a classe que defende, mas tamb\u00e9m busca melhorar a qualidade de vida de toda popula\u00e7\u00e3o!<\/p>\n<p>Sem eles, o CINEB n\u00e3o teria a estrutura itinerante que leva a cada comunidade cadeiras, projetor, tel\u00e3o, caixas de som, saquinhos de pipoca personalizados do projeto, o pipoqueiro oficial Sr. Ant\u00f4nio Nascimento, cartazes, banners e panfletos que s\u00e3o entregues aos l\u00edderes comunit\u00e1rios para que estes fa\u00e7am a divulga\u00e7\u00e3o da sess\u00e3o. No final de cada CINEB, o p\u00fablico responde a uma pesquisa de opini\u00e3o e, com ela, concorre no sorteio camisetas do projeto!<\/p>\n<figure id=\"attachment_3496\" aria-describedby=\"caption-attachment-3496\" style=\"width: 384px\" class=\"wp-caption aligncenter\"><a href=\"http:\/\/projetocineb.com.br\/wp-content\/uploads\/2012\/07\/DSC_0620_01web.jpg\"><img loading=\"lazy\" decoding=\"async\" class=\"size-full wp-image-3496  \" title=\"Estrutura do CINEB montada na quadra poliesportiva do Col\u00e9gio Ilha de Vera Cruz, em Vila Leopoldina, zona oeste de S\u00e3o Paulo\" src=\"http:\/\/projetocineb.com.br\/wp-content\/uploads\/2012\/07\/DSC_0620_01web.jpg\" alt=\"Estrutura do CINEB montada na quadra poliesportiva do Col\u00e9gio Ilha de Vera Cruz, em Vila Leopoldina, zona oeste de S\u00e3o Paulo\" width=\"384\" height=\"254\" \/><\/a><figcaption id=\"caption-attachment-3496\" class=\"wp-caption-text\">Estrutura do CINEB montada na quadra poliesportiva do Col\u00e9gio Ilha de Vera Cruz, em Vila Leopoldina, zona oeste de S\u00e3o Paulo<\/figcaption><\/figure>\n<figure id=\"attachment_3498\" aria-describedby=\"caption-attachment-3498\" style=\"width: 384px\" class=\"wp-caption aligncenter\"><a href=\"http:\/\/projetocineb.com.br\/wp-content\/uploads\/2012\/07\/cineb_ceu_web.jpg\"><img loading=\"lazy\" decoding=\"async\" class=\"size-full wp-image-3498  \" title=\"O pipoqueiro oficial do CINEB, sr. Antonio Nascimento\" src=\"http:\/\/projetocineb.com.br\/wp-content\/uploads\/2012\/07\/cineb_ceu_web.jpg\" alt=\"O pipoqueiro oficial do CINEB, sr. Antonio Nascimento\" width=\"384\" height=\"255\" \/><\/a><figcaption id=\"caption-attachment-3498\" class=\"wp-caption-text\">O pipoqueiro oficial do CINEB, sr. Antonio Nascimento<\/figcaption><\/figure>\n<p>Em 2010 e 2011 comemoramos esta data especial na pr\u00f3pria sede do Sindicato, com o Pr\u00eamio CINEB do Cinema Brasileiro, o qual presta homenagem tanto aos realizadores das obras cinematogr\u00e1ficas exibidas pelo projeto, quando \u00e0s comunidades que recebem esta cultura nacional. E este ano, ter\u00e1 muito mais!<\/p>\n<p>Ali\u00e1s, ano passado, o CINEB conquistou mais uma vit\u00f3ria: atrav\u00e9s das pesquisas de opini\u00e3o, foram selecionados os 5 curtas metragens que o p\u00fablico mais curtiu desde o in\u00edcio das exibi\u00e7\u00f5es. E com subs\u00eddio do Sindicato dos Banc\u00e1rios foi lan\u00e7ado o Selo CINEB do Cinema Brasileiro. Um DVD com de curtas vendido nas exibi\u00e7\u00f5es. Todo o dinheiro \u00e9 revertido aos realizadores destas obras. Com esta atitude, o CINEB reafirma ainda mais seu objetivo de difundir e democratizar o acesso \u00e0s obras cinematogr\u00e1ficas produzidas no Brasil. Sejam elas de curta, ou de longa dura\u00e7\u00e3o.<\/p>\n<p>Venha participar desta festa!<a href=\"www.facebook.com\/cinemabrasileiro\" target=\"_blank\"> Confira nossa programa\u00e7\u00e3o<\/a> pelo\u00a0Facebook do CINEB e, claro, <a href=\"http:\/\/projetocineb.com.br\/?page_id=464\" target=\"_blank\">aqui<\/a> em nosso blog!<\/p>\n<p><strong>Viva o cinema brasileiro! Viva o Sindicato dos Banc\u00e1rios de SP! Viva a Brazucah! Viva o CINEB! Vida longa \u00e0 cultura brasileira!<\/strong><\/p>\n<figure id=\"attachment_3499\" aria-describedby=\"caption-attachment-3499\" style=\"width: 370px\" class=\"wp-caption aligncenter\"><a href=\"http:\/\/projetocineb.com.br\/wp-content\/uploads\/2012\/07\/Foto-CineB-3_web.jpg\"><img loading=\"lazy\" decoding=\"async\" class=\"size-full wp-image-3499   \" title=\"Eles te convidam para o CINEB perto da sua casa: o coordenador do projeto, Cid\u00e1lio Vieira Santos, a presidenta do Sindicato dos Banc\u00e1rios, Juvandia Moreira, e a diretora da Brazucah, Cynthia Alario\" src=\"http:\/\/projetocineb.com.br\/wp-content\/uploads\/2012\/07\/Foto-CineB-3_web.jpg\" alt=\"Eles te convidam para o CINEB perto da sua casa: o coordenador do projeto, Cid\u00e1lio Vieira Santos, a presidenta do Sindicato dos Banc\u00e1rios, Juvandia Moreira, e a diretora da Brazucah, Cynthia Alario\" width=\"370\" height=\"208\" \/><\/a><figcaption id=\"caption-attachment-3499\" class=\"wp-caption-text\">Eles te convidam para ir ao CINEB perto da sua casa: o coordenador do projeto, Cid\u00e1lio Vieira Santos, a presidenta do Sindicato dos Banc\u00e1rios, Juvandia Moreira, e a diretora da Brazucah, Cynthia Alario<\/figcaption><\/figure>\n","protected":false},"excerpt":{"rendered":"<p>Dia 6 de julho de 2007, na Igreja Nossa Senhora de Lourdes, Vila Leopoldina, zona oeste de S\u00e3o Paulo, aconteceu[&#8230;]<\/p>\n","protected":false},"author":2,"featured_media":0,"comment_status":"open","ping_status":"open","sticky":false,"template":"","format":"standard","meta":[],"categories":[2],"tags":[84,154,242,263,266,621,1095,1132,1247,1249,1250,1251],"_links":{"self":[{"href":"https:\/\/projetocineb.com.br\/index.php?rest_route=\/wp\/v2\/posts\/3492"}],"collection":[{"href":"https:\/\/projetocineb.com.br\/index.php?rest_route=\/wp\/v2\/posts"}],"about":[{"href":"https:\/\/projetocineb.com.br\/index.php?rest_route=\/wp\/v2\/types\/post"}],"author":[{"embeddable":true,"href":"https:\/\/projetocineb.com.br\/index.php?rest_route=\/wp\/v2\/users\/2"}],"replies":[{"embeddable":true,"href":"https:\/\/projetocineb.com.br\/index.php?rest_route=%2Fwp%2Fv2%2Fcomments&post=3492"}],"version-history":[{"count":0,"href":"https:\/\/projetocineb.com.br\/index.php?rest_route=\/wp\/v2\/posts\/3492\/revisions"}],"wp:attachment":[{"href":"https:\/\/projetocineb.com.br\/index.php?rest_route=%2Fwp%2Fv2%2Fmedia&parent=3492"}],"wp:term":[{"taxonomy":"category","embeddable":true,"href":"https:\/\/projetocineb.com.br\/index.php?rest_route=%2Fwp%2Fv2%2Fcategories&post=3492"},{"taxonomy":"post_tag","embeddable":true,"href":"https:\/\/projetocineb.com.br\/index.php?rest_route=%2Fwp%2Fv2%2Ftags&post=3492"}],"curies":[{"name":"wp","href":"https:\/\/api.w.org\/{rel}","templated":true}]}}