{"id":3516,"date":"2012-07-16T19:22:08","date_gmt":"2012-07-16T22:22:08","guid":{"rendered":"http:\/\/projetocineb.com.br\/?p=3516"},"modified":"2012-07-16T19:22:08","modified_gmt":"2012-07-16T22:22:08","slug":"cineb-na-revista-sao-paulo","status":"publish","type":"post","link":"https:\/\/projetocineb.com.br\/?p=3516","title":{"rendered":"CINEB NA REVISTA S\u00c3O PAULO"},"content":{"rendered":"<p>Para toda equipe do CINEB, \u00e9 sempre extremamente gratificante quando recebemos reconhecimento de ve\u00edculos \u00a0da imprensa. O projeto est\u00e1 na mat\u00e9ria da\u00a0Revista S\u00e3o Paulo, do Jornal Folha de S\u00e3o Paulo, sobre a for\u00e7a cultural que as periferias da cidade ganham cada vez mais. Atualmente o CINEB participa deste movimento cultural atrav\u00e9s da itiner\u00e2ncia, levando o cinema brasileiro a todos os cantos, com uma estrutura ideal para realiza\u00e7\u00e3o de uma exibi\u00e7\u00e3o cinematogr\u00e1fica em qualquer lugar de S\u00e3o Paulo e regi\u00e3o!<\/p>\n<p><a href=\"http:\/\/www1.folha.uol.com.br\/saopaulo\/1119627-mais-articulada-cultura-da-periferia-de-sp-ganha-visibilidade.shtml\" target=\"_blank\">Clique aqui para ler a mat\u00e9ria na internet.<\/a><\/p>\n<figure id=\"attachment_3523\" aria-describedby=\"caption-attachment-3523\" style=\"width: 381px\" class=\"wp-caption aligncenter\"><a href=\"http:\/\/projetocineb.com.br\/wp-content\/uploads\/2012\/07\/12195652.jpeg\"><img fetchpriority=\"high\" decoding=\"async\" class=\"size-full wp-image-3523 \" title=\"Parte do mapa cultural paulistano que estampa a reportagem da Revista S\u00e3o Paulo.\" src=\"http:\/\/projetocineb.com.br\/wp-content\/uploads\/2012\/07\/12195652.jpeg\" alt=\"Parte do mapa cultural paulistano que estampa a reportagem da Revista S\u00e3o Paulo.\" width=\"381\" height=\"622\" \/><\/a><figcaption id=\"caption-attachment-3523\" class=\"wp-caption-text\">Parte do mapa cultural paulistano que estampa a reportagem da Revista S\u00e3o Paulo.<\/figcaption><\/figure>\n","protected":false},"excerpt":{"rendered":"<p>Para toda equipe do CINEB, \u00e9 sempre extremamente gratificante quando recebemos reconhecimento de ve\u00edculos \u00a0da imprensa. O projeto est\u00e1 na[&#8230;]<\/p>\n","protected":false},"author":2,"featured_media":0,"comment_status":"open","ping_status":"open","sticky":false,"template":"","format":"standard","meta":[],"categories":[7],"tags":[154,242,252,263,266,343,962,1132],"_links":{"self":[{"href":"https:\/\/projetocineb.com.br\/index.php?rest_route=\/wp\/v2\/posts\/3516"}],"collection":[{"href":"https:\/\/projetocineb.com.br\/index.php?rest_route=\/wp\/v2\/posts"}],"about":[{"href":"https:\/\/projetocineb.com.br\/index.php?rest_route=\/wp\/v2\/types\/post"}],"author":[{"embeddable":true,"href":"https:\/\/projetocineb.com.br\/index.php?rest_route=\/wp\/v2\/users\/2"}],"replies":[{"embeddable":true,"href":"https:\/\/projetocineb.com.br\/index.php?rest_route=%2Fwp%2Fv2%2Fcomments&post=3516"}],"version-history":[{"count":0,"href":"https:\/\/projetocineb.com.br\/index.php?rest_route=\/wp\/v2\/posts\/3516\/revisions"}],"wp:attachment":[{"href":"https:\/\/projetocineb.com.br\/index.php?rest_route=%2Fwp%2Fv2%2Fmedia&parent=3516"}],"wp:term":[{"taxonomy":"category","embeddable":true,"href":"https:\/\/projetocineb.com.br\/index.php?rest_route=%2Fwp%2Fv2%2Fcategories&post=3516"},{"taxonomy":"post_tag","embeddable":true,"href":"https:\/\/projetocineb.com.br\/index.php?rest_route=%2Fwp%2Fv2%2Ftags&post=3516"}],"curies":[{"name":"wp","href":"https:\/\/api.w.org\/{rel}","templated":true}]}}