{"id":3527,"date":"2012-07-20T04:54:52","date_gmt":"2012-07-20T07:54:52","guid":{"rendered":"http:\/\/projetocineb.com.br\/?p=3527"},"modified":"2012-07-20T04:54:52","modified_gmt":"2012-07-20T07:54:52","slug":"jardim-brasilia","status":"publish","type":"post","link":"https:\/\/projetocineb.com.br\/?p=3527","title":{"rendered":"JARDIM BRAS\u00cdLIA"},"content":{"rendered":"<p>Pela terceira vez o CINEB exibe o melhor do cinema brasileiro no Jardim Bras\u00edlia, zona leste, mais precisamente na ONG JUNTOS, um local de difus\u00e3o tanto da educa\u00e7\u00e3o, quanto da cultura.<\/p>\n<figure id=\"attachment_3534\" aria-describedby=\"caption-attachment-3534\" style=\"width: 384px\" class=\"wp-caption aligncenter\"><a href=\"http:\/\/projetocineb.com.br\/wp-content\/uploads\/2012\/07\/DSC_0198_01web1.jpg\"><img fetchpriority=\"high\" decoding=\"async\" class=\"size-full wp-image-3534  \" title=\"Exibi\u00e7\u00e3o na ONG JUNTOS\" src=\"http:\/\/projetocineb.com.br\/wp-content\/uploads\/2012\/07\/DSC_0198_01web1.jpg\" alt=\"Exibi\u00e7\u00e3o na ONG JUNTOS\" width=\"384\" height=\"254\" \/><\/a><figcaption id=\"caption-attachment-3534\" class=\"wp-caption-text\">Exibi\u00e7\u00e3o na ONG JUNTOS<\/figcaption><\/figure>\n<p><a href=\"http:\/\/projetocineb.com.br\/?p=618\" target=\"_blank\">Clique aqui para conferir nossa \u00faltima exibi\u00e7\u00e3o neste bairro!<\/a><\/p>\n<figure id=\"attachment_3537\" aria-describedby=\"caption-attachment-3537\" style=\"width: 384px\" class=\"wp-caption aligncenter\"><a href=\"http:\/\/projetocineb.com.br\/wp-content\/uploads\/2012\/07\/DSC_0221_01web1.jpg\"><img decoding=\"async\" class=\"size-full wp-image-3537  \" title=\"Cena do filme 5x Favela - Agora por n\u00f3s mesmos, em cartaz no CINEB!\" src=\"http:\/\/projetocineb.com.br\/wp-content\/uploads\/2012\/07\/DSC_0221_01web1.jpg\" alt=\"Cena do filme 5x Favela - Agora por n\u00f3s mesmos, em cartaz no CINEB!\" width=\"384\" height=\"254\" \/><\/a><figcaption id=\"caption-attachment-3537\" class=\"wp-caption-text\">Cena do filme 5x Favela - Agora por n\u00f3s mesmos, em cartaz no CINEB!<\/figcaption><\/figure>\n<p>Nesta sess\u00e3o encontramos com Tania Aparecida da Silva, que nunca tinha ido ao cinema. \u201cEu gosto muito mais de assistir televis\u00e3o, de ver a novela. Ali\u00e1s, hoje est\u00e1 passando um epis\u00f3dio e tanto\u201d, diz a simp\u00e1tica Tania. Cedeu ao convite de sua amiga \u00a0Sonia e da filha Cinthia e foi ver no que dava.<\/p>\n<p>Sua amiga e filha reclamaram que ela sempre d\u00e1 bolo nos passeios. \u201cEu sempre convido minha m\u00e3e pra ir no cinema comigo, mas ela nunca quer\u201d, diz Cinthia Cristina.<\/p>\n<figure id=\"attachment_3532\" aria-describedby=\"caption-attachment-3532\" style=\"width: 384px\" class=\"wp-caption aligncenter\"><a href=\"http:\/\/projetocineb.com.br\/wp-content\/uploads\/2012\/07\/DSC_0192_01web1.jpg\"><img decoding=\"async\" class=\"size-full wp-image-3532  \" title=\"Tania Silva, sua amiga, Sonia Aparecida e Cinthia Cristina.\" src=\"http:\/\/projetocineb.com.br\/wp-content\/uploads\/2012\/07\/DSC_0192_01web1.jpg\" alt=\"Tania Silva, sua amiga, Sonia Aparecida e Cinthia Cristina.\" width=\"384\" height=\"297\" \/><\/a><figcaption id=\"caption-attachment-3532\" class=\"wp-caption-text\">Tania Silva, sua amiga, Sonia Aparecida e Cinthia Cristina.<\/figcaption><\/figure>\n<p>Dessa vez pelo menos, ela conferiu um filme na grande tela e ainda por cima, uma obra do cinema brasileiro, que Tania assumiu n\u00e3o ser f\u00e3! No fim das contas, gostou tanto do filme quanto da experi\u00eancia. \u201cIr no cinema \u00e9 legal sim, porque fica todo mundo se divertindo junto. Gostei e j\u00e1 quero ir mais vezes\u201d, confessa Tania.<\/p>\n<figure id=\"attachment_3536\" aria-describedby=\"caption-attachment-3536\" style=\"width: 384px\" class=\"wp-caption aligncenter\"><a href=\"http:\/\/projetocineb.com.br\/wp-content\/uploads\/2012\/07\/DSC_0203_01web1.jpg\"><img loading=\"lazy\" decoding=\"async\" class=\"size-full wp-image-3536  \" title=\"O coordenador do CINEB, Cid\u00e1lio Vieira Santos comemorou nesta exibi\u00e7\u00e3o o destaque que foi dado ao projeto tanto na Revista S\u00e3o Paulo, do jornal Folha de SP, quanto o an\u00fancio na TV Minuto, do Metr\u00f4.\" src=\"http:\/\/projetocineb.com.br\/wp-content\/uploads\/2012\/07\/DSC_0203_01web1.jpg\" alt=\"O coordenador do CINEB, Cid\u00e1lio Vieira Santos comemorou nesta exibi\u00e7\u00e3o o destaque que foi dado ao projeto tanto na Revista S\u00e3o Paulo, do jornal Folha de SP, quanto o an\u00fancio na TV Minuto, do Metr\u00f4.\" width=\"384\" height=\"366\" \/><\/a><figcaption id=\"caption-attachment-3536\" class=\"wp-caption-text\">O coordenador do CINEB, Cid\u00e1lio Vieira Santos comemorou nesta exibi\u00e7\u00e3o o destaque que foi dado ao projeto tanto na Revista S\u00e3o Paulo, do jornal Folha de SP, quanto o an\u00fancio na TV Minuto, do Metr\u00f4.<\/figcaption><\/figure>\n<p><em>5x Favela &#8211; Agora por n\u00f3s mesmos<\/em> estreou nesta exibi\u00e7\u00e3o na programa\u00e7\u00e3o de julho e agosto do CINEB. Cinco hist\u00f3rias que mostram um olhar genu\u00edno sobre a vida nas comunidades dos morros cariocas. Hist\u00f3rias escritas e dirigidas por jovens que vivem em favelas, portanto, sabem muito bem o que apresentam. Talvez pela veracidade das hist\u00f3rias e um drama bem equilibrado com pitadas de com\u00e9dia e suspense, <em>5x Favela<\/em> foi aprovad\u00edssimo pelo p\u00fablico.<\/p>\n<figure id=\"attachment_3535\" aria-describedby=\"caption-attachment-3535\" style=\"width: 384px\" class=\"wp-caption aligncenter\"><a href=\"http:\/\/projetocineb.com.br\/wp-content\/uploads\/2012\/07\/DSC_0202_01web1.jpg\"><img loading=\"lazy\" decoding=\"async\" class=\"size-full wp-image-3535  \" title=\"Na abertura da exibi\u00e7\u00e3o, Humberto Canavezi, o coordenador do CINEB, Cid\u00e1lio Vieira, Daniel, e o assesssor do Deputado Estadual, Luiz Cl\u00e1udio Marcolino.\" src=\"http:\/\/projetocineb.com.br\/wp-content\/uploads\/2012\/07\/DSC_0202_01web1.jpg\" alt=\"Na abertura da exibi\u00e7\u00e3o, Humberto Canavezi, o coordenador do CINEB, Cid\u00e1lio Vieira, Daniel, e o assesssor do Deputado Estadual, Luiz Cl\u00e1udio Marcolino.\" width=\"384\" height=\"262\" \/><\/a><figcaption id=\"caption-attachment-3535\" class=\"wp-caption-text\">Na abertura da exibi\u00e7\u00e3o, Humberto Canavesi da ONG JUNTOS, o coordenador do CINEB, Cid\u00e1lio Vieira, Daniel Frutuoso da ONG, e o assesssor do Deputado Estadual, Luiz Cl\u00e1udio Marcolino.<\/figcaption><\/figure>\n<p>Dona Maria Henrique Leite Marcelino gostou muito do filme. Do CINEB ela e a fam\u00edlia j\u00e1 s\u00e3o f\u00e3s. \u201cViemos em todas as sess\u00f5es que tiveram por aqui, inclusive, na \u00faltima, 5 pessoas da minha fam\u00edlia ganharam camisetas no sorteio\u201d, diz a simp\u00e1tica dona Maria.<\/p>\n<p>Ela adora cinema, disse que faz de tudo para estar presente no CINEB. \u201cEu at\u00e9 pedi para minhas amigas rezarem por mim hoje, porque n\u00e3o fui na igreja pra vir at\u00e9 aqui\u201d, conta dona Maria.<\/p>\n<figure id=\"attachment_3542\" aria-describedby=\"caption-attachment-3542\" style=\"width: 384px\" class=\"wp-caption aligncenter\"><a href=\"http:\/\/projetocineb.com.br\/wp-content\/uploads\/2012\/07\/DSC_0222_01web.jpg\"><img loading=\"lazy\" decoding=\"async\" class=\"size-full wp-image-3542  \" title=\"Maria Henrique Leite Marcelino com sua filha e a colega, ambas professoras, Raquel Marcelino e a amiga Daniela Lopes Guilhoto.\" src=\"http:\/\/projetocineb.com.br\/wp-content\/uploads\/2012\/07\/DSC_0222_01web.jpg\" alt=\"Maria Henrique Leite Marcelino com sua filha e a colega, ambas professoras, Raquel Marcelino e a amiga Daniela Lopes Guilhoto.\" width=\"384\" height=\"270\" \/><\/a><figcaption id=\"caption-attachment-3542\" class=\"wp-caption-text\">Maria Henrique Leite Marcelino com sua filha e a colega, ambas professoras, Raquel Marcelino e a amiga Daniela Lopes Guilhoto.<\/figcaption><\/figure>\n<p>Muito legal ver tanta gente se divertindo junto com a arte cinematogr\u00e1fica brasileira. Ainda mais num dia que a novela global estava com um epis\u00f3dio quente&#8230; Mesmo assim, casa lotada e muita divers\u00e3o!<\/p>\n<figure id=\"attachment_3539\" aria-describedby=\"caption-attachment-3539\" style=\"width: 384px\" class=\"wp-caption aligncenter\"><a href=\"http:\/\/projetocineb.com.br\/wp-content\/uploads\/2012\/07\/DSC_0241_01web1.jpg\"><img loading=\"lazy\" decoding=\"async\" class=\"size-full wp-image-3539  \" title=\"&quot;Adoro filmes brasileiros, fui at\u00e9 na pr\u00e9-estreia na Paulista. T\u00f4 em todos os CINEBs!&quot;, conta a animada dona Maria do Carmo.\" src=\"http:\/\/projetocineb.com.br\/wp-content\/uploads\/2012\/07\/DSC_0241_01web1.jpg\" alt=\"&quot;Adoro filmes brasileiros, fui at\u00e9 na pr\u00e9-estreia na Paulista. T\u00f4 em todos os CINEBs!&quot;, conta a animada dona Maria do Carmo.\" width=\"384\" height=\"341\" \/><\/a><figcaption id=\"caption-attachment-3539\" class=\"wp-caption-text\">&quot;Adoro filmes brasileiros, fui at\u00e9 na pr\u00e9-estreia na Paulista. T\u00f4 em todos os CINEBs!&quot;, conta a animada dona Maria do Carmo.<\/figcaption><\/figure>\n<p>E que tal voc\u00ea vir se divertir com a gente no CINEB? Fique de olho em nossa <a href=\"http:\/\/projetocineb.com.br\/?page_id=464\" target=\"_blank\">programa\u00e7\u00e3o<\/a> ou em nosso <a href=\"https:\/\/www.facebook.com\/cinemabrasileiro\" target=\"_blank\">Facebook<\/a>! Estaremos exibindo em todas as regi\u00f5es da cidade e, <em>5x Favela<\/em>, definitivamente, \u00e9 um filme imperd\u00edvel!<\/p>\n<figure id=\"attachment_3530\" aria-describedby=\"caption-attachment-3530\" style=\"width: 384px\" class=\"wp-caption aligncenter\"><a href=\"http:\/\/projetocineb.com.br\/wp-content\/uploads\/2012\/07\/DSC_0244_01web1.jpg\"><img loading=\"lazy\" decoding=\"async\" class=\"size-full wp-image-3530  \" title=\"Os sortudos desta exibi\u00e7\u00e3o, que levaram para casa as camisetas do CINEB!\" src=\"http:\/\/projetocineb.com.br\/wp-content\/uploads\/2012\/07\/DSC_0244_01web1.jpg\" alt=\"Os sortudos desta exibi\u00e7\u00e3o, que levaram para casa as camisetas do CINEB!\" width=\"384\" height=\"250\" \/><\/a><figcaption id=\"caption-attachment-3530\" class=\"wp-caption-text\">Os sortudos desta exibi\u00e7\u00e3o, que levaram para casa as camisetas do CINEB!<\/figcaption><\/figure>\n","protected":false},"excerpt":{"rendered":"<p>Pela terceira vez o CINEB exibe o melhor do cinema brasileiro no Jardim Bras\u00edlia, zona leste, mais precisamente na ONG[&#8230;]<\/p>\n","protected":false},"author":2,"featured_media":0,"comment_status":"open","ping_status":"open","sticky":false,"template":"","format":"standard","meta":[],"categories":[2],"tags":[154,242,263,266,674,887,1132,1247],"_links":{"self":[{"href":"https:\/\/projetocineb.com.br\/index.php?rest_route=\/wp\/v2\/posts\/3527"}],"collection":[{"href":"https:\/\/projetocineb.com.br\/index.php?rest_route=\/wp\/v2\/posts"}],"about":[{"href":"https:\/\/projetocineb.com.br\/index.php?rest_route=\/wp\/v2\/types\/post"}],"author":[{"embeddable":true,"href":"https:\/\/projetocineb.com.br\/index.php?rest_route=\/wp\/v2\/users\/2"}],"replies":[{"embeddable":true,"href":"https:\/\/projetocineb.com.br\/index.php?rest_route=%2Fwp%2Fv2%2Fcomments&post=3527"}],"version-history":[{"count":0,"href":"https:\/\/projetocineb.com.br\/index.php?rest_route=\/wp\/v2\/posts\/3527\/revisions"}],"wp:attachment":[{"href":"https:\/\/projetocineb.com.br\/index.php?rest_route=%2Fwp%2Fv2%2Fmedia&parent=3527"}],"wp:term":[{"taxonomy":"category","embeddable":true,"href":"https:\/\/projetocineb.com.br\/index.php?rest_route=%2Fwp%2Fv2%2Fcategories&post=3527"},{"taxonomy":"post_tag","embeddable":true,"href":"https:\/\/projetocineb.com.br\/index.php?rest_route=%2Fwp%2Fv2%2Ftags&post=3527"}],"curies":[{"name":"wp","href":"https:\/\/api.w.org\/{rel}","templated":true}]}}