{"id":3557,"date":"2012-08-18T21:37:48","date_gmt":"2012-08-19T00:37:48","guid":{"rendered":"http:\/\/projetocineb.com.br\/?p=3557"},"modified":"2012-08-18T21:37:48","modified_gmt":"2012-08-19T00:37:48","slug":"uniao-cidade-lider","status":"publish","type":"post","link":"https:\/\/projetocineb.com.br\/?p=3557","title":{"rendered":"UNI\u00c3O CIDADE L\u00cdDER"},"content":{"rendered":"<p>Na quarta-feira, 25 de julho, foi a vez da Cidade L\u00edder, zona leste de S\u00e3o Paulo, receber mais uma sess\u00e3o do CINEB. Quem nos abrigou para a exibi\u00e7\u00e3o do filme\u00a0<em>5 X favela &#8211; Agora por n\u00f3s mesmo<\/em> foi o Centro para a Juventude Uni\u00e3o Cidade L\u00edder. Em 2010 estivemos l\u00e1 com o filme <em>Dom\u00e9sticas<\/em>, de Fernando Meirelles.<\/p>\n<figure id=\"attachment_3559\" aria-describedby=\"caption-attachment-3559\" style=\"width: 364px\" class=\"wp-caption aligncenter\"><a href=\"http:\/\/projetocineb.com.br\/wp-content\/uploads\/2012\/08\/DSC04360.jpg\"><img fetchpriority=\"high\" decoding=\"async\" class=\"size-full wp-image-3559 \" title=\"Todos reunidos antes do in\u00edcio do filme\" src=\"http:\/\/projetocineb.com.br\/wp-content\/uploads\/2012\/08\/DSC04360.jpg\" alt=\"\" width=\"364\" height=\"272\" \/><\/a><figcaption id=\"caption-attachment-3559\" class=\"wp-caption-text\">Todos reunidos antes do in\u00edcio do filme<\/figcaption><\/figure>\n<p>Com certeza os jovens da Uni\u00e3o Cidade L\u00edder adoraram a nossa primeira visita\u00a0 de dois anos atr\u00e1s. A sess\u00e3o foi um verdadeiro sucesso: pelo menos 200 pessoas estavam l\u00e1 e muita gente n\u00e3o conseguiu ingresso. Mas isso tudo tamb\u00e9m teve o grande apoio da mo\u00e7ada que divulgou bastante a sess\u00e3o na vizinhan\u00e7a.<\/p>\n<figure id=\"attachment_3569\" aria-describedby=\"caption-attachment-3569\" style=\"width: 369px\" class=\"wp-caption aligncenter\"><a href=\"http:\/\/projetocineb.com.br\/wp-content\/uploads\/2012\/08\/DSC04377.jpg\"><img decoding=\"async\" class=\"size-full wp-image-3569  \" title=\"DSC04377\" src=\"http:\/\/projetocineb.com.br\/wp-content\/uploads\/2012\/08\/DSC04377.jpg\" alt=\"\" width=\"369\" height=\"277\" \/><\/a><figcaption id=\"caption-attachment-3569\" class=\"wp-caption-text\">Pipoquinha de gra\u00e7a para os nossos espectadores<\/figcaption><\/figure>\n<p>\u201cQuando falamos que ia ter cinema, todo mundo se animou\u201d, conta Fernanda Fiuza, diretora da Uni\u00e3o Cidade L\u00edder. Ela fala da import\u00e2ncia da sess\u00e3o em um bairro que n\u00e3o tem equipamento de cultura algum: \u201c\u00e9 uma possibilidade de amplia\u00e7\u00e3o do universo cultural destes jovens, ainda mais porque o filme \u00e9 muito ligado ao cotidiano deles\u201d.<\/p>\n<p>Foi o que disse a estudante Caroline, de 15 anos, que estava l\u00e1 com os amigos Sergio e Vladmir: \u201cO filme fala um pouco sobre a gente e como est\u00e1 o mundo hoje\u201d.<\/p>\n<figure id=\"attachment_3570\" aria-describedby=\"caption-attachment-3570\" style=\"width: 384px\" class=\"wp-caption aligncenter\"><a href=\"http:\/\/projetocineb.com.br\/wp-content\/uploads\/2012\/08\/DSC04379.jpg\"><img decoding=\"async\" class=\"size-full wp-image-3570\" title=\"DSC04379\" src=\"http:\/\/projetocineb.com.br\/wp-content\/uploads\/2012\/08\/DSC04379.jpg\" alt=\"\" width=\"384\" height=\"288\" \/><\/a><figcaption id=\"caption-attachment-3570\" class=\"wp-caption-text\">S\u00e9rgio, Vladmir e Caroline curtem o filme juntos<\/figcaption><\/figure>\n<p>Mas uma sess\u00e3o do Cine B \u00e9 tamb\u00e9m para reunir todo mundo, como as amigas Ingrid Jana\u00edna e Andressa Camilly. Ingrid contou que foi ver o filme por estar curiosa e tamb\u00e9m porque s\u00f3 tinha visto um filme brasileiro antes: \u201cVi <em>Dom\u00e9sticas <\/em>no outro CINEB\u201d.<\/p>\n<p>J\u00e1 para a estudante Isabel Cristina, de 14 anos, foi a primeira oportunidade de ir ao cinema. Para ela, a diferen\u00e7a que mais chamou a aten\u00e7\u00e3o em rela\u00e7\u00e3o \u00e0 assistir um filme na casa dela foi: \u201cEm casa tem pouca gente, aqui tem um mont\u00e3o. Gostei e vou voltar\u201d.<\/p>\n<figure id=\"attachment_3571\" aria-describedby=\"caption-attachment-3571\" style=\"width: 384px\" class=\"wp-caption aligncenter\"><a href=\"http:\/\/projetocineb.com.br\/wp-content\/uploads\/2012\/08\/DSC04378.jpg\"><img loading=\"lazy\" decoding=\"async\" class=\"size-full wp-image-3571\" title=\"DSC04378\" src=\"http:\/\/projetocineb.com.br\/wp-content\/uploads\/2012\/08\/DSC04378.jpg\" alt=\"\" width=\"384\" height=\"288\" \/><\/a><figcaption id=\"caption-attachment-3571\" class=\"wp-caption-text\">Andressa, Isabel e Ingrid estavam animadas<\/figcaption><\/figure>\n<p>Marli Rodrigues, que \u00e9 coordenadora da Uni\u00e3o Cidade L\u00edder, aproveitou para levar a fam\u00edlia toda ao cinema. Ela disse que o filme deixou uma li\u00e7\u00e3o de honestidade para os jovens presentes e de \u201ccomo a vida pode oferecer boas oportunidades para quem mora na periferia\u201d.<\/p>\n<figure id=\"attachment_3582\" aria-describedby=\"caption-attachment-3582\" style=\"width: 384px\" class=\"wp-caption aligncenter\"><a href=\"http:\/\/projetocineb.com.br\/wp-content\/uploads\/2012\/08\/DSC044052.jpg\"><img loading=\"lazy\" decoding=\"async\" class=\"size-full wp-image-3582\" title=\"DSC04405\" src=\"http:\/\/projetocineb.com.br\/wp-content\/uploads\/2012\/08\/DSC044052.jpg\" alt=\"\" width=\"384\" height=\"288\" \/><\/a><figcaption id=\"caption-attachment-3582\" class=\"wp-caption-text\">Marli Rodrigues e a fam\u00edlia.<\/figcaption><\/figure>\n<figure id=\"attachment_3583\" aria-describedby=\"caption-attachment-3583\" style=\"width: 384px\" class=\"wp-caption aligncenter\"><a href=\"http:\/\/projetocineb.com.br\/wp-content\/uploads\/2012\/08\/DSC043682.jpg\"><img loading=\"lazy\" decoding=\"async\" class=\"size-full wp-image-3583\" title=\"DSC04368\" src=\"http:\/\/projetocineb.com.br\/wp-content\/uploads\/2012\/08\/DSC043682.jpg\" alt=\"\" width=\"384\" height=\"288\" \/><\/a><figcaption id=\"caption-attachment-3583\" class=\"wp-caption-text\">Luiz Fernando e Jefferson Rodrigues juntos, pela quinta vez, no CINEB<\/figcaption><\/figure>\n<figure id=\"attachment_3584\" aria-describedby=\"caption-attachment-3584\" style=\"width: 332px\" class=\"wp-caption aligncenter\"><a href=\"http:\/\/projetocineb.com.br\/wp-content\/uploads\/2012\/08\/DSC044161.jpg\"><img loading=\"lazy\" decoding=\"async\" class=\"size-full wp-image-3584  \" title=\"DSC04416\" src=\"http:\/\/projetocineb.com.br\/wp-content\/uploads\/2012\/08\/DSC044161.jpg\" alt=\"\" width=\"332\" height=\"442\" \/><\/a><figcaption id=\"caption-attachment-3584\" class=\"wp-caption-text\">Fernanda Fiuza (diretora da Uni\u00e3o), Alex Minduim (assessor do deputado Luiz Cl\u00e1udio Marcolino), Cid\u00e1lio Vieira Santos ( coordenador do CINEB) e Renata Pires (coordenadora da Uni\u00e3o)<\/figcaption><\/figure>\n<figure id=\"attachment_3585\" aria-describedby=\"caption-attachment-3585\" style=\"width: 368px\" class=\"wp-caption aligncenter\"><a href=\"http:\/\/projetocineb.com.br\/wp-content\/uploads\/2012\/08\/001.jpg\"><img loading=\"lazy\" decoding=\"async\" class=\"size-full wp-image-3585 \" title=\"001\" src=\"http:\/\/projetocineb.com.br\/wp-content\/uploads\/2012\/08\/001.jpg\" alt=\"\" width=\"368\" height=\"277\" \/><\/a><figcaption id=\"caption-attachment-3585\" class=\"wp-caption-text\">A galera toda reunida ap\u00f3s sorteio das camisetas do CINEB<\/figcaption><\/figure>\n<p>Mais uma vez a sess\u00e3o do CINEB foi um sucesso. Quer ver a gente de volta outra vez? \u00c9 s\u00f3 curtir a nossa p\u00e1gina no <a href=\"http:\/\/www.facebook.com\/cinemabrasileiro?filter=3\">facebook<\/a>. O bairro que mais gente curtir, o CINEB volta com um novo filme.<\/p>\n","protected":false},"excerpt":{"rendered":"<p>Na quarta-feira, 25 de julho, foi a vez da Cidade L\u00edder, zona leste de S\u00e3o Paulo, receber mais uma sess\u00e3o[&#8230;]<\/p>\n","protected":false},"author":2,"featured_media":0,"comment_status":"open","ping_status":"open","sticky":false,"template":"","format":"standard","meta":[],"categories":[2],"tags":[154,229,242,263,266,1132,1191,1247],"_links":{"self":[{"href":"https:\/\/projetocineb.com.br\/index.php?rest_route=\/wp\/v2\/posts\/3557"}],"collection":[{"href":"https:\/\/projetocineb.com.br\/index.php?rest_route=\/wp\/v2\/posts"}],"about":[{"href":"https:\/\/projetocineb.com.br\/index.php?rest_route=\/wp\/v2\/types\/post"}],"author":[{"embeddable":true,"href":"https:\/\/projetocineb.com.br\/index.php?rest_route=\/wp\/v2\/users\/2"}],"replies":[{"embeddable":true,"href":"https:\/\/projetocineb.com.br\/index.php?rest_route=%2Fwp%2Fv2%2Fcomments&post=3557"}],"version-history":[{"count":0,"href":"https:\/\/projetocineb.com.br\/index.php?rest_route=\/wp\/v2\/posts\/3557\/revisions"}],"wp:attachment":[{"href":"https:\/\/projetocineb.com.br\/index.php?rest_route=%2Fwp%2Fv2%2Fmedia&parent=3557"}],"wp:term":[{"taxonomy":"category","embeddable":true,"href":"https:\/\/projetocineb.com.br\/index.php?rest_route=%2Fwp%2Fv2%2Fcategories&post=3557"},{"taxonomy":"post_tag","embeddable":true,"href":"https:\/\/projetocineb.com.br\/index.php?rest_route=%2Fwp%2Fv2%2Ftags&post=3557"}],"curies":[{"name":"wp","href":"https:\/\/api.w.org\/{rel}","templated":true}]}}