{"id":3614,"date":"2012-08-19T04:36:43","date_gmt":"2012-08-19T07:36:43","guid":{"rendered":"http:\/\/projetocineb.com.br\/?p=3614"},"modified":"2012-08-19T04:36:43","modified_gmt":"2012-08-19T07:36:43","slug":"cinema-ao-ar-livre-na-lapa-praca-amadeu-decome","status":"publish","type":"post","link":"https:\/\/projetocineb.com.br\/?p=3614","title":{"rendered":"CINEMA AO AR LIVRE NA LAPA &#8211; PRA\u00c7A AMADEU DECOME"},"content":{"rendered":"<p>Provavelmente o h\u00e1bito de se reunir em pra\u00e7as \u00e9 mais antigo do que a civiliza\u00e7\u00e3o grega, mas para este povo da antiguidade essas reuni\u00f5es em p\u00fablico serviam para os cidad\u00e3os exercerem a cidadania e a democracia. Nas pra\u00e7as, moradores das cidades discutiam pol\u00edtica. Hoje, em S\u00e3o Paulo, boa parte das quase cinco mil pra\u00e7as est\u00e3o abandonadas, destru\u00eddas e pouco utilizadas.<\/p>\n<figure id=\"attachment_3624\" aria-describedby=\"caption-attachment-3624\" style=\"width: 393px\" class=\"wp-caption aligncenter\"><a href=\"http:\/\/projetocineb.com.br\/wp-content\/uploads\/2012\/08\/DSC04509_1024x768.jpg\"><img fetchpriority=\"high\" decoding=\"async\" class=\"size-full wp-image-3624  \" title=\"DSC04509_1024x768\" src=\"http:\/\/projetocineb.com.br\/wp-content\/uploads\/2012\/08\/DSC04509_1024x768.jpg\" alt=\"\" width=\"393\" height=\"295\" \/><\/a><figcaption id=\"caption-attachment-3624\" class=\"wp-caption-text\">Ao por do sol, tudo j\u00e1 estava pronto para a proje\u00e7\u00e3o do filme<\/figcaption><\/figure>\n<p style=\"text-align: center;\">\n<p>Na contra m\u00e3o desta realidade, o Movimento Boa Pra\u00e7a realiza a\u00e7\u00f5es para revitalizar estes espa\u00e7os, unindo moradores dos bairros do Alto de Pinheiros, Lapa, Vila Romana e Vila Anglo.<\/p>\n<p>No domingo , 29 de julho, o movimento realizou o 36\u00ba PicNic Comunit\u00e1rio, que contou, pela terceira vez, com uma sess\u00e3o do Cine B ao ar livre. \u00c9 isso mesmo, a sess\u00e3o que fechou a programa\u00e7\u00e3o de agosto do CINEB exibiu o filme<em> 5x Favela &#8211; Agora por N\u00f3s Mesmos <\/em>na pra\u00e7a Amadeu Decome, na Lapa.<\/p>\n<figure id=\"attachment_3615\" aria-describedby=\"caption-attachment-3615\" style=\"width: 405px\" class=\"wp-caption aligncenter\"><a href=\"http:\/\/projetocineb.com.br\/wp-content\/uploads\/2012\/08\/DSC04566_1024x768.jpg\"><img decoding=\"async\" class=\"size-full wp-image-3615 \" title=\"DSC04566_1024x768\" src=\"http:\/\/projetocineb.com.br\/wp-content\/uploads\/2012\/08\/DSC04566_1024x768.jpg\" alt=\"\" width=\"405\" height=\"305\" \/><\/a><figcaption id=\"caption-attachment-3615\" class=\"wp-caption-text\">Sess\u00e3o cheia ao in\u00edcio do filme<\/figcaption><\/figure>\n<p>A empres\u00e1ria e idealizadora do Movimento Boa Pra\u00e7a, Cec\u00edlia Lotufo, destacou a import\u00e2ncia da ida do CINEB ao PicNic: \u201cEste tipo de parceria \u00a0garante que a nossa a\u00e7\u00e3o v\u00e1 para frente pois renova a nossa energia e d\u00e1 um g\u00e1s ao nosso movimento\u201d. Afinal, umas das qualidades do cinema \u00e9 reunir as pessoas, seja para divers\u00e3o ou provocar debates.<\/p>\n<figure id=\"attachment_3626\" aria-describedby=\"caption-attachment-3626\" style=\"width: 374px\" class=\"wp-caption aligncenter\"><a href=\"http:\/\/projetocineb.com.br\/wp-content\/uploads\/2012\/08\/DSC04575_1024x768.jpg\"><img decoding=\"async\" class=\"size-full wp-image-3626     \" title=\"DSC04575_1024x768\" src=\"http:\/\/projetocineb.com.br\/wp-content\/uploads\/2012\/08\/DSC04575_1024x768.jpg\" alt=\"\" width=\"374\" height=\"281\" \/><\/a><figcaption id=\"caption-attachment-3626\" class=\"wp-caption-text\">Mesmo na pra\u00e7a, o sil\u00eancio das pessoas era igual ao do cinema<\/figcaption><\/figure>\n<p style=\"text-align: center;\">\n<figure id=\"attachment_3625\" aria-describedby=\"caption-attachment-3625\" style=\"width: 387px\" class=\"wp-caption aligncenter\"><a href=\"http:\/\/projetocineb.com.br\/wp-content\/uploads\/2012\/08\/DSC04582_1024x768.jpg\"><img loading=\"lazy\" decoding=\"async\" class=\"size-full wp-image-3625  \" title=\"DSC04582_1024x768\" src=\"http:\/\/projetocineb.com.br\/wp-content\/uploads\/2012\/08\/DSC04582_1024x768.jpg\" alt=\"\" width=\"387\" height=\"291\" \/><\/a><figcaption id=\"caption-attachment-3625\" class=\"wp-caption-text\">Casal aproveita a grama e o clima agrad\u00e1vel para ver 5x Favela<\/figcaption><\/figure>\n<p style=\"text-align: center;\">\n<p>Foi o que aconteceu com as amigas Denise da Silva e Isaura G\u00f3is, ambas integrantes do Boa Pra\u00e7a. Denise confessou o motivo pelo qual n\u00e3o vai muito ao cinema: \u201cN\u00e3o vou por falta de companhia\u201d, disse a sorridente\u00a0 professora. E como ia ter cinema na pra\u00e7a, ela ficou. J\u00e1 Isaura disse adorar o cinema brasileiro porque \u201c \u00e9 uma coisa da gente, que tem a nossa cara\u201d. As amigas relembraram a \u00faltima vez que o Cine B esteve por l\u00e1: \u201cNossa! Como a gente se divertiu com aquele filme do guarda-chuva. Rimos muito!\u201d, conta Denise, se referindo \u00e0 exibi\u00e7\u00e3o do filme \u201cEu e meu Guarda-Chuva\u201d.<\/p>\n<figure id=\"attachment_3619\" aria-describedby=\"caption-attachment-3619\" style=\"width: 387px\" class=\"wp-caption aligncenter\"><a href=\"http:\/\/projetocineb.com.br\/wp-content\/uploads\/2012\/08\/DSC04513_1024x768.jpg\"><img loading=\"lazy\" decoding=\"async\" class=\"size-full wp-image-3619  \" title=\"DSC04513_1024x768\" src=\"http:\/\/projetocineb.com.br\/wp-content\/uploads\/2012\/08\/DSC04513_1024x768.jpg\" alt=\"\" width=\"387\" height=\"291\" \/><\/a><figcaption id=\"caption-attachment-3619\" class=\"wp-caption-text\">Denise da Silva e Isaura G\u00f3is <\/figcaption><\/figure>\n<p>Quem aproveitou para assistir <em>5x Favela<\/em> a c\u00e9u aberto foi o deputado estadual Luiz Cl\u00e1udio Marcolino, morador da regi\u00e3o. Para ele, \u201c tomar a pra\u00e7a \u00e9 fundamental\u201d pois mant\u00e9m a preserva\u00e7\u00e3o dela e garante espa\u00e7os p\u00fablicos democr\u00e1ticos. Ele elogiou a iniciativa do Movimento Boa Pra\u00e7a na Lapa e a parceria com o CINEB.<\/p>\n<figure id=\"attachment_3620\" aria-describedby=\"caption-attachment-3620\" style=\"width: 387px\" class=\"wp-caption aligncenter\"><a href=\"http:\/\/projetocineb.com.br\/wp-content\/uploads\/2012\/08\/DSC04541_1024x768.jpg\"><img loading=\"lazy\" decoding=\"async\" class=\"size-full wp-image-3620  \" title=\"DSC04541_1024x768\" src=\"http:\/\/projetocineb.com.br\/wp-content\/uploads\/2012\/08\/DSC04541_1024x768.jpg\" alt=\"\" width=\"387\" height=\"291\" \/><\/a><figcaption id=\"caption-attachment-3620\" class=\"wp-caption-text\">Da esquerda para a direita, Ricardo Ferraz e o filho, Cid\u00e1lio Viera Santos (coordenador CINEB), Luiz Cl\u00e1udio Marcolino (deputado estadual) e Cynthia Al\u00e1rio (diretora da Brazucah)<\/figcaption><\/figure>\n<figure id=\"attachment_3622\" aria-describedby=\"caption-attachment-3622\" style=\"width: 387px\" class=\"wp-caption aligncenter\"><a href=\"http:\/\/projetocineb.com.br\/wp-content\/uploads\/2012\/08\/DSC04557_1024x768.jpg\"><img loading=\"lazy\" decoding=\"async\" class=\"size-full wp-image-3622  \" title=\"DSC04557_1024x768\" src=\"http:\/\/projetocineb.com.br\/wp-content\/uploads\/2012\/08\/DSC04557_1024x768.jpg\" alt=\"\" width=\"387\" height=\"291\" \/><\/a><figcaption id=\"caption-attachment-3622\" class=\"wp-caption-text\">Luiz Cl\u00e1udio Marcolino, Cid\u00e1lio Vieira Santos e Cynthia Al\u00e1rio assistem ao filme 5x Favela<\/figcaption><\/figure>\n<p style=\"text-align: center;\">\n<p>Depois do filme, Adelina Freitas elogiou a iniciativa do Sindicado dos Banc\u00e1rios de S\u00e3o Paulo, Osasco e regi\u00e3o pelo projeto CINEB: \u201cEu, como ex-banc\u00e1ria, fico muito feliz em saber que o sindicato patrocina este tipo de projeto\u201d. Para ela, a exibi\u00e7\u00e3o do filme na pra\u00e7a \u201c ajuda a intera\u00e7\u00e3o das pessoas e a democratizar o cinema\u201d.<\/p>\n<figure id=\"attachment_3621\" aria-describedby=\"caption-attachment-3621\" style=\"width: 405px\" class=\"wp-caption aligncenter\"><a href=\"http:\/\/projetocineb.com.br\/wp-content\/uploads\/2012\/08\/DSC04589_1024x768.jpg\"><img loading=\"lazy\" decoding=\"async\" class=\"size-full wp-image-3621  \" title=\"DSC04589_1024x768\" src=\"http:\/\/projetocineb.com.br\/wp-content\/uploads\/2012\/08\/DSC04589_1024x768.jpg\" alt=\"\" width=\"405\" height=\"305\" \/><\/a><figcaption id=\"caption-attachment-3621\" class=\"wp-caption-text\">Da esquerda para a direita, Lupira, Regina Braga, Joice Braga. Abaixo, Adelima Freitas<\/figcaption><\/figure>\n<figure id=\"attachment_3627\" aria-describedby=\"caption-attachment-3627\" style=\"width: 387px\" class=\"wp-caption aligncenter\"><a href=\"http:\/\/projetocineb.com.br\/wp-content\/uploads\/2012\/08\/DSC04579_1024x768.jpg\"><img loading=\"lazy\" decoding=\"async\" class=\"size-full wp-image-3627  \" title=\"DSC04579_1024x768\" src=\"http:\/\/projetocineb.com.br\/wp-content\/uploads\/2012\/08\/DSC04579_1024x768.jpg\" alt=\"\" width=\"387\" height=\"291\" \/><\/a><figcaption id=\"caption-attachment-3627\" class=\"wp-caption-text\">\u00c0 direita, Rafael Pontes, da equipe do CINEB, com os pais Mercedes Pereira e Jos\u00e9 Martini<\/figcaption><\/figure>\n<figure id=\"attachment_3628\" aria-describedby=\"caption-attachment-3628\" style=\"width: 387px\" class=\"wp-caption aligncenter\"><a href=\"http:\/\/projetocineb.com.br\/wp-content\/uploads\/2012\/08\/DSC04585_1024x768.jpg\"><img loading=\"lazy\" decoding=\"async\" class=\"size-full wp-image-3628  \" title=\"DSC04585_1024x768\" src=\"http:\/\/projetocineb.com.br\/wp-content\/uploads\/2012\/08\/DSC04585_1024x768.jpg\" alt=\"\" width=\"387\" height=\"291\" \/><\/a><figcaption id=\"caption-attachment-3628\" class=\"wp-caption-text\">Sortudos que ganharam a camiseta do CINEB<\/figcaption><\/figure>\n<figure id=\"attachment_3629\" aria-describedby=\"caption-attachment-3629\" style=\"width: 405px\" class=\"wp-caption aligncenter\"><a href=\"http:\/\/projetocineb.com.br\/wp-content\/uploads\/2012\/08\/DSC04587_1024x768.jpg\"><img loading=\"lazy\" decoding=\"async\" class=\"size-full wp-image-3629   \" title=\"DSC04587_1024x768\" src=\"http:\/\/projetocineb.com.br\/wp-content\/uploads\/2012\/08\/DSC04587_1024x768.jpg\" alt=\"\" width=\"405\" height=\"305\" \/><\/a><figcaption id=\"caption-attachment-3629\" class=\"wp-caption-text\">Todos animados ao final da sess\u00e3o<\/figcaption><\/figure>\n<p style=\"text-align: center;\">\n<p>Agradecemos a presen\u00e7a de todos na sess\u00e3o, al\u00e9m do Jornal da Gente e do Jornal Nosso Barrio \u00a0que fizeram a cobertura do evento. Vale, tamb\u00e9m,\u00a0 um muito obrigado a S\u00e3o Pedro, que garantiu um clima agrad\u00e1vel, sem chuva e com temperatura amena em pleno inverno brasileiro.<\/p>\n<figure id=\"attachment_3630\" aria-describedby=\"caption-attachment-3630\" style=\"width: 368px\" class=\"wp-caption aligncenter\"><a href=\"http:\/\/projetocineb.com.br\/wp-content\/uploads\/2012\/08\/DSC04533_1024x768.jpg\"><img loading=\"lazy\" decoding=\"async\" class=\"size-full wp-image-3630 \" title=\"DSC04533_1024x768\" src=\"http:\/\/projetocineb.com.br\/wp-content\/uploads\/2012\/08\/DSC04533_1024x768.jpg\" alt=\"\" width=\"368\" height=\"277\" \/><\/a><figcaption id=\"caption-attachment-3630\" class=\"wp-caption-text\">Jornal da Gente cobriu a sess\u00e3o<\/figcaption><\/figure>\n<p style=\"text-align: center;\">\n<p>Fique por dentro de tudo que acontece no Cine B. Acesse e curta a nossa p\u00e1gina no facebook. At\u00e9 a pr\u00f3xima, amigos da pra\u00e7a.<\/p>\n","protected":false},"excerpt":{"rendered":"<p>Provavelmente o h\u00e1bito de se reunir em pra\u00e7as \u00e9 mais antigo do que a civiliza\u00e7\u00e3o grega, mas para este povo[&#8230;]<\/p>\n","protected":false},"author":2,"featured_media":0,"comment_status":"open","ping_status":"open","sticky":false,"template":"","format":"standard","meta":[],"categories":[2],"tags":[],"_links":{"self":[{"href":"https:\/\/projetocineb.com.br\/index.php?rest_route=\/wp\/v2\/posts\/3614"}],"collection":[{"href":"https:\/\/projetocineb.com.br\/index.php?rest_route=\/wp\/v2\/posts"}],"about":[{"href":"https:\/\/projetocineb.com.br\/index.php?rest_route=\/wp\/v2\/types\/post"}],"author":[{"embeddable":true,"href":"https:\/\/projetocineb.com.br\/index.php?rest_route=\/wp\/v2\/users\/2"}],"replies":[{"embeddable":true,"href":"https:\/\/projetocineb.com.br\/index.php?rest_route=%2Fwp%2Fv2%2Fcomments&post=3614"}],"version-history":[{"count":0,"href":"https:\/\/projetocineb.com.br\/index.php?rest_route=\/wp\/v2\/posts\/3614\/revisions"}],"wp:attachment":[{"href":"https:\/\/projetocineb.com.br\/index.php?rest_route=%2Fwp%2Fv2%2Fmedia&parent=3614"}],"wp:term":[{"taxonomy":"category","embeddable":true,"href":"https:\/\/projetocineb.com.br\/index.php?rest_route=%2Fwp%2Fv2%2Fcategories&post=3614"},{"taxonomy":"post_tag","embeddable":true,"href":"https:\/\/projetocineb.com.br\/index.php?rest_route=%2Fwp%2Fv2%2Ftags&post=3614"}],"curies":[{"name":"wp","href":"https:\/\/api.w.org\/{rel}","templated":true}]}}