{"id":3648,"date":"2012-08-19T05:31:03","date_gmt":"2012-08-19T08:31:03","guid":{"rendered":"http:\/\/projetocineb.com.br\/?p=3648"},"modified":"2012-08-19T05:31:03","modified_gmt":"2012-08-19T08:31:03","slug":"parque-doroteia-zona-norte","status":"publish","type":"post","link":"https:\/\/projetocineb.com.br\/?p=3648","title":{"rendered":"PARQUE DOROT\u00c9IA &#8211; ZONA SUL"},"content":{"rendered":"<p>Desta vez, o projeto CINEB levou o filme<em> 5X Favela &#8211; Agora por n\u00f3s mesmos<\/em>, para o Parque Dorot\u00e9ia, na zona sul de S\u00e3o Paulo, quase divisa com o munic\u00edpio de Diadema. A ideia da sess\u00e3o foi da moradora Adriana Pereira, que conhece o idealizador do projeto, Cid\u00e1lio Vieira Santos.<br \/>\nAdriana, que tamb\u00e9m \u00e9 assessora do deputado Luiz Claudio Marcolino, conta que gosta de organizar eventos em sua comunidade: \u201cSempre que posso, e consigo, realizo eventos deste tipo aqui, pois n\u00e3o temos muitas op\u00e7\u00f5es culturais em nossa regi\u00e3o\u201d. Ela disse que o lugar mais pr\u00f3ximo que oferece cultura \u00e9 o CEU Alvarenga, mas que l\u00e1, h\u00e1 pelo menos 4 anos, o n\u00famero destas atividades diminuiu bastante.<\/p>\n<figure id=\"attachment_3655\" aria-describedby=\"caption-attachment-3655\" style=\"width: 368px\" class=\"wp-caption aligncenter\"><a href=\"http:\/\/projetocineb.com.br\/wp-content\/uploads\/2012\/08\/CIMG1664_1024x768.jpg\"><img fetchpriority=\"high\" decoding=\"async\" class=\"size-full wp-image-3655\" title=\"CIMG1664_1024x768\" src=\"http:\/\/projetocineb.com.br\/wp-content\/uploads\/2012\/08\/CIMG1664_1024x768.jpg\" alt=\"\" width=\"368\" height=\"277\" \/><\/a><figcaption id=\"caption-attachment-3655\" class=\"wp-caption-text\">Cid\u00e1lio Vieira Santos (coordenador do CINEB)  e Adriana Pereira (assessora do deputado Luiz Cl\u00e1udio Marcolino)<\/figcaption><\/figure>\n<p>Para a sess\u00e3o, ela conseguiu um espa\u00e7o na Par\u00f3quia Santa Teresinha, chamou vizinhos de bairro e comunidades ao redor, e ainda saiu com um carro de som anunciando a sess\u00e3o: \u201cQuando falamos que teria sess\u00e3o de cinema com pipoca, e tudo de gra\u00e7a, v\u00e1rias pessoas ficaram desconfiadas\u201d, conclui Adriana, referindo-se \u00e0 rea\u00e7\u00e3o das pessoas com o an\u00fancio do Cine B por l\u00e1.<\/p>\n<figure id=\"attachment_3659\" aria-describedby=\"caption-attachment-3659\" style=\"width: 368px\" class=\"wp-caption aligncenter\"><a href=\"http:\/\/projetocineb.com.br\/wp-content\/uploads\/2012\/08\/CIMG1680_1024x768.jpg\"><img decoding=\"async\" class=\"size-full wp-image-3659\" title=\"CIMG1680_1024x768\" src=\"http:\/\/projetocineb.com.br\/wp-content\/uploads\/2012\/08\/CIMG1680_1024x768.jpg\" alt=\"\" width=\"368\" height=\"277\" \/><\/a><figcaption id=\"caption-attachment-3659\" class=\"wp-caption-text\">Moradores assistem ao 5x Favela<\/figcaption><\/figure>\n<p style=\"text-align: center;\">\n<p>Quem ficou no carro de som, convidando a comunidade para a sess\u00e3o, foi o l\u00edder comunit\u00e1rio Dagmar Clemente, ou apenas Seu Magu, que tamb\u00e9m ajudou a organizar a sess\u00e3o. Ele acredita no potencial educativo do cinema, que no caso do filme <em>5X Favela<\/em>, pode ajudar os pais a orientar melhor seus filhos: \u201cAssistir ao filme hoje \u00e9 uma rara op\u00e7\u00e3o ao Pancad\u00e3o\u201d. Ele conta que este Pancad\u00e3o \u00e9 uma m\u00e1 influ\u00eancia para as crian\u00e7as e adolescentes, pois s\u00e3o reuni\u00f5es nas ruas regadas a muito \u00e1lcool e drogas.<\/p>\n<figure id=\"attachment_3660\" aria-describedby=\"caption-attachment-3660\" style=\"width: 368px\" class=\"wp-caption aligncenter\"><a href=\"http:\/\/projetocineb.com.br\/wp-content\/uploads\/2012\/08\/CIMG1681_1024x768.jpg\"><img decoding=\"async\" class=\"size-full wp-image-3660 \" title=\"CIMG1681_1024x768\" src=\"http:\/\/projetocineb.com.br\/wp-content\/uploads\/2012\/08\/CIMG1681_1024x768.jpg\" alt=\"\" width=\"368\" height=\"277\" \/><\/a><figcaption id=\"caption-attachment-3660\" class=\"wp-caption-text\">Jadielma Gomes, com os filhos Kaike e Bruna<\/figcaption><\/figure>\n<p>Presente na sess\u00e3o, a cabeleireira Silvana Galdino disse adorar cinema brasileiro: \u201cOlha, eu adoro filme nacional, j\u00e1 vi muitos. <em>Se eu fosse voc\u00ea, O auto da compadecida, O palha\u00e7o, O homem que desafiou o diabo<\/em>. Vejo tudo. Acho que temos que dar valor ao que \u00e9 nosso\u201d. Silvana estava empolgad\u00edssima com a sess\u00e3o, e lembrou que chorou quando o Brasil n\u00e3o levou o Oscar de melhor can\u00e7\u00e3o original pelo filme <em>Rio<\/em>: \u201cFiquei acompanhando pela televis\u00e3o. Estava muito ansiosa. Quando vi que n\u00e3o ganhamos, chorei\u201d.<\/p>\n<figure id=\"attachment_3661\" aria-describedby=\"caption-attachment-3661\" style=\"width: 368px\" class=\"wp-caption aligncenter\"><a href=\"http:\/\/projetocineb.com.br\/wp-content\/uploads\/2012\/08\/CIMG1653_1024x768.jpg\"><img loading=\"lazy\" decoding=\"async\" class=\"size-full wp-image-3661\" title=\"CIMG1653_1024x768\" src=\"http:\/\/projetocineb.com.br\/wp-content\/uploads\/2012\/08\/CIMG1653_1024x768.jpg\" alt=\"\" width=\"368\" height=\"277\" \/><\/a><figcaption id=\"caption-attachment-3661\" class=\"wp-caption-text\">Silvana Galdino, a maior f\u00e3 do cinema nacional presente na sess\u00e3o<\/figcaption><\/figure>\n<p>O estudante Thiago Pereira \u00e9 f\u00e3 do CINEB e vai \u00e0s nossas sess\u00f5es h\u00e1 dois anos: \u201cO melhor do CINEB \u00e9 a pipoca de gra\u00e7a e a intera\u00e7\u00e3o que tenho com as pessoas. J\u00e1 consegui at\u00e9 ir em pr\u00e9-estreias\u201d. Desta vez, ele levou a amiga Juscil\u00e9ia Santos, que acha vantagem do cinema brasileiro sobre o estrangeiro porque \u201c o filme \u00e9 mais natural, os personagens s\u00e3o mais reais\u201d. E ela ainda indicou o<em> 5X Favela<\/em>: \u201cDeu pra se emocionar e dar muitas risadas. O filme \u00e9 pra todos os gostos\u201d.<\/p>\n<figure id=\"attachment_3662\" aria-describedby=\"caption-attachment-3662\" style=\"width: 368px\" class=\"wp-caption aligncenter\"><a href=\"http:\/\/projetocineb.com.br\/wp-content\/uploads\/2012\/08\/CIMG1685_1024x768.jpg\"><img loading=\"lazy\" decoding=\"async\" class=\"size-full wp-image-3662\" title=\"CIMG1685_1024x768\" src=\"http:\/\/projetocineb.com.br\/wp-content\/uploads\/2012\/08\/CIMG1685_1024x768.jpg\" alt=\"\" width=\"368\" height=\"277\" \/><\/a><figcaption id=\"caption-attachment-3662\" class=\"wp-caption-text\">Os amigos Thiago Pereira e Juscil\u00e9ia Santos<\/figcaption><\/figure>\n<figure id=\"attachment_3663\" aria-describedby=\"caption-attachment-3663\" style=\"width: 368px\" class=\"wp-caption aligncenter\"><a href=\"http:\/\/projetocineb.com.br\/wp-content\/uploads\/2012\/08\/CIMG1687_1024x768.jpg\"><img loading=\"lazy\" decoding=\"async\" class=\"size-full wp-image-3663\" title=\"CIMG1687_1024x768\" src=\"http:\/\/projetocineb.com.br\/wp-content\/uploads\/2012\/08\/CIMG1687_1024x768.jpg\" alt=\"\" width=\"368\" height=\"277\" \/><\/a><figcaption id=\"caption-attachment-3663\" class=\"wp-caption-text\">Ricardo Alves, diretor da escolinha de futebol Santa Am\u00e9lia, e a namorada Roseleine Sales<\/figcaption><\/figure>\n<figure id=\"attachment_3664\" aria-describedby=\"caption-attachment-3664\" style=\"width: 368px\" class=\"wp-caption aligncenter\"><a href=\"http:\/\/projetocineb.com.br\/wp-content\/uploads\/2012\/08\/CIMG1691_1024x768.jpg\"><img loading=\"lazy\" decoding=\"async\" class=\"size-full wp-image-3664\" title=\"CIMG1691_1024x768\" src=\"http:\/\/projetocineb.com.br\/wp-content\/uploads\/2012\/08\/CIMG1691_1024x768.jpg\" alt=\"\" width=\"368\" height=\"277\" \/><\/a><figcaption id=\"caption-attachment-3664\" class=\"wp-caption-text\">Cid\u00e1lio Vieira Santos, Adriana Pereira e Cl\u00e1udio Pereira<\/figcaption><\/figure>\n<figure id=\"attachment_3665\" aria-describedby=\"caption-attachment-3665\" style=\"width: 368px\" class=\"wp-caption aligncenter\"><a href=\"http:\/\/projetocineb.com.br\/wp-content\/uploads\/2012\/08\/CIMG1690_1024x768.jpg\"><img loading=\"lazy\" decoding=\"async\" class=\"size-full wp-image-3665\" title=\"CIMG1690_1024x768\" src=\"http:\/\/projetocineb.com.br\/wp-content\/uploads\/2012\/08\/CIMG1690_1024x768.jpg\" alt=\"\" width=\"368\" height=\"277\" \/><\/a><figcaption id=\"caption-attachment-3665\" class=\"wp-caption-text\">Fim da sess\u00e3o com muita pipoca e camisetas sorteadas<\/figcaption><\/figure>\n<p>\u00c9 isso mesmo, pessoal. E o CINEB n\u00e3o para. Confira nossa<a href=\"http:\/\/projetocineb.com.br\/?page_id=464\"> programa\u00e7\u00e3o<\/a> nos bairros e nas universidades. E sempre tem novidade. Fique por dentro curtindo a nossa p\u00e1gina no<a href=\"http:\/\/pt-br.facebook.com\/cinemabrasileiro?filter=3\"> facebook.<\/a><\/p>\n","protected":false},"excerpt":{"rendered":"<p>Desta vez, o projeto CINEB levou o filme 5X Favela &#8211; Agora por n\u00f3s mesmos, para o Parque Dorot\u00e9ia, na[&#8230;]<\/p>\n","protected":false},"author":2,"featured_media":0,"comment_status":"open","ping_status":"open","sticky":false,"template":"","format":"standard","meta":[],"categories":[2],"tags":[],"_links":{"self":[{"href":"https:\/\/projetocineb.com.br\/index.php?rest_route=\/wp\/v2\/posts\/3648"}],"collection":[{"href":"https:\/\/projetocineb.com.br\/index.php?rest_route=\/wp\/v2\/posts"}],"about":[{"href":"https:\/\/projetocineb.com.br\/index.php?rest_route=\/wp\/v2\/types\/post"}],"author":[{"embeddable":true,"href":"https:\/\/projetocineb.com.br\/index.php?rest_route=\/wp\/v2\/users\/2"}],"replies":[{"embeddable":true,"href":"https:\/\/projetocineb.com.br\/index.php?rest_route=%2Fwp%2Fv2%2Fcomments&post=3648"}],"version-history":[{"count":0,"href":"https:\/\/projetocineb.com.br\/index.php?rest_route=\/wp\/v2\/posts\/3648\/revisions"}],"wp:attachment":[{"href":"https:\/\/projetocineb.com.br\/index.php?rest_route=%2Fwp%2Fv2%2Fmedia&parent=3648"}],"wp:term":[{"taxonomy":"category","embeddable":true,"href":"https:\/\/projetocineb.com.br\/index.php?rest_route=%2Fwp%2Fv2%2Fcategories&post=3648"},{"taxonomy":"post_tag","embeddable":true,"href":"https:\/\/projetocineb.com.br\/index.php?rest_route=%2Fwp%2Fv2%2Ftags&post=3648"}],"curies":[{"name":"wp","href":"https:\/\/api.w.org\/{rel}","templated":true}]}}