{"id":3672,"date":"2012-08-23T19:52:54","date_gmt":"2012-08-23T22:52:54","guid":{"rendered":"http:\/\/projetocineb.com.br\/?p=3672"},"modified":"2012-08-23T19:52:54","modified_gmt":"2012-08-23T22:52:54","slug":"cineb-universidades-na-fiamfmu","status":"publish","type":"post","link":"https:\/\/projetocineb.com.br\/?p=3672","title":{"rendered":"CINEB UNIVERSIDADES NA FIAM\/FMU"},"content":{"rendered":"<p>O CINEB Universidades exibiu, nos dias 06 e 07 de agosto, o document\u00e1rio <em>Utopia e Barb\u00e1rie<\/em>, de Silvio Tendler, na semana de recep\u00e7\u00e3o dos calouros de comunica\u00e7\u00e3o da FIAM\/FMU. O filme traz uma an\u00e1lise do que foi feito do mundo p\u00f3s-Segunda Guerra Mundial, sob a vis\u00e3o do diretor que vivenciou a explosiva gera\u00e7\u00e3o de 68.<\/p>\n<p>Este projeto, em parceria com universidades, leva a estudantes filmes nacionais que ajudam a compreender e debater o mundo atual. O mais bacana \u00e9 que as exibi\u00e7\u00f5es proporcionam bons debates entre alunos e professores em sala de aula.<\/p>\n<figure id=\"attachment_3673\" aria-describedby=\"caption-attachment-3673\" style=\"width: 368px\" class=\"wp-caption aligncenter\"><a href=\"http:\/\/projetocineb.com.br\/wp-content\/uploads\/2012\/08\/DSC04710_1024x768.jpg\"><img fetchpriority=\"high\" decoding=\"async\" class=\"size-full wp-image-3673 \" title=\"DSC04710_1024x768\" src=\"http:\/\/projetocineb.com.br\/wp-content\/uploads\/2012\/08\/DSC04710_1024x768.jpg\" alt=\"\" width=\"368\" height=\"277\" \/><\/a><figcaption id=\"caption-attachment-3673\" class=\"wp-caption-text\">Alunos fazem fila para a sess\u00e3o<\/figcaption><\/figure>\n<p>Comentando a import\u00e2ncia da exibi\u00e7\u00e3o de<em> Utopia e Barb\u00e1rie<\/em> para os alunos rec\u00e9m chegados \u00e0 universidade, a diretora de comunica\u00e7\u00e3o da FIAM, M\u00e1rcia Furlan Avanza, comenta que o filme faz um bom resumo da hist\u00f3ria nas \u00faltimas d\u00e9cadas e que, para ela, \u201cA base da comunica\u00e7\u00e3o \u00e9 o conhecimento geral\u201d. Ela afirma, ainda, que o conhecimento n\u00e3o est\u00e1 apenas nas salas de aula: \u201cEste belo document\u00e1rio traz todo um conhecimento de fora da universidade. Ele nos ajuda a mostrar o mundo para os nossos alunos\u201d.<\/p>\n<figure id=\"attachment_3676\" aria-describedby=\"caption-attachment-3676\" style=\"width: 368px\" class=\"wp-caption aligncenter\"><a href=\"http:\/\/projetocineb.com.br\/wp-content\/uploads\/2012\/08\/DSC04660_1024x768.jpg\"><img decoding=\"async\" class=\"size-full wp-image-3676\" title=\"DSC04660_1024x768\" src=\"http:\/\/projetocineb.com.br\/wp-content\/uploads\/2012\/08\/DSC04660_1024x768.jpg\" alt=\"\" width=\"368\" height=\"277\" \/><\/a><figcaption id=\"caption-attachment-3676\" class=\"wp-caption-text\">Alunos do campus Liberdade chegam para a sess\u00e3o<\/figcaption><\/figure>\n<figure id=\"attachment_3677\" aria-describedby=\"caption-attachment-3677\" style=\"width: 368px\" class=\"wp-caption aligncenter\"><a href=\"http:\/\/projetocineb.com.br\/wp-content\/uploads\/2012\/08\/DSC04765_1024x768.jpg\"><img decoding=\"async\" class=\"size-full wp-image-3677\" title=\"DSC04765_1024x768\" src=\"http:\/\/projetocineb.com.br\/wp-content\/uploads\/2012\/08\/DSC04765_1024x768.jpg\" alt=\"\" width=\"368\" height=\"277\" \/><\/a><figcaption id=\"caption-attachment-3677\" class=\"wp-caption-text\">Audit\u00f3rio do campus Morumbi lotado<\/figcaption><\/figure>\n<p>M\u00e1rcia aproveitou para lembrar a\u00a0 outra vez que o CINEB Universidades esteve l\u00e1, quando exibiu <em>Simonal &#8211; Ningu\u00e9m sabe o duro que dei<\/em>: \u201cQuando exibimos o filme sobre o Simonal, os alunos ficaram abismados com a hist\u00f3ria dele. Ningu\u00e9m o conhecia\u201d, conta a simp\u00e1tica diretora, que \u00e9 f\u00e3 e tem a discografia completa do m\u00fasico. Ela complementa dizendo que \u201c o bom do document\u00e1rio \u00e9 que ele traz a nossa cultura do passado para os jovens de hoje\u201d. Al\u00e9m do mais, a sess\u00e3o gratuita \u00e9 uma boa oportunidade para\u00a0assistir\u00a0a um document\u00e1rio, j\u00e1 que este g\u00eanero \u00e9 pouco procurado nas salas de cinema.<\/p>\n<figure id=\"attachment_3679\" aria-describedby=\"caption-attachment-3679\" style=\"width: 368px\" class=\"wp-caption aligncenter\"><a href=\"http:\/\/projetocineb.com.br\/wp-content\/uploads\/2012\/08\/DSC04658_1024x768.jpg\"><img loading=\"lazy\" decoding=\"async\" class=\"size-full wp-image-3679\" title=\"DSC04658_1024x768\" src=\"http:\/\/projetocineb.com.br\/wp-content\/uploads\/2012\/08\/DSC04658_1024x768.jpg\" alt=\"\" width=\"368\" height=\"277\" \/><\/a><figcaption id=\"caption-attachment-3679\" class=\"wp-caption-text\">Alunos aprovam a pipoca do Seu Ant\u00f4nio<\/figcaption><\/figure>\n<p>A caloura de publicidade Maira Meneses, 19 anos, se declara uma apaixonada por cinema nacional: \u201cEu deixo de assitir filmes internacionais para ver os brasileiros\u201d. Ela conta que este interesse pela nossa produ\u00e7\u00e3o veio da influ\u00eancia do professor de geografia no colegial: \u201cele sempre me incentivava a dar valor ao que \u00e9 nosso, foi a\u00ed que eu comecei a conhecer melhor n\u00e3o s\u00f3 os filmes, mas tamb\u00e9m a m\u00fasica brasileira\u201d. Sobre a sess\u00e3o, ela gostou de saber da exibi\u00e7\u00e3o de filmes brasileiros e estava curiosa, j\u00e1 que n\u00e3o \u00e9 muito acostumada a assistir document\u00e1rios.<\/p>\n<figure id=\"attachment_3681\" aria-describedby=\"caption-attachment-3681\" style=\"width: 368px\" class=\"wp-caption aligncenter\"><a href=\"http:\/\/projetocineb.com.br\/wp-content\/uploads\/2012\/08\/DSC04722_1024x768.jpg\"><img loading=\"lazy\" decoding=\"async\" class=\"size-full wp-image-3681\" title=\"DSC04722_1024x768\" src=\"http:\/\/projetocineb.com.br\/wp-content\/uploads\/2012\/08\/DSC04722_1024x768.jpg\" alt=\"\" width=\"368\" height=\"277\" \/><\/a><figcaption id=\"caption-attachment-3681\" class=\"wp-caption-text\">Estudante Maira Meneses, apaixonada por tudo que \u00e9 brasileiro<\/figcaption><\/figure>\n<p>E n\u00e3o era s\u00f3 ela. Todas as tr\u00eas sess\u00f5es estavam lotadas, mais de 400 alunos em cada uma. Uma parceria que deu sucesso e resultados. Para a coordenadora do curso de R\u00e1dio e Tv, Let\u00edcia Capanema, a\u00a0 sess\u00e3o lotada na atividade de calouros \u00e9\u00a0 positiva pois \u201cincentiva a cultura de participar de atividade complementares, al\u00e9m do h\u00e1bito de assistir a document\u00e1rios e filmes brasileiros\u201d.<\/p>\n<figure id=\"attachment_3683\" aria-describedby=\"caption-attachment-3683\" style=\"width: 368px\" class=\"wp-caption aligncenter\"><a href=\"http:\/\/projetocineb.com.br\/wp-content\/uploads\/2012\/08\/DSC04745_1024x768.jpg\"><img loading=\"lazy\" decoding=\"async\" class=\"size-full wp-image-3683 \" title=\"DSC04745_1024x768\" src=\"http:\/\/projetocineb.com.br\/wp-content\/uploads\/2012\/08\/DSC04745_1024x768.jpg\" alt=\"\" width=\"368\" height=\"277\" \/><\/a><figcaption id=\"caption-attachment-3683\" class=\"wp-caption-text\">Let\u00edcia Capanema d\u00e1 as boas vindas aos seus alunos<\/figcaption><\/figure>\n<figure id=\"attachment_3691\" aria-describedby=\"caption-attachment-3691\" style=\"width: 277px\" class=\"wp-caption aligncenter\"><a href=\"http:\/\/projetocineb.com.br\/wp-content\/uploads\/2012\/08\/DSC04775_1024x768.jpg\"><img loading=\"lazy\" decoding=\"async\" class=\"size-full wp-image-3691\" title=\"DSC04775_1024x768\" src=\"http:\/\/projetocineb.com.br\/wp-content\/uploads\/2012\/08\/DSC04775_1024x768.jpg\" alt=\"\" width=\"277\" height=\"368\" \/><\/a><figcaption id=\"caption-attachment-3691\" class=\"wp-caption-text\">Algumas das sorteadas que faturaram uma camiseta do CINEB<\/figcaption><\/figure>\n<p>E essa \u00e9 a finalidade do CINEB Universidades: complementar as atividades acad\u00eamicas, incentivando o debate, a conviv\u00eancia e a troca de conhecimento, al\u00e9m de divulgar a cultura brasileira.<\/p>\n<p style=\"text-align: left;\">\n","protected":false},"excerpt":{"rendered":"<p>O CINEB Universidades exibiu, nos dias 06 e 07 de agosto, o document\u00e1rio Utopia e Barb\u00e1rie, de Silvio Tendler, na[&#8230;]<\/p>\n","protected":false},"author":2,"featured_media":0,"comment_status":"open","ping_status":"open","sticky":false,"template":"","format":"standard","meta":[],"categories":[2],"tags":[],"_links":{"self":[{"href":"https:\/\/projetocineb.com.br\/index.php?rest_route=\/wp\/v2\/posts\/3672"}],"collection":[{"href":"https:\/\/projetocineb.com.br\/index.php?rest_route=\/wp\/v2\/posts"}],"about":[{"href":"https:\/\/projetocineb.com.br\/index.php?rest_route=\/wp\/v2\/types\/post"}],"author":[{"embeddable":true,"href":"https:\/\/projetocineb.com.br\/index.php?rest_route=\/wp\/v2\/users\/2"}],"replies":[{"embeddable":true,"href":"https:\/\/projetocineb.com.br\/index.php?rest_route=%2Fwp%2Fv2%2Fcomments&post=3672"}],"version-history":[{"count":0,"href":"https:\/\/projetocineb.com.br\/index.php?rest_route=\/wp\/v2\/posts\/3672\/revisions"}],"wp:attachment":[{"href":"https:\/\/projetocineb.com.br\/index.php?rest_route=%2Fwp%2Fv2%2Fmedia&parent=3672"}],"wp:term":[{"taxonomy":"category","embeddable":true,"href":"https:\/\/projetocineb.com.br\/index.php?rest_route=%2Fwp%2Fv2%2Fcategories&post=3672"},{"taxonomy":"post_tag","embeddable":true,"href":"https:\/\/projetocineb.com.br\/index.php?rest_route=%2Fwp%2Fv2%2Ftags&post=3672"}],"curies":[{"name":"wp","href":"https:\/\/api.w.org\/{rel}","templated":true}]}}