{"id":369,"date":"2010-02-22T05:20:48","date_gmt":"2010-02-22T05:20:48","guid":{"rendered":"http:\/\/projetocineb.com.br\/?p=369"},"modified":"2010-02-22T05:20:48","modified_gmt":"2010-02-22T05:20:48","slug":"vila-anastacio","status":"publish","type":"post","link":"https:\/\/projetocineb.com.br\/?p=369","title":{"rendered":"VILA ANAST\u00c1CIO"},"content":{"rendered":"<p>Uau! Cine B marcando presen\u00e7a <span style=\"color: #0000ff;\">pela primeira vez em Vila Anast\u00e1cio<\/span>, zona oeste de S\u00e3o Paulo, numa sess\u00e3o com <span style=\"color: #0000ff;\">250 pessoas<\/span>! O <span style=\"color: #0000ff;\">sal\u00e3o da Igreja Santo Estev\u00e3o Rei<\/span> se transformou numa animada sala de cinema.<\/p>\n<p>Nesta sess\u00e3o tivemos a ilustre <span style=\"color: #0000ff;\">presen\u00e7a do elenco do curta<\/span>-metragem brasileiro <em><span style=\"color: #0000ff;\"><a href=\"http:\/\/delaorden9.com\/2009\/10\/09\/7524\/\" target=\"_blank\">O troco<\/a><\/span><\/em>. O roteirista, produtor e diretor do curta, <span style=\"color: #0000ff;\">Andr\u00e9 Rolim<\/span>, veio acompanhado dos atores\u00a0 <span style=\"color: #0000ff;\">Lieser Touma e Cinira Fiuza<\/span>. <span style=\"color: #0000ff;\">Cynthia Alario<\/span>, diretora da <span style=\"color: #0000ff;\">Brazucah Produ\u00e7\u00f5es<\/span> tamb\u00e9m marcou presen\u00e7a no evento.<\/p>\n<p style=\"text-align: center;\"><a href=\"http:\/\/projetocineb.com.br\/wp-content\/uploads\/2010\/02\/Anastacio04.jpg\"><img fetchpriority=\"high\" decoding=\"async\" class=\"aligncenter size-full wp-image-384\" title=\"Lieser Touma, ator, Cid\u00e1lio Vieira Santos da Brazucah, Andr\u00e9 Rolim, diretor do curta O Troco, Luiz Cl\u00e1udio Marcolino, presidente do Sindicato dos Banc\u00e1rio e Cinira Fiuza, atriz.\" src=\"http:\/\/projetocineb.com.br\/wp-content\/uploads\/2010\/02\/Anastacio04.jpg\" alt=\"\" width=\"403\" height=\"268\" \/><\/a><\/p>\n<p>Coincidentemente, o <span style=\"color: #0000ff;\">editor assistente da revista <\/span><a href=\"http:\/\/movie.uol.com.br\" target=\"_blank\"><span style=\"color: #0000ff;\">Movie<\/span><\/a>, <span style=\"color: #0000ff;\">Leonardo Carvalho<\/span>, acompanhado do <span style=\"color: #0000ff;\">fot\u00f3grafo Mastrangelo Reino<\/span>, tamb\u00e9m estiveram nesta sess\u00e3o para uma reportagem que sair\u00e1 edi\u00e7\u00e3o de mar\u00e7o, sobre nosso querido Cine B.<\/p>\n<p>Morador de Vila Leopoldina, bairro vizinho de Vila Anast\u00e1cio, <span style=\"color: #0000ff;\">Luiz Cl\u00e1udio Marcolino, presidente do Sindicato dos Banc\u00e1rios de S\u00e3o Paulo, Osasco e Regi\u00e3o<\/span>, tamb\u00e9m apareceu neste <span style=\"color: #0000ff;\">Cine B<\/span>. O<span style=\"color: #0000ff;\"> idealizador<\/span> do evento chegou direto de Bras\u00edlia para <span style=\"color: #0000ff;\">refor\u00e7ar com o padre Joaquim<\/span>, da Igreja Santo Estev\u00e3o Rei, a <span style=\"color: #0000ff;\">vontade do Sindicato em criar uma forte parceria com a comunidade<\/span>.<\/p>\n<p>\u201cQuando come\u00e7amos com o Cine B, h\u00e1 quatro anos, nem sab\u00edamos se ia dar certo. O objetivo era que as pr\u00f3prias comunidades organizassem a sess\u00e3o. Em troca, como acontece ainda hoje, o Sindicato disponibilizaria o material para divulga\u00e7\u00e3o e a estrutura para montagem do cinema\u201d, disse o presidente Luiz Cl\u00e1udio Marcolino.<\/p>\n<p>Ele conta que no come\u00e7o, n\u00e3o sabiam como solucionar os problemas com direitos de exibi\u00e7\u00e3o dos filmes. Foi a\u00ed que surgiu a parceria entre o Sindicato e a Brazucah Produ\u00e7\u00f5es. \u201cA Brazucah \u00e9 respons\u00e1vel pela log\u00edstica do evento e esta parceria tem dado certo porque \u00e9 uma empresa que busca a forma\u00e7\u00e3o de p\u00fablico para o cinema. Muitas pessoas que vem ao Cine B nunca estiveram no cinema. E dessa forma vamos aproximando estas pessoas dos filmes produzidos aqui, no Brasil\u201d, explicou Luiz.<\/p>\n<p style=\"text-align: center;\"><a href=\"http:\/\/projetocineb.com.br\/wp-content\/uploads\/2010\/02\/Anastacio02.jpg\"><img decoding=\"async\" class=\"aligncenter size-full wp-image-382\" title=\"Abertura com o Padre Joaquim, que deu apoio total a realiza\u00e7\u00e3o deste Cine B\" src=\"http:\/\/projetocineb.com.br\/wp-content\/uploads\/2010\/02\/Anastacio02.jpg\" alt=\"\" width=\"409\" height=\"272\" \/><\/a><\/p>\n<p><span style=\"color: #0000ff;\">O Sindicato dos Banc\u00e1rios promoveu diversas a\u00e7\u00f5es em 2009 que muito beneficiam a classe e sociedade, tanto nos assuntos corporativos, quanto nos culturais. Para saber mais informa\u00e7\u00f5es, acesse <a href=\"http:\/\/www.spbancarios.com.br\/\" target=\"_blank\">www.spbancarios.com.br<\/a><\/span>.<\/p>\n<p style=\"text-align: center;\"><a href=\"http:\/\/projetocineb.com.br\/wp-content\/uploads\/2010\/02\/Anastacio01.jpg\"><img decoding=\"async\" class=\"aligncenter size-full wp-image-381\" title=\"Cynthia Alario e Cid\u00e1lio Vieira da Brazucah Produ\u00e7\u00f5es\" src=\"http:\/\/projetocineb.com.br\/wp-content\/uploads\/2010\/02\/Anastacio01.jpg\" alt=\"\" width=\"389\" height=\"258\" \/><\/a><\/p>\n<h2><span style=\"color: #008000;\">AGUARDE, SUA LIGA\u00c7\u00c3O \u00c9 MUITO IMPORTANTE!<\/span><\/h2>\n<p>Assim como a maior parte das pessoas, <span style=\"color: #000000;\">Andr\u00e9 Rolim<\/span> teve que resolver um pepino no obscuro labirinto do telemarketing. Como a maior parte das pessoas, n\u00e3o conseguiu resolver.<\/p>\n<p>Ent\u00e3o, ele investiu 1.200 reais, juntou um grupo de empresas interessadas em patrocinar e l\u00e1 est\u00e1 o filme <em><span style=\"color: #0000ff;\">O troco<\/span><\/em>, que num tom bem humorado protesta contra o pesadelo do telemarketing. <span style=\"color: #0000ff;\">\u201cLi um texto que veio no meu e-mail, esses an\u00f4nimos, sobre uma situa\u00e7\u00e3o parecida, em que era a atendente que sofria na m\u00e3o do cliente. A\u00ed resolvi adaptar e rodei o filme\u201d, explica Andr\u00e9 Rolim<\/span>.<\/p>\n<p>O pequenino investimento, segundo ele, foram destinados para comprar comida, pagar a gasolina e eletricistas para o set de filmagem. \u201cO resto foi tudo por conta de parcerias\u201d, diz Rolim.<\/p>\n<p style=\"text-align: center;\"><a href=\"http:\/\/projetocineb.com.br\/wp-content\/uploads\/2010\/02\/Anastacio03.jpg\"><img loading=\"lazy\" decoding=\"async\" class=\"aligncenter size-full wp-image-383\" title=\"O roteirista, produtor e diretor do curta, Andr\u00e9 Rolim, veio acompanhado dos atores Lieser Touma e Cinira Fiuza.\" src=\"http:\/\/projetocineb.com.br\/wp-content\/uploads\/2010\/02\/Anastacio03.jpg\" alt=\"\" width=\"374\" height=\"248\" \/><\/a><\/p>\n<p>Esta econ\u00f4mica produ\u00e7\u00e3o j\u00e1 conseguiu 4 pr\u00eamios em festivais de cinema. \u201cNuma recente mostra em Barcelona foi um dos filmes mais aplaudido. <em>O troco<\/em> foi uma forma de mostrar meu trabalho como diretor, para que futuros patrocinadores confiem nos meus projetos\u201d, disse Andr\u00e9. <span style=\"color: #0000ff;\">Ele<\/span> acrescenta que j\u00e1 <span style=\"color: #0000ff;\">se prepara para lan\u00e7ar dois outros curtas-metragens<\/span>. \u201c<em>Ju\u00edzo final<\/em>, que ser\u00e1 rodado no Estado de Pernambuco, e\u00a0 <em>Acaso<\/em>, que ser\u00e1 filmado no Rio de Janeiro\u201d, explica Rolim, que n\u00e3o revela qual ser\u00e1 o tema dos filmes.<\/p>\n<p>Ele ficou muito feliz de saber que o curta que <em>O troco <\/em>esteja fazendo tanto sucesso no Cine B. Andr\u00e9 Rolim elogiou esta a\u00e7\u00e3o do Sindicato. Tanto ele, quanto o elenco, empolgaram-se com a quantidade de pessoas rindo e aplaudindo o curta-metragem. <span style=\"color: #0000ff;\">\u201cParticularmente, nunca tinha visto <\/span><em><span style=\"color: #0000ff;\">O troco<\/span><\/em><span style=\"color: #0000ff;\"> ser exibido numa sess\u00e3o t\u00e3o cheia quanto essa\u201d, confessou a atriz Cinira Fiuza<\/span>.<\/p>\n<h2><span style=\"color: #008000;\">CEN\u00c1RIO DESANIMADOR 1<\/span><\/h2>\n<p>Cinira Fiuza, que no filme <em>O troco<\/em> faz o papel da amaldi\u00e7oada atendente de telemarketing, foi premiada como melhor atriz de curta-metragem digital, no Festival de Cinema de Maring\u00e1. \u201cRealmente j\u00e1 chorei ao telefone numa situa\u00e7\u00e3o parecida, mas ao contr\u00e1rio da personagem do filme, eu estava como cliente\u201d, disse Cinira.<\/p>\n<p>Aos 14 anos ela decidiu ser atriz. Ao se formar, percebeu que n\u00e3o conseguiria pagar todas as contas trabalhando s\u00f3 como atriz. Ent\u00e3o se formou em jornalismo, para ter uma segunda profiss\u00e3o. <span style=\"color: #0000ff;\">\u201cMas agora, como auxiliar de enfermagem, encontrei o que gosto muito de fazer, al\u00e9m de ser atriz\u201d, explica Cinira Fiuza<\/span>.<\/p>\n<p><span style=\"color: #0000ff;\">Lieser Touma, que em <\/span><em><span style=\"color: #0000ff;\">O troco<\/span><\/em><span style=\"color: #0000ff;\"> faz o papel do humorado cliente vingativo, tamb\u00e9m mant\u00eam uma segunda profiss\u00e3o que paga as contas: dentista<\/span>.<\/p>\n<p>\u201cEu fa\u00e7o muito comercial de televis\u00e3o, porque isso d\u00e1 mais dinheiro. \u00c9 muito dif\u00edcil sobreviver s\u00f3 de teatro. Na televis\u00e3o, o perfil dos atores \u00e9 muito restrito, querem rostos perfeitos, \u00e9 muito dif\u00edcil encontrar personagens gordos como eu\u201d, explica Lieser. Isso \u00e9 realmente uma pena, porque simplifica a diversidade de perfis humanos que convivemos todos os dias. Voc\u00ea n\u00e3o acha?<\/p>\n<p>Mas voltando ao tema, sobreviver como ator\/ atriz, Lieser acredita que o cen\u00e1rio ainda pode mudar. <span style=\"color: #0000ff;\">\u201cTudo tende a melhorar. Com incentivos como a Lei Rouanet, o Brasil tem conseguido fazer mais filmes. Porque sem patroc\u00ednio n\u00e3o d\u00e1, \u00e9 muito dif\u00edcil. Antes os donos de teatro arrendavam o espa\u00e7o a um diretor e pediam uma porcentagem da bilheteria como pagamento. Hoje em dia cobram o aluguel, ningu\u00e9m mais tem coragem de confiar na bilheteria de um espet\u00e1culo\u201d, explica Lieser<\/span>.<\/p>\n<p>Ali\u00e1s \u00e9 interessante ressaltar que, segundo Andr\u00e9 Rolim, os atores de <em>O troco<\/em> participaram do filme sem receber cach\u00ea. \u201cTodos trabalhamos por amor ao cinema e ver nosso filme num projeto como o Cine B, que aproxima o p\u00fablico do cinema brasileiro, \u00e9 gratificante\u201d, disse Andr\u00e9.<\/p>\n<p style=\"text-align: center;\"><a href=\"http:\/\/projetocineb.com.br\/wp-content\/uploads\/2010\/02\/Anastacio05.jpg\"><img loading=\"lazy\" decoding=\"async\" class=\"aligncenter size-full wp-image-385\" title=\"O ator Lieser Touma confere todos os filmes que foram exibidos nestes 4 anos de Cine B\" src=\"http:\/\/projetocineb.com.br\/wp-content\/uploads\/2010\/02\/Anastacio05.jpg\" alt=\"\" width=\"389\" height=\"258\" \/><\/a><\/p>\n<h2><span style=\"color: #008000;\">POL\u00caMICA<\/span><\/h2>\n<p>Depois que <em>O troco<\/em> foi exibido, foi aberto espa\u00e7o para perguntas do p\u00fablico. \u201cEu na verdade gostaria de ressaltar que precisamos tamb\u00e9m enxergar o lado dif\u00edcil dos profissionais do telemarketing. Essas pessoas n\u00e3o tem muita escolha, s\u00e3o obrigadas a serem inconvenientes\u201d, disse Elza Barboza de Jesus Alves, antes de perguntar para Andr\u00e9 Rolim, qual a vis\u00e3o dele desses profissionais.<\/p>\n<p style=\"text-align: center;\"><a href=\"http:\/\/projetocineb.com.br\/wp-content\/uploads\/2010\/02\/DSC00779_01WEB.jpg\"><img loading=\"lazy\" decoding=\"async\" class=\"aligncenter size-full wp-image-379\" title=\"Elza Barbosa de Jesus Alves, questionou perguntou se n\u00e3o dev\u00edamos tamb\u00e9m pensar no dif\u00edcil trabalho dos atendentes de telemarketing. Andr\u00e9 Rolim disse que eles aceitam a situa\u00e7\u00e3o, s\u00e3o treinados para o servi\u00e7o, ou seja, t\u00eam a op\u00e7\u00e3o de n\u00e3o trabalhar nesta \u00e1rea. O que voc\u00ea acha? Comente\" src=\"http:\/\/projetocineb.com.br\/wp-content\/uploads\/2010\/02\/DSC00779_01WEB.jpg\" alt=\"\" width=\"389\" height=\"366\" \/><\/a><\/p>\n<p>O diretor colocou seu ponto de vista discordando que os atendentes de telemarketing t\u00eam a op\u00e7\u00e3o de sa\u00edrem do emprego, se n\u00e3o concordam com as t\u00e9cnicas de venda utilizadas. \u201cEles recebem at\u00e9 treinamento para que voc\u00ea n\u00e3o consiga desligar o telefone\u201d, disse Andr\u00e9.<\/p>\n<p>Ant\u00f4nia R\u00e9gia perguntou se alguma <span style=\"color: #0000ff;\">empresa de telefones fixos reclamou das incr\u00edveis semelhan\u00e7as com a fict\u00edcia Enganatel<\/span>.<\/p>\n<p style=\"text-align: center;\"><a href=\"http:\/\/projetocineb.com.br\/wp-content\/uploads\/2010\/02\/Anastacio08.jpg\"><img loading=\"lazy\" decoding=\"async\" class=\"aligncenter size-full wp-image-388\" title=\"As cores das empresas s\u00e3o semelhantes...\" src=\"http:\/\/projetocineb.com.br\/wp-content\/uploads\/2010\/02\/Anastacio08.jpg\" alt=\"\" width=\"419\" height=\"280\" \/><\/a><\/p>\n<p>Andr\u00e9 respondeu que at\u00e9 hoje apenas ouve piadas. \u201cJ\u00e1 me falaram, em tom de brincadeira, para eu ligar nesta empresa e avisar sobre o filme, que se eles quiserem eu vendo por uma boa grana. E em troca, n\u00e3o o exibiria mais\u201d, disse Andr\u00e9 Rolim.<\/p>\n<p style=\"text-align: center;\"><a href=\"http:\/\/projetocineb.com.br\/wp-content\/uploads\/2010\/02\/Anastacio07.jpg\"><img loading=\"lazy\" decoding=\"async\" class=\"aligncenter size-full wp-image-387\" title=\"Ant\u00f4nia R\u00e9gia perguntou se alguma empresa de telefones fixos reclamou das incr\u00edveis semelhan\u00e7as com a fict\u00edcia Enganatel\" src=\"http:\/\/projetocineb.com.br\/wp-content\/uploads\/2010\/02\/Anastacio07.jpg\" alt=\"\" width=\"432\" height=\"287\" \/><\/a><\/p>\n<h2><span style=\"color: #008000;\">CEN\u00c1RIO DESANIMADOR 2<\/span><\/h2>\n<p>A <span style=\"color: #0000ff;\">espectadora Maria Elisa identificou-se com a personagem Ver\u00f4nica<\/span>, do filme de mesmo nome.<\/p>\n<p>Professora da 5\u00aa s\u00e9rie de uma escola p\u00fablica numa favela da regi\u00e3o de Pirituba, Maria confirmou o dif\u00edcil cotidiano dessas valentes mulheres. <span style=\"color: #0000ff;\">\u201cRecebemos amea\u00e7as dos alunos, acontecem coisas que voc\u00ea nem acredita. N\u00f3s, professores, temos com muito medo, mas eu n\u00e3o tenho id\u00e9ia de como resolver isso! Na escola, tento passar muito amor e carinho, mas muitos alunos em casa vivem uma realidade dura\u201d, explicou Maria Elisa, professora h\u00e1 20 anos<\/span>.<\/p>\n<p>\u201cFa\u00e7o minha parte, espero sempre lhes melhorar a auto-estima\u201d, disse Maria, que trouxe neste Cine B a neta Lara de 10 anos e a sobrinha Julia, de 8.<\/p>\n<p style=\"text-align: center;\"><a href=\"http:\/\/projetocineb.com.br\/wp-content\/uploads\/2010\/02\/DSC00796_01WEB.jpg\"><img loading=\"lazy\" decoding=\"async\" class=\"aligncenter size-full wp-image-376\" title=\"A professora Maria Elisa, sua neta Lara de 10 anos e Julia de 8\" src=\"http:\/\/projetocineb.com.br\/wp-content\/uploads\/2010\/02\/DSC00796_01WEB.jpg\" alt=\"\" width=\"432\" height=\"304\" \/><\/a><\/p>\n<h2><span style=\"color: #008000;\">Z\u00c9 DO CAIX\u00c3O NA \u00c1REA!<\/span><\/h2>\n<p><span style=\"color: #0000ff;\">Ao lado da Igreja Santo Estev\u00e3o Rei<\/span>, um sobrado de tr\u00eas andares esconde hist\u00f3ria. No espa\u00e7o existia um grande cinema, o qual f<span style=\"color: #0000ff;\">oi habitado pelo peculiar <a href=\"http:\/\/pt.wikipedia.org\/wiki\/Jos\u00e9_Mojica_Marins\" target=\"_blank\">Jos\u00e9 Mojica Marins<\/a><\/span>, famoso pelo personagem <span style=\"color: #0000ff;\">Z\u00e9 do Caix\u00e3o<\/span>.<\/p>\n<p>O pai de Jos\u00e9 Mojica, seu Nen\u00ea, era o zelador do cinema e morava nos fundos. \u201cQuando o Jos\u00e9 ficava na bilheteria, depois que a sess\u00e3o come\u00e7ava, me deixava entrar. Eu n\u00e3o tinha dinheiro para a entrada, mas \u00e9ramos amigos\u201d, disse Pedro Schumacher, que veio acompanhado de sua esposa Ioni Ganzerla Schu.<\/p>\n<p><span style=\"color: #0000ff;\">Pedro recolhia do lixo peda\u00e7os de filmes descartados pelo cinema<\/span>. \u201cEra tudo rolo de filme naquela \u00e9poca, o filme estourava e eles jogavam peda\u00e7os fora. Eu aprendi a colar com acetona e fazia a festa para impressionar as menininhas\u201d, confessou seu Pedro.<\/p>\n<p style=\"text-align: center;\"><a href=\"http:\/\/projetocineb.com.br\/wp-content\/uploads\/2010\/02\/DSC00803_01WEB.jpg\"><img loading=\"lazy\" decoding=\"async\" class=\"aligncenter size-full wp-image-375\" title=\"Pedro Schumacher e sua esposa Ioni Ganzerla Schumacher\" src=\"http:\/\/projetocineb.com.br\/wp-content\/uploads\/2010\/02\/DSC00803_01WEB.jpg\" alt=\"\" width=\"299\" height=\"480\" \/><\/a><\/p>\n<h2><span style=\"color: #008000;\">BAIRRO DE ARTISTAS<\/span><\/h2>\n<p><span style=\"color: #0000ff;\">Wilson Vieira de Almeida<\/span>, outro morador do bairro, al\u00e9m de produzir seus <a href=\"http:\/\/www.youtube.com\/watch?v=VQy2eZSRFiA\" target=\"_blank\">filmes<\/a> mant\u00eam contato com diversos artistas de Vila Anast\u00e1cio. \u201cZ\u00e9 do Caix\u00e3o, os irm\u00e3os Andreato tamb\u00e9m moraram aqui quando pequenos. Hoje temos que prestigiar a escola de samba Drag\u00f5es da Independ\u00eancia, que est\u00e3o com um trabalho maravilhoso. At\u00e9 tenho trazido o pessoal do carnaval de Parintins pra c\u00e1\u201d, disse Wilson.<\/p>\n<p>Segundo ele Vila Anast\u00e1cio \u00e9 um bairro que foi inicialmente povoado por H\u00fangaros e povos do Leste Europeu. <span style=\"color: #0000ff;\">\u201cAinda hoje tem h\u00fangaros morando por aqui, gente que fala a l\u00edngua nativa principalmente quando xingam\u201d, explica o simp\u00e1tico Wilson<\/span>.<\/p>\n<p style=\"text-align: center;\"><a href=\"http:\/\/projetocineb.com.br\/wp-content\/uploads\/2010\/02\/DSC00800_01WEB.jpg\"><img loading=\"lazy\" decoding=\"async\" class=\"aligncenter size-full wp-image-374\" title=\"Edimar Sousa e Wilson Vieira de Almeida\" src=\"http:\/\/projetocineb.com.br\/wp-content\/uploads\/2010\/02\/DSC00800_01WEB.jpg\" alt=\"\" width=\"454\" height=\"369\" \/><\/a><\/p>\n<h2><span style=\"color: #008000;\">TALENTO LOCAL<\/span><\/h2>\n<p><span style=\"color: #0000ff;\">Edimar Sousa<\/span> \u00e9 um jovem de Vila Anast\u00e1cio que almeja fazer carreira como cineasta. Ele j\u00e1 trabalha na \u00e1rea e atualmente finaliza os primeiros projetos de filmes documentais sobre o bairro.<span style=\"color: #0000ff;\"> \u201cPrecisamos mostrar como \u00e9 a nossa regi\u00e3o e valorizar nossa hist\u00f3ria\u201d<\/span>, disse Edimar. Segundo ele, a regi\u00e3o tem se transformado num cen\u00e1rio ruim.<\/p>\n<p>\u201cGrandes caminh\u00f5es trafegam nessas ruas, que ficam irregulares e deixam o bairro barulhento\u201d, disse Edimar.<\/p>\n<p><span style=\"color: #0000ff;\">Para quem est\u00e1 interessado tamb\u00e9m em fazer o pr\u00f3prio filme, que tal trocar umas figurinhas com o Edimar? Quem sabe n\u00e3o rola a\u00ed umas boas parcerias?<\/span><\/p>\n<p>Quem quiser adiciona ele no <a href=\"http:\/\/www.orkut.com.br\/Main#Profile?uid=13787516972017603003\" target=\"_blank\">Orkut<\/a>.<\/p>\n<h2><span style=\"color: #008000;\">TALENTO DE FORA<\/span><\/h2>\n<p>E to l\u00e1 entrevistando os atores de <em>O troco<\/em> quando vejo uns rostos conhecidos. Quando terminei a entrevista, fui falar com as caras que j\u00e1 tinha visto. Confirmado! \u00c9 o <span style=\"color: #0000ff;\">pessoal de Embu-Gua\u00e7u presente em Vila Anast\u00e1cio<\/span>.<\/p>\n<p>Carol Piacentini, Vagner Ara\u00fajo, Thamires Riechelmann e Douglas Pinheiro, criadores do grupo de teatro Caras, v\u00eam todos os finais de semana para S\u00e3o Paulo. Aqui eles fazem cursos para aprimorarem-se como atores. Souberam que hoje ia ter Cine B pelas redondezas, vieram curtir um filminho.<\/p>\n<p>Eles contam que se preparam para estrear a pe\u00e7a <em><a href=\"http:\/\/www.culturabrasil.pro.br\/sonhoverao\/sonho_verao_s.htm\" target=\"_blank\">Sonho de uma noite de ver\u00e3o<\/a><\/em> de <a href=\"http:\/\/pt.wikipedia.org\/wiki\/William_Shakespeare\" target=\"_blank\">William Shakespeare<\/a>. \u201cEstamos montando nosso pr\u00f3prio grupo porque os grupos que tem aqui em S\u00e3o Paulo j\u00e1 existem h\u00e1 muito tempo e s\u00e3o fechados para novos integrantes\u201d, explica Carol Piacentini.<\/p>\n<p>J\u00e1 aproveitando, no <span style=\"color: #0000ff;\">dia 13 de mar\u00e7o de 2010, \u00e0s 21 horas, o grupo Caras apresentar\u00e1 <\/span><em><span style=\"color: #0000ff;\">O auto da Paix\u00e3o<\/span>.<\/em> A pe\u00e7a que \u00e9 adaptada e dirigida por Vagner Araujo, conta a hist\u00f3ria de um grupo circense fazendo sua \u00faltima apresenta\u00e7\u00e3o e para encerrar este importante ciclo, resolvem contar a paix\u00e3o e morte de Jesus Cristo, com muita m\u00fasica e bom humor. O <span style=\"color: #0000ff;\">Pa\u00e7o Caras<\/span> fica na <span style=\"color: #0000ff;\">rua Maria da Dores Delfim<\/span>, <span style=\"color: #0000ff;\">484<\/span>, no <span style=\"color: #0000ff;\">centro de Embu-Gua\u00e7u<\/span>. Maiores informa\u00e7\u00f5e: <a href=\"mailto:grupodeteatrocaras@gmail.com\">grupodeteatrocaras@gmail.com<\/a>.<\/p>\n<p style=\"text-align: center;\"><a href=\"http:\/\/projetocineb.com.br\/wp-content\/uploads\/2010\/02\/DSC00756_01WEB.jpg\"><img loading=\"lazy\" decoding=\"async\" class=\"aligncenter size-full wp-image-373\" title=\"Os integrantes do grupo de teatro Caras, de Embu-Gua\u00e7u, Carol Piacentini, Vagner Araujo, Thamires Riechelmann e Douglas Pinheiro\" src=\"http:\/\/projetocineb.com.br\/wp-content\/uploads\/2010\/02\/DSC00756_01WEB.jpg\" alt=\"\" width=\"461\" height=\"272\" \/><\/a><\/p>\n<p>Depois que falei com eles, l\u00e1 fora, a a<span style=\"color: #0000ff;\">ssessora de cultura de Embu-Gua\u00e7u, Adriana da Silva<\/span>, se mostra ansiosa pela terceira volta do Cine B na cidade. <span style=\"color: #0000ff;\">\u201cHoje j\u00e1 podemos firmar uma data?\u201d<\/span>, pressiona a assessora.<\/p>\n<p>Espero que o Cine B apare\u00e7a logo por l\u00e1. Embu-Gua\u00e7u ainda n\u00e3o tem uma sala de cinema, ou mesmo de teatro. Mas segundo Adriana, o p<span style=\"color: #0000ff;\">rojeto para a constru\u00e7\u00e3o desta sala de exibi\u00e7\u00e3o j\u00e1 foi aprovado, e logo estar\u00e1 concretizado<\/span> fora do papel. O <span style=\"color: #0000ff;\">prefeito de Embu-Gua\u00e7u, Clodoaldo<\/span>, e o <span style=\"color: #0000ff;\">secret\u00e1rio de cultura Padre Jean<\/span> est\u00e3o de parab\u00e9ns pelo trabalho. Al\u00e9m da r\u00e1pida aprova\u00e7\u00e3o do cinema, a cidade <span style=\"color: #0000ff;\">disp\u00f5e de um \u00f4nibus escolar que leva a popula\u00e7\u00e3o para eventos culturais em S\u00e3o Paulo<\/span>. Gra\u00e7as a esse \u00f4nibus que a galera de Embu-Gua\u00e7u pode estar presente na sess\u00e3o de hoje!<\/p>\n<h2><span style=\"color: #008000;\">AGRADECIMENTO ESPECIAIS<\/span><\/h2>\n<p>Gostaria de agradecer a <span style=\"color: #0000ff;\">toda comunidade de Vila Anast\u00e1cio<\/span> que muito ajudaram na realiza\u00e7\u00e3o desta e outras edi\u00e7\u00f5es do Cine B na regi\u00e3o. Quero agradecer a <span style=\"color: #0000ff;\">dona Raimunda<\/span>, moradora de Vila Anast\u00e1cio que fez contato com a Brazucah para que o Cine B fosse realizado no bairro. Muito obrigado tamb\u00e9m para a professora <span style=\"color: #0000ff;\">Jane de Paula<\/span>.<\/p>\n<p>Agradecimento especial a <span style=\"color: #0000ff;\">dona Clemenis<\/span>, secret\u00e1ria da par\u00f3quia Santo Estev\u00e3o Rei, que foi respons\u00e1vel pela distribui\u00e7\u00e3o dos ingressos e ao querido <span style=\"color: #0000ff;\">Padre Joaquim<\/span>.<\/p>\n<p><span style=\"color: #0000ff;\">Sheila Aguiar<\/span>, do <span style=\"color: #0000ff;\">Projeto Social Ilha de Vera Cruz<\/span>, tamb\u00e9m esteve presente nesta sess\u00e3o, j\u00e1 cobrando a volta do Cine B no col\u00e9gio Ilha de Vera Cruz. Ano passado o Cine B esteve por l\u00e1 numa sess\u00e3o com 300 pessoas!<\/p>\n<p>Agradecemos o importante apoio do <span style=\"color: #0000ff;\">j<\/span><span style=\"color: #0000ff;\">ornal de bairro <\/span><em><span style=\"color: #0000ff;\">Jornal da Gente<\/span>,<\/em> que fez \u00f3timas reportagens em <span style=\"color: #0000ff;\">duas edi\u00e7\u00f5es do jornal, sobre o Cine B<\/span>.<\/p>\n<h2><span style=\"color: #008000;\">PR\u00d3XIMA SESS\u00c3O<\/span><\/h2>\n<p>Nos vemos no dia <span style=\"color: #0000ff;\">25 de fevereiro de 2010<\/span>, dessa vez pela primeira vez na cidade de <span style=\"color: #0000ff;\">Santo Andr\u00e9<\/span>. A <span style=\"color: #0000ff;\">Casa de Cursilho S\u00e3o Jos\u00e9<\/span> fica na <span style=\"color: #0000ff;\">rua Caruso, 805<\/span>, esquina com a rua Batavia, no <span style=\"color: #0000ff;\">Parque Novo Orat\u00f3rio<\/span>. Mais informa\u00e7\u00f5es voc\u00ea consegue pelo telefone <span style=\"color: #0000ff;\">4475-5640<\/span>.<\/p>\n<p><em>Vamuquevam!<\/em><\/p>\n<p style=\"text-align: center;\"><a href=\"http:\/\/projetocineb.com.br\/wp-content\/uploads\/2010\/02\/Anastacio09.jpg\"><img loading=\"lazy\" decoding=\"async\" class=\"aligncenter size-full wp-image-389\" title=\"Casa cheia: 250 pessoas estiveram presentes neste Cine B em Vila Anast\u00e1cio\" src=\"http:\/\/projetocineb.com.br\/wp-content\/uploads\/2010\/02\/Anastacio09.jpg\" alt=\"\" width=\"518\" height=\"345\" \/><\/a><\/p>\n<p><em><br \/>\n<\/em><\/p>\n<p style=\"text-align: center;\"><em><a href=\"http:\/\/projetocineb.com.br\/wp-content\/uploads\/2010\/02\/DSC00750_01WEB.jpg\"><img loading=\"lazy\" decoding=\"async\" class=\"aligncenter size-full wp-image-377\" title=\"Eugenia Kuslevicius, que mora em Ibiuna mas visita as irm\u00e3s Helena Sukys e Sofia Sukys, que trouxeram a Thais, a Tayna e a R\u00e9gia Paiva para conferir um bom filme brasileiro\" src=\"http:\/\/projetocineb.com.br\/wp-content\/uploads\/2010\/02\/DSC00750_01WEB.jpg\" alt=\"\" width=\"518\" height=\"392\" \/><\/a><\/em><\/p>\n<p style=\"text-align: center;\">\n<p style=\"text-align: center;\"><a href=\"http:\/\/projetocineb.com.br\/wp-content\/uploads\/2010\/02\/DSC00754_01WEB.jpg\"><img loading=\"lazy\" decoding=\"async\" class=\"aligncenter size-full wp-image-378\" title=\"Eduardo Luis Grossio, Marlene do Amaral Gr\u00f3ssio, Rita de C\u00e1ssia e Janete do Amaral que assistem a muitos filmes nacionais pela televis\u00e3o, ou at\u00e9 na internet\" src=\"http:\/\/projetocineb.com.br\/wp-content\/uploads\/2010\/02\/DSC00754_01WEB.jpg\" alt=\"\" width=\"518\" height=\"232\" \/><\/a><\/p>\n<p style=\"text-align: center;\">\n<p style=\"text-align: center;\">\n<p style=\"text-align: center;\">\n<p style=\"text-align: center;\"><a href=\"http:\/\/projetocineb.com.br\/wp-content\/uploads\/2010\/02\/Anastacio10.jpg\"><img loading=\"lazy\" decoding=\"async\" class=\"aligncenter size-full wp-image-390\" title=\" Moradores da Vila Anast\u00e1cio sendo recebidos pela assistente de produ\u00e7\u00e3o Vivian Szelpal\" src=\"http:\/\/projetocineb.com.br\/wp-content\/uploads\/2010\/02\/Anastacio10.jpg\" alt=\"\" width=\"523\" height=\"347\" \/><\/a><\/p>\n<p style=\"text-align: left;\">\n<p style=\"text-align: center;\"><a href=\"http:\/\/projetocineb.com.br\/wp-content\/uploads\/2010\/02\/Anastacio11.jpg\"><img loading=\"lazy\" decoding=\"async\" class=\"aligncenter size-full wp-image-391\" title=\"As horas passam e o cliente nem a\u00ed com a atendente da Enganatel, no curta-metragem O troco\" src=\"http:\/\/projetocineb.com.br\/wp-content\/uploads\/2010\/02\/Anastacio11.jpg\" alt=\"\" width=\"499\" height=\"331\" \/><\/a><\/p>\n<p style=\"text-align: center;\"><a href=\"http:\/\/projetocineb.com.br\/wp-content\/uploads\/2010\/02\/Anastacio12.jpg\"><img loading=\"lazy\" decoding=\"async\" class=\"aligncenter size-full wp-image-392\" title=\"Camisetas do Cine B, canecas e p\u00f4steres da exposi\u00e7\u00e3o Corpo Humano foram sorteados para o p\u00fablico\" src=\"http:\/\/projetocineb.com.br\/wp-content\/uploads\/2010\/02\/Anastacio12.jpg\" alt=\"\" width=\"518\" height=\"345\" \/><\/a><\/p>\n<p style=\"text-align: left;\">\n<p style=\"text-align: left;\">\n<p style=\"text-align: center;\"><em><br \/>\n<\/em><\/p>\n","protected":false},"excerpt":{"rendered":"<p>Uau! Cine B marcando presen\u00e7a pela primeira vez em Vila Anast\u00e1cio, zona oeste de S\u00e3o Paulo, numa sess\u00e3o com 250[&#8230;]<\/p>\n","protected":false},"author":2,"featured_media":0,"comment_status":"open","ping_status":"open","sticky":false,"template":"","format":"standard","meta":[],"categories":[2],"tags":[76,154,288,470,625,748,874,995,1132,1218,1250],"_links":{"self":[{"href":"https:\/\/projetocineb.com.br\/index.php?rest_route=\/wp\/v2\/posts\/369"}],"collection":[{"href":"https:\/\/projetocineb.com.br\/index.php?rest_route=\/wp\/v2\/posts"}],"about":[{"href":"https:\/\/projetocineb.com.br\/index.php?rest_route=\/wp\/v2\/types\/post"}],"author":[{"embeddable":true,"href":"https:\/\/projetocineb.com.br\/index.php?rest_route=\/wp\/v2\/users\/2"}],"replies":[{"embeddable":true,"href":"https:\/\/projetocineb.com.br\/index.php?rest_route=%2Fwp%2Fv2%2Fcomments&post=369"}],"version-history":[{"count":0,"href":"https:\/\/projetocineb.com.br\/index.php?rest_route=\/wp\/v2\/posts\/369\/revisions"}],"wp:attachment":[{"href":"https:\/\/projetocineb.com.br\/index.php?rest_route=%2Fwp%2Fv2%2Fmedia&parent=369"}],"wp:term":[{"taxonomy":"category","embeddable":true,"href":"https:\/\/projetocineb.com.br\/index.php?rest_route=%2Fwp%2Fv2%2Fcategories&post=369"},{"taxonomy":"post_tag","embeddable":true,"href":"https:\/\/projetocineb.com.br\/index.php?rest_route=%2Fwp%2Fv2%2Ftags&post=369"}],"curies":[{"name":"wp","href":"https:\/\/api.w.org\/{rel}","templated":true}]}}