{"id":3711,"date":"2012-08-29T02:15:40","date_gmt":"2012-08-29T05:15:40","guid":{"rendered":"http:\/\/projetocineb.com.br\/?p=3711"},"modified":"2012-08-29T02:15:40","modified_gmt":"2012-08-29T05:15:40","slug":"pre-estreia-exclusiva-no-colegio-santa-cruz","status":"publish","type":"post","link":"https:\/\/projetocineb.com.br\/?p=3711","title":{"rendered":"PR\u00c9-ESTR\u00c9IA EXCLUSIVA NO COL\u00c9GIO SANTA CRUZ"},"content":{"rendered":"<p style=\"text-align: justify;\">Na quarta-feira, 8 de agosto, foi a vez do Col\u00e9gio Santa Cruz, zona oeste de S\u00e3o Paulo, receber a pr\u00e9-estreia exclusiva do filme <em>\u00c0 Beira do Caminho<\/em>, de Breno Silveira. A plateia de mais de 400 pessoas era composta por alunos dos Cursos Noturnos, projeto social do col\u00e9gio que oferece gratuitamente ensino fundamental, m\u00e9dio e t\u00e9cnico a quem n\u00e3o p\u00f4de concluir os estudos. E foi uma festa, pois todos foram dispensados da aula para ver o filme do Cine B.<\/p>\n<figure id=\"attachment_3712\" aria-describedby=\"caption-attachment-3712\" style=\"width: 398px\" class=\"wp-caption aligncenter\"><a href=\"http:\/\/projetocineb.com.br\/wp-content\/uploads\/2012\/08\/DSC04403-001_1024x685.jpg\"><img fetchpriority=\"high\" decoding=\"async\" class=\"size-full wp-image-3712  \" title=\"DSC04403-001_1024x685\" src=\"http:\/\/projetocineb.com.br\/wp-content\/uploads\/2012\/08\/DSC04403-001_1024x685.jpg\" alt=\"\" width=\"398\" height=\"266\" \/><\/a><figcaption id=\"caption-attachment-3712\" class=\"wp-caption-text\">Antes da sess\u00e3o, alunos recebem pipoca de gra\u00e7a<\/figcaption><\/figure>\n<p style=\"text-align: justify;\">Orlando J\u00f3ia, diretor dos Cursos Noturnos, conta que sempre busca realizar atividades culturais para estes alunos que tem poucas oportunidades em suas comunidades. Para ele, o bom da pr\u00e9-estreia \u00e9 que \u201cd\u00e1 um sabor especial em saber que o filme ainda n\u00e3o chegou aos cinemas\u201d. Orlando destacou a rela\u00e7\u00e3o da hist\u00f3ria do filme com a realidade daqueles estudantes: \u201c3\/4 dos alunos vieram do nordeste pra S\u00e3o Paulo. Com certeza eles v\u00e3o se identificar, de alguma maneira, com a hist\u00f3ria narrada\u201d.<\/p>\n<figure id=\"attachment_3729\" aria-describedby=\"caption-attachment-3729\" style=\"width: 368px\" class=\"wp-caption aligncenter\"><a href=\"http:\/\/projetocineb.com.br\/wp-content\/uploads\/2012\/08\/DSC_2147_1145_1024x678.jpg\"><img decoding=\"async\" class=\"size-full wp-image-3729 \" title=\"DSC_2147_1145_1024x678\" src=\"http:\/\/projetocineb.com.br\/wp-content\/uploads\/2012\/08\/DSC_2147_1145_1024x678.jpg\" alt=\"\" width=\"368\" height=\"244\" \/><\/a><figcaption id=\"caption-attachment-3729\" class=\"wp-caption-text\">Alunos fazem fila para a pipoca<\/figcaption><\/figure>\n<p style=\"text-align: center;\">\n<p style=\"text-align: justify;\">Com isso, ele tamb\u00e9m ressalta como o filme nacional dialoga melhor com o p\u00fablico: \u201cPor falar a nossa l\u00edngua, acontece uma identifica\u00e7\u00e3o b\u00e1sica com quem assiste; \u00e9 mais f\u00e1cil de a gente se ver e se reconhecer na tela\u201d. Para ele, a escola \u00e9 um canal de distribui\u00e7\u00e3o de cultura, por isso acha fundamental exibir filmes l\u00e1. Muitos n\u00e3o v\u00e3o ao cinema, principalmente por ser caro.\u00a0 Orlando tamb\u00e9m pensa que o bom do cinema brasileiro \u00e9 que ele tem \u201c o jeit\u00e3o da nossa gente\u201d.<\/p>\n<figure id=\"attachment_3713\" aria-describedby=\"caption-attachment-3713\" style=\"width: 368px\" class=\"wp-caption aligncenter\"><a href=\"http:\/\/projetocineb.com.br\/wp-content\/uploads\/2012\/08\/DSC04845_1024x768.jpg\"><img decoding=\"async\" class=\"size-full wp-image-3713\" title=\"DSC04845_1024x768\" src=\"http:\/\/projetocineb.com.br\/wp-content\/uploads\/2012\/08\/DSC04845_1024x768.jpg\" alt=\"\" width=\"368\" height=\"277\" \/><\/a><figcaption id=\"caption-attachment-3713\" class=\"wp-caption-text\">Teatro do Col\u00e9gio Santa Cruz lotado para a pr\u00e9-estr\u00e9ia exclusiva<\/figcaption><\/figure>\n<p>O professor Cl\u00e1udio Bizzone comentou o sucesso da sess\u00e3o: \u201cFoi lindo. O sil\u00eancio permanente durante a exibi\u00e7\u00e3o mostrou a entrega dos alunos ao filme\u201d.<\/p>\n<figure id=\"attachment_3714\" aria-describedby=\"caption-attachment-3714\" style=\"width: 368px\" class=\"wp-caption aligncenter\"><a href=\"http:\/\/projetocineb.com.br\/wp-content\/uploads\/2012\/08\/DSC04828_1024x768.jpg\"><img loading=\"lazy\" decoding=\"async\" class=\"size-full wp-image-3714\" title=\"DSC04828_1024x768\" src=\"http:\/\/projetocineb.com.br\/wp-content\/uploads\/2012\/08\/DSC04828_1024x768.jpg\" alt=\"\" width=\"368\" height=\"277\" \/><\/a><figcaption id=\"caption-attachment-3714\" class=\"wp-caption-text\">O professor Carlos Bizzone destacou a primeira pr\u00e9-estr\u00e9ia no col\u00e9gio<\/figcaption><\/figure>\n<p>A aluna Edna, que estava com as amigas P\u00e2mela e Erivanda, ficou muito emocionada ao final da exibi\u00e7\u00e3o: \u201cA emo\u00e7\u00e3o do filme me fez lembrar o meu passado, mexeu com o meu interior\u201d. E ela ainda completou: \u201cO rei Roberto Carlos \u00e9 a paix\u00e3o da minha vida\u201d, se referindo \u00e0 trilha sonora, toda composta com m\u00fasicas do Roberto.<\/p>\n<figure id=\"attachment_3715\" aria-describedby=\"caption-attachment-3715\" style=\"width: 368px\" class=\"wp-caption aligncenter\"><a href=\"http:\/\/projetocineb.com.br\/wp-content\/uploads\/2012\/08\/DSC04847_1024x768.jpg\"><img loading=\"lazy\" decoding=\"async\" class=\"size-full wp-image-3715\" title=\"DSC04847_1024x768\" src=\"http:\/\/projetocineb.com.br\/wp-content\/uploads\/2012\/08\/DSC04847_1024x768.jpg\" alt=\"\" width=\"368\" height=\"277\" \/><\/a><figcaption id=\"caption-attachment-3715\" class=\"wp-caption-text\">As alunas P\u00e2mela, Edna e Erivanda adoraram o filme<\/figcaption><\/figure>\n<figure id=\"attachment_3716\" aria-describedby=\"caption-attachment-3716\" style=\"width: 368px\" class=\"wp-caption aligncenter\"><a href=\"http:\/\/projetocineb.com.br\/wp-content\/uploads\/2012\/08\/DSC04848_1024x768.jpg\"><img loading=\"lazy\" decoding=\"async\" class=\"size-full wp-image-3716\" title=\"DSC04848_1024x768\" src=\"http:\/\/projetocineb.com.br\/wp-content\/uploads\/2012\/08\/DSC04848_1024x768.jpg\" alt=\"\" width=\"368\" height=\"277\" \/><\/a><figcaption id=\"caption-attachment-3716\" class=\"wp-caption-text\">As amigas Vanessa e Aline estavam empolgadas com o filme. &quot;Final emocionante&quot;, disse Vanessa<\/figcaption><\/figure>\n<p>Fazia tempo que Seu Carlito n\u00e3o ia ao cinema, pois n\u00e3o gostava muito. Mas ap\u00f3s o filme daquela noite, ele confessou: \u201cAgora mudei de ideia, quero ir ao cinema sempre\u201d. Ele adorou o filme porque \u201cd\u00e1 pra dar risada, refletir sobre a vida e tamb\u00e9m se emocionar\u201d.<\/p>\n<figure id=\"attachment_3717\" aria-describedby=\"caption-attachment-3717\" style=\"width: 277px\" class=\"wp-caption aligncenter\"><a href=\"http:\/\/projetocineb.com.br\/wp-content\/uploads\/2012\/08\/DSC04849_1024x768.jpg\"><img loading=\"lazy\" decoding=\"async\" class=\"size-full wp-image-3717\" title=\"DSC04849_1024x768\" src=\"http:\/\/projetocineb.com.br\/wp-content\/uploads\/2012\/08\/DSC04849_1024x768.jpg\" alt=\"\" width=\"277\" height=\"368\" \/><\/a><figcaption id=\"caption-attachment-3717\" class=\"wp-caption-text\">Seu Carlito que, ap\u00f3s a sess\u00e3o, disse querer voltar a frenquentar cinema<\/figcaption><\/figure>\n<p>Com uma sess\u00e3o de sucesso assim, ficamos muito animados a voltar. Cid\u00e1lio Vieira Santos, coordenador do Cine B disse, disse: &#8220;\u00c9 a primeira vez que chegamos ao Col\u00e9gio Santa Cruz com o Cine B e pretendemos voltar ainda este ano pra c\u00e1&#8221;.<\/p>\n<figure id=\"attachment_3726\" aria-describedby=\"caption-attachment-3726\" style=\"width: 368px\" class=\"wp-caption aligncenter\"><a href=\"http:\/\/projetocineb.com.br\/wp-content\/uploads\/2012\/08\/DSC04853_1024x768.jpg\"><img loading=\"lazy\" decoding=\"async\" class=\"size-full wp-image-3726\" title=\"DSC04853_1024x768\" src=\"http:\/\/projetocineb.com.br\/wp-content\/uploads\/2012\/08\/DSC04853_1024x768.jpg\" alt=\"\" width=\"368\" height=\"277\" \/><\/a><figcaption id=\"caption-attachment-3726\" class=\"wp-caption-text\">Ao centro, Carlos Bizzone (professor) e Cid\u00e1lio Vieira Santos (coordenador Cine B), com as alunas Helena e F\u00e1tima <\/figcaption><\/figure>\n<p>Bom, o mais gostoso desta sess\u00e3o foi flagrar, por v\u00e1rias vezes, as pessoas cochichando sempre que reconheciam um lugar mostrado na cena. Coisas como: \u201cOlha, ali \u00e9 o viaduto tal, e l\u00e1 \u00e9 pr\u00f3ximo de casa\u201d. Isto comprova todas as teorias de que, realmente, quando conseguimos nos identificar com a realidade dos personagens, nosso envolvimento com o filme \u00e9 muito maior e, claro, bem mais gostoso.<\/p>\n<figure id=\"attachment_3727\" aria-describedby=\"caption-attachment-3727\" style=\"width: 368px\" class=\"wp-caption aligncenter\"><a href=\"http:\/\/projetocineb.com.br\/wp-content\/uploads\/2012\/08\/DSC04855_1024x768.jpg\"><img loading=\"lazy\" decoding=\"async\" class=\"size-full wp-image-3727\" title=\"DSC04855_1024x768\" src=\"http:\/\/projetocineb.com.br\/wp-content\/uploads\/2012\/08\/DSC04855_1024x768.jpg\" alt=\"\" width=\"368\" height=\"277\" \/><\/a><figcaption id=\"caption-attachment-3727\" class=\"wp-caption-text\">Pela primeira vez no cinema, Cec\u00edlia Soares (esquerda) com a amiga Maria de F\u00e1tima (direita)<\/figcaption><\/figure>\n<p style=\"text-align: center;\">\n","protected":false},"excerpt":{"rendered":"<p>Na quarta-feira, 8 de agosto, foi a vez do Col\u00e9gio Santa Cruz, zona oeste de S\u00e3o Paulo, receber a pr\u00e9-estreia[&#8230;]<\/p>\n","protected":false},"author":2,"featured_media":0,"comment_status":"open","ping_status":"open","sticky":false,"template":"","format":"standard","meta":[],"categories":[2],"tags":[19,154,252,263,302,1132,1250],"_links":{"self":[{"href":"https:\/\/projetocineb.com.br\/index.php?rest_route=\/wp\/v2\/posts\/3711"}],"collection":[{"href":"https:\/\/projetocineb.com.br\/index.php?rest_route=\/wp\/v2\/posts"}],"about":[{"href":"https:\/\/projetocineb.com.br\/index.php?rest_route=\/wp\/v2\/types\/post"}],"author":[{"embeddable":true,"href":"https:\/\/projetocineb.com.br\/index.php?rest_route=\/wp\/v2\/users\/2"}],"replies":[{"embeddable":true,"href":"https:\/\/projetocineb.com.br\/index.php?rest_route=%2Fwp%2Fv2%2Fcomments&post=3711"}],"version-history":[{"count":0,"href":"https:\/\/projetocineb.com.br\/index.php?rest_route=\/wp\/v2\/posts\/3711\/revisions"}],"wp:attachment":[{"href":"https:\/\/projetocineb.com.br\/index.php?rest_route=%2Fwp%2Fv2%2Fmedia&parent=3711"}],"wp:term":[{"taxonomy":"category","embeddable":true,"href":"https:\/\/projetocineb.com.br\/index.php?rest_route=%2Fwp%2Fv2%2Fcategories&post=3711"},{"taxonomy":"post_tag","embeddable":true,"href":"https:\/\/projetocineb.com.br\/index.php?rest_route=%2Fwp%2Fv2%2Ftags&post=3711"}],"curies":[{"name":"wp","href":"https:\/\/api.w.org\/{rel}","templated":true}]}}