{"id":3816,"date":"2012-09-13T00:46:45","date_gmt":"2012-09-13T03:46:45","guid":{"rendered":"http:\/\/projetocineb.com.br\/?p=3816"},"modified":"2012-09-13T00:46:45","modified_gmt":"2012-09-13T03:46:45","slug":"3816","status":"publish","type":"post","link":"https:\/\/projetocineb.com.br\/?p=3816","title":{"rendered":"CINEB NA VILA ALPINA"},"content":{"rendered":"<p style=\"text-align: justify;\">No \u00a0s\u00e1bado, 1\u00ba de setembro, o Cine B realizou a \u00faltima sess\u00e3o do filme <em>5X Favela &#8211; Agora por n\u00f3s mesmos<\/em>. A exibi\u00e7\u00e3o foi na Vila Alpina, zona leste de S\u00e3o Paulo.<\/p>\n<p style=\"text-align: justify;\">Quem nos abrigou foi o tradicional Clube Atl\u00e9tico Vila Alpina, cedendo o sal\u00e3o de festas para montarmos a sala itinerante de cinema brasileiro. No lugar das chuteiras, das bolas e das mesas de festas, foram colocadas cadeiras, equipamentos de som, projetor e uma grande tela. Era dia de cinema no clube, uma novidade por l\u00e1.<\/p>\n<div class=\"mceTemp mceIEcenter\" style=\"text-align: justify;\">\n<dl id=\"attachment_3817\" class=\"wp-caption aligncenter\" style=\"width: 378px;\">\n<dt class=\"wp-caption-dt\"><a href=\"http:\/\/projetocineb.com.br\/wp-content\/uploads\/2012\/09\/DSC05339_1024x768.jpg\"><img fetchpriority=\"high\" decoding=\"async\" class=\"size-full wp-image-3817\" title=\"DSC05339_1024x768\" src=\"http:\/\/projetocineb.com.br\/wp-content\/uploads\/2012\/09\/DSC05339_1024x768.jpg\" alt=\"\" width=\"368\" height=\"277\" \/><\/a><\/dt>\n<dd class=\"wp-caption-dd\">Tudo pronto para o in\u00edcio do filme<\/dd>\n<\/dl>\n<\/div>\n<p style=\"text-align: justify;\">Quem nos recebeu foi dona Nadir Bueno, diretora financeira do clube e funcion\u00e1ria h\u00e1 26 anos. L\u00e1, ela faz de tudo, at\u00e9 toma conta do bar. Contou-nos a import\u00e2ncia do clube para a regi\u00e3o: \u201cSempre buscamos abri-lo para a comunidade realizando algumas festas e, principalmente, cedendo o uso das quadras para jogarem futebol, gin\u00e1stica e outros esportes\u201d.<\/p>\n<div class=\"mceTemp mceIEcenter\" style=\"text-align: justify;\">\n<dl id=\"attachment_3829\" class=\"wp-caption aligncenter\" style=\"width: 378px;\">\n<dt class=\"wp-caption-dt\"><a href=\"http:\/\/projetocineb.com.br\/wp-content\/uploads\/2012\/09\/DSC05367_1024x768.jpg\"><img decoding=\"async\" class=\"size-full wp-image-3829\" title=\"DSC05367_1024x768\" src=\"http:\/\/projetocineb.com.br\/wp-content\/uploads\/2012\/09\/DSC05367_1024x768.jpg\" alt=\"\" width=\"368\" height=\"277\" \/><\/a><\/dt>\n<dd class=\"wp-caption-dd\">Moradores se preparam para mais uma sess\u00e3o do 5X FAVELA<\/dd>\n<\/dl>\n<\/div>\n<p style=\"text-align: justify;\">\n<p style=\"text-align: justify;\">Dona Nadir contou a vasta hist\u00f3ria do Clube Atl\u00e9tico Vila Alpina. 77 anos atr\u00e1s o terreno era usado por jovens para jogar futebol, at\u00e9 que o dono resolveu vend\u00ea-lo. Desta forma, eles perderiam o espa\u00e7o de recrea\u00e7\u00e3o. Ent\u00e3o, os pais se juntaram em uma associa\u00e7\u00e3o e compraram o terreno. Desde ent\u00e3o, constru\u00edram a sede e preservaram o espa\u00e7o de conv\u00edvio e divers\u00e3o da comunidade.<\/p>\n<div class=\"mceTemp mceIEcenter\" style=\"text-align: justify;\">\n<dl id=\"attachment_3819\" class=\"wp-caption aligncenter\" style=\"width: 378px;\">\n<dt class=\"wp-caption-dt\"><a href=\"http:\/\/projetocineb.com.br\/wp-content\/uploads\/2012\/09\/DSC05329_1024x768.jpg\"><img decoding=\"async\" class=\"size-full wp-image-3819\" title=\"DSC05329_1024x768\" src=\"http:\/\/projetocineb.com.br\/wp-content\/uploads\/2012\/09\/DSC05329_1024x768.jpg\" alt=\"\" width=\"368\" height=\"277\" \/><\/a><\/dt>\n<dd class=\"wp-caption-dd\">Nadir Bueno no bar do clube momentos antes da exibi\u00e7\u00e3o<\/dd>\n<\/dl>\n<\/div>\n<p style=\"text-align: justify;\">Foi a oportunidade da dona Valdelice da Silva, que veio da Bahia para visitar o filho e a nora. Fazia tempo que ela n\u00e3o ia ao cinema: \u201cL\u00e1 na Bahia eu fui quando era pequena, depois n\u00e3o tive mais oportunidade. Como estou passeando por aqui, n\u00e3o podia perder de ver o filme\u201d.<\/p>\n<div class=\"mceTemp mceIEcenter\" style=\"text-align: justify;\">\n<dl id=\"attachment_3820\" class=\"wp-caption aligncenter\" style=\"width: 378px;\">\n<dt class=\"wp-caption-dt\" style=\"text-align: justify;\"><a href=\"http:\/\/projetocineb.com.br\/wp-content\/uploads\/2012\/09\/DSC05345_1024x768.jpg\"><img loading=\"lazy\" decoding=\"async\" class=\"size-full wp-image-3820\" title=\"DSC05345_1024x768\" src=\"http:\/\/projetocineb.com.br\/wp-content\/uploads\/2012\/09\/DSC05345_1024x768.jpg\" alt=\"\" width=\"368\" height=\"277\" \/><\/a><\/dt>\n<dd class=\"wp-caption-dd\">Rui da Silva, a esposa Marlene e a m\u00e3e, Valdelice <\/dd>\n<\/dl>\n<\/div>\n<p style=\"text-align: justify;\">Roberto Balbo, presidente da Associa\u00e7\u00e3o de Moradores Vila Calif\u00f3rnia, estava animado com a nossa presen\u00e7a: \u201dTemos muitas pessoas carentes por aqui. Esta sess\u00e3o do Cine B as ajuda terem um pouco mais de cultura. \u00c9 uma inova\u00e7\u00e3o para a nossa comunidade\u201d.<\/p>\n<div class=\"mceTemp mceIEcenter\" style=\"text-align: justify;\">\n<dl id=\"attachment_3821\" class=\"wp-caption aligncenter\" style=\"width: 378px;\">\n<dt class=\"wp-caption-dt\"><a href=\"http:\/\/projetocineb.com.br\/wp-content\/uploads\/2012\/09\/DSC05353_1024x768.jpg\"><img loading=\"lazy\" decoding=\"async\" class=\"size-full wp-image-3821\" title=\"DSC05353_1024x768\" src=\"http:\/\/projetocineb.com.br\/wp-content\/uploads\/2012\/09\/DSC05353_1024x768.jpg\" alt=\"\" width=\"368\" height=\"277\" \/><\/a><\/dt>\n<dd class=\"wp-caption-dd\">Cid\u00e1lio Vieira Santos (coordenador do Cine B), Roberto Balbo (presidente da Associa\u00e7\u00e3o de Moradores Vila Calif\u00f3rnia) e Ailton In\u00e1cio, diretor social<\/dd>\n<\/dl>\n<\/div>\n<div class=\"mceTemp mceIEcenter\" style=\"text-align: justify;\">\n<dl id=\"attachment_3822\" class=\"wp-caption aligncenter\" style=\"width: 378px;\">\n<dt class=\"wp-caption-dt\"><a href=\"http:\/\/projetocineb.com.br\/wp-content\/uploads\/2012\/09\/DSC05346_1024x768.jpg\"><img loading=\"lazy\" decoding=\"async\" class=\"size-full wp-image-3822\" title=\"DSC05346_1024x768\" src=\"http:\/\/projetocineb.com.br\/wp-content\/uploads\/2012\/09\/DSC05346_1024x768.jpg\" alt=\"\" width=\"368\" height=\"277\" \/><\/a><\/dt>\n<dd class=\"wp-caption-dd\">Ana  Maria, o filho Jean Silva e a amiga M\u00f4nica Fonseca <\/dd>\n<\/dl>\n<\/div>\n<div class=\"mceTemp mceIEcenter\" style=\"text-align: justify;\">\n<dl id=\"attachment_3823\" class=\"wp-caption aligncenter\" style=\"width: 378px;\">\n<dt class=\"wp-caption-dt\"><a href=\"http:\/\/projetocineb.com.br\/wp-content\/uploads\/2012\/09\/DSC05349_1024x768.jpg\"><img loading=\"lazy\" decoding=\"async\" class=\"size-full wp-image-3823\" title=\"DSC05349_1024x768\" src=\"http:\/\/projetocineb.com.br\/wp-content\/uploads\/2012\/09\/DSC05349_1024x768.jpg\" alt=\"\" width=\"368\" height=\"277\" \/><\/a><\/dt>\n<dd class=\"wp-caption-dd\">Neta e av\u00f3 curtiram a sess\u00e3o de cinema juntinhas<\/dd>\n<\/dl>\n<\/div>\n<div class=\"mceTemp mceIEcenter\" style=\"text-align: justify;\">\n<dl id=\"attachment_3824\" class=\"wp-caption aligncenter\" style=\"width: 378px;\">\n<dt class=\"wp-caption-dt\"><a href=\"http:\/\/projetocineb.com.br\/wp-content\/uploads\/2012\/09\/DSC05379_1024x768.jpg\"><img loading=\"lazy\" decoding=\"async\" class=\"size-full wp-image-3824\" title=\"DSC05379_1024x768\" src=\"http:\/\/projetocineb.com.br\/wp-content\/uploads\/2012\/09\/DSC05379_1024x768.jpg\" alt=\"\" width=\"368\" height=\"277\" \/><\/a><\/dt>\n<dd class=\"wp-caption-dd\">Pela primeira vez no cinema, o casal Zailton Leandro e C\u00e1ssia Aparecida aprovaram o sess\u00e3o<\/dd>\n<\/dl>\n<\/div>\n<p style=\"text-align: justify;\">E o Cine B quer voltar para Vila Alpina e reencontrar todo mundo novamente. Para isso, basta curtir a nossa p\u00e1gina no facebook, assim voltamos com um novo filme pra zona leste, al\u00e9m da deliciosa pipoca do seu Ant\u00f4nio.<\/p>\n<div class=\"mceTemp mceIEcenter\" style=\"text-align: justify;\">\n<dl id=\"attachment_3830\" class=\"wp-caption aligncenter\" style=\"width: 378px;\">\n<dt class=\"wp-caption-dt\"><a href=\"http:\/\/projetocineb.com.br\/wp-content\/uploads\/2012\/09\/DSC05382-1_1024x768.jpg\"><img loading=\"lazy\" decoding=\"async\" class=\"size-full wp-image-3830\" title=\"DSC05382-1_1024x768\" src=\"http:\/\/projetocineb.com.br\/wp-content\/uploads\/2012\/09\/DSC05382-1_1024x768.jpg\" alt=\"\" width=\"368\" height=\"277\" \/><\/a><\/dt>\n<dd class=\"wp-caption-dd\">Final de mais uma sess\u00e3o animada do Cine B<\/dd>\n<\/dl>\n<\/div>\n<p style=\"text-align: justify;\">\n","protected":false},"excerpt":{"rendered":"<p>No \u00a0s\u00e1bado, 1\u00ba de setembro, o Cine B realizou a \u00faltima sess\u00e3o do filme 5X Favela &#8211; Agora por n\u00f3s[&#8230;]<\/p>\n","protected":false},"author":2,"featured_media":0,"comment_status":"open","ping_status":"open","sticky":false,"template":"","format":"standard","meta":[],"categories":[2],"tags":[],"_links":{"self":[{"href":"https:\/\/projetocineb.com.br\/index.php?rest_route=\/wp\/v2\/posts\/3816"}],"collection":[{"href":"https:\/\/projetocineb.com.br\/index.php?rest_route=\/wp\/v2\/posts"}],"about":[{"href":"https:\/\/projetocineb.com.br\/index.php?rest_route=\/wp\/v2\/types\/post"}],"author":[{"embeddable":true,"href":"https:\/\/projetocineb.com.br\/index.php?rest_route=\/wp\/v2\/users\/2"}],"replies":[{"embeddable":true,"href":"https:\/\/projetocineb.com.br\/index.php?rest_route=%2Fwp%2Fv2%2Fcomments&post=3816"}],"version-history":[{"count":0,"href":"https:\/\/projetocineb.com.br\/index.php?rest_route=\/wp\/v2\/posts\/3816\/revisions"}],"wp:attachment":[{"href":"https:\/\/projetocineb.com.br\/index.php?rest_route=%2Fwp%2Fv2%2Fmedia&parent=3816"}],"wp:term":[{"taxonomy":"category","embeddable":true,"href":"https:\/\/projetocineb.com.br\/index.php?rest_route=%2Fwp%2Fv2%2Fcategories&post=3816"},{"taxonomy":"post_tag","embeddable":true,"href":"https:\/\/projetocineb.com.br\/index.php?rest_route=%2Fwp%2Fv2%2Ftags&post=3816"}],"curies":[{"name":"wp","href":"https:\/\/api.w.org\/{rel}","templated":true}]}}