{"id":3840,"date":"2012-09-13T01:55:54","date_gmt":"2012-09-13T04:55:54","guid":{"rendered":"http:\/\/projetocineb.com.br\/?p=3840"},"modified":"2012-09-13T01:55:54","modified_gmt":"2012-09-13T04:55:54","slug":"3840","status":"publish","type":"post","link":"https:\/\/projetocineb.com.br\/?p=3840","title":{"rendered":"NOVO FILME EM CARTAZ NO    CINEB ESTREIA NO GRAJA\u00da"},"content":{"rendered":"<p style=\"text-align: justify;\">E l\u00e1 foi a gente, mais uma vez, para o Graja\u00fa, zona sul de S\u00e3o Paulo, para a primeira exibi\u00e7\u00e3o do novo filme em cartaz no\u00a0 Cine B, <em>Uma Professora Muito Maluquinha<\/em>, baseada na obra do escritor Ziraldo. Um infantil de muita gra\u00e7a e qualidade para as crian\u00e7as do Graja\u00fa. O local de exibi\u00e7\u00e3o foi o fundo da casa que abriga a Associa\u00e7\u00e3o de Mulheres do Graja\u00fa.<\/p>\n<div class=\"mceTemp mceIEcenter\" style=\"text-align: justify;\">\n<dl id=\"attachment_3842\" class=\"wp-caption aligncenter\" style=\"width: 415px;\">\n<dt class=\"wp-caption-dt\"><a href=\"http:\/\/projetocineb.com.br\/wp-content\/uploads\/2012\/09\/DSC05466_1024x768.jpg\"><img fetchpriority=\"high\" decoding=\"async\" class=\"size-full wp-image-3841  \" title=\"DSC05466_1024x768\" src=\"http:\/\/projetocineb.com.br\/wp-content\/uploads\/2012\/09\/DSC05466_1024x768.jpg\" alt=\"\" width=\"405\" height=\"305\" \/><\/a>\n<\/dt>\n<dd class=\"wp-caption-dd\" style=\"text-align: center;\">Associa\u00e7\u00e3o de Mulheres do Graja\u00fa<\/dd>\n<\/dl>\n<\/div>\n<div class=\"mceTemp mceIEcenter\" style=\"text-align: justify;\">\n<dl id=\"attachment_3843\" class=\"wp-caption aligncenter\" style=\"width: 415px;\">\n<dt class=\"wp-caption-dt\"><a href=\"http:\/\/projetocineb.com.br\/wp-content\/uploads\/2012\/09\/DSC05437_1024x768.jpg\"><img decoding=\"async\" class=\"size-full wp-image-3843 \" title=\"DSC05437_1024x768\" src=\"http:\/\/projetocineb.com.br\/wp-content\/uploads\/2012\/09\/DSC05437_1024x768.jpg\" alt=\"\" width=\"405\" height=\"305\" \/><\/a><\/dt>\n<dd class=\"wp-caption-dd\" style=\"text-align: center;\">Sala lotada para o in\u00edcio do filme<\/dd>\n<\/dl>\n<\/div>\n<p style=\"text-align: justify;\">Esta entidade oferece \u00e0 comunidade da regi\u00e3o apoio \u00e0s mulheres com a realiza\u00e7\u00e3o de cursos profissionalizantes de corte e costura, manicure, cabeleireira, palestras de orienta\u00e7\u00e3o para sa\u00fade da mulher e tamb\u00e9m apoio e aconselhamento \u00e0 mulher que sofre agress\u00e3o dom\u00e9stica. H\u00e1 tamb\u00e9m um curso de alfabetiza\u00e7\u00e3o e o Movimento de Moradia, que re\u00fane 600 pessoas. Al\u00e9m disto, realiza eventos culturais como bailes e aulas de dan\u00e7a. \u201cFoi sempre um sonho para n\u00f3s ter uma sess\u00e3o de cinema aqui. Agradecemos muito ao Cine B e ao Sindicato dos Banc\u00e1rios por nos dar esta oportunidade\u201d, conta, entusiasmada, F\u00e1tima Rosa, secret\u00e1ria de participa\u00e7\u00e3o da entidade.<\/p>\n<div class=\"mceTemp mceIEcenter\" style=\"text-align: justify;\">\n<dl id=\"attachment_3844\" class=\"wp-caption aligncenter\" style=\"width: 415px;\">\n<dt class=\"wp-caption-dt\"><a href=\"http:\/\/projetocineb.com.br\/wp-content\/uploads\/2012\/09\/DSC05441_1024x768.jpg\"><img decoding=\"async\" class=\"size-full wp-image-3844 \" title=\"DSC05441_1024x768\" src=\"http:\/\/projetocineb.com.br\/wp-content\/uploads\/2012\/09\/DSC05441_1024x768.jpg\" alt=\"\" width=\"405\" height=\"305\" \/><\/a><\/dt>\n<dd class=\"wp-caption-dd\" style=\"text-align: center;\">Cid\u00e1lio Vieira Santos com In\u00eas Santiago (vice-presidenta da associa\u00e7\u00e3o), F\u00e1tima Rosa (secret\u00e1ria de participa\u00e7\u00e3o) e a tesoureira Ivanilda de Souza<\/dd>\n<\/dl>\n<\/div>\n<p style=\"text-align: justify;\">\n<p style=\"text-align: justify;\">In\u00eas Santiago, vice-presidenta da associa\u00e7\u00e3o, destacou a import\u00e2ncia de reunir pessoas em atividades culturais como teatro e cinema: \u201ccom estes eventos, temos a possibilidade de conversar e\u00a0 mostrar para a comunidade o que ela tem de direito\u201d. In\u00eas contou que muitas crian\u00e7as nunca sa\u00edram daquela regi\u00e3o por falta de tempo e dinheiro dos pais. Assim, levar cinema para elas \u00e9 uma oportunidade \u00edmpar, j\u00e1 que l\u00e1 carece espa\u00e7os de cultura e lazer: \u201cSe a gente quiser ir a um teatro, cinema ou show, temos que tomar um \u00f4nibus por 40 minutos para o CEU Cantinho do C\u00e9u\u00a0 (o mais pr\u00f3ximo dali). Fica caro para os pais levarem seus filhos\u201d, comenta In\u00eas.<\/p>\n<div class=\"mceTemp mceIEcenter\" style=\"text-align: justify;\">\n<dl id=\"attachment_3847\" class=\"wp-caption aligncenter\" style=\"width: 415px;\">\n<dt class=\"wp-caption-dt\"><a href=\"http:\/\/projetocineb.com.br\/wp-content\/uploads\/2012\/09\/DSC05486_1024x768.jpg\"><img loading=\"lazy\" decoding=\"async\" class=\"size-full wp-image-3847 \" title=\"DSC05486_1024x768\" src=\"http:\/\/projetocineb.com.br\/wp-content\/uploads\/2012\/09\/DSC05486_1024x768.jpg\" alt=\"\" width=\"405\" height=\"305\" \/><\/a><\/dt>\n<dd class=\"wp-caption-dd\">Pela primeira vez no cinema,Edit  Telles, Maria de F\u00e1tima e Nascimenta Soares com Cid\u00e1lio Vieira Santos<\/dd>\n<\/dl>\n<\/div>\n<p style=\"text-align: justify;\">E a sess\u00e3o estava cheia de crian\u00e7as, mas n\u00e3o foram s\u00f3 elas que aproveitaram e se divertiram com o filme. L\u00e1 encontramos tr\u00eas adultos que nunca tinham ido ao cinema antes. Foi o caso de Edit\u00a0 Telles, Maria de Fatima, Nascimenta Soares.<\/p>\n<div class=\"mceTemp mceIEcenter\" style=\"text-align: justify;\">\n<dl id=\"attachment_3848\" class=\"wp-caption aligncenter\" style=\"width: 415px;\">\n<dt class=\"wp-caption-dt\"><a href=\"http:\/\/projetocineb.com.br\/wp-content\/uploads\/2012\/09\/DSC05489_1024x768.jpg\"><img loading=\"lazy\" decoding=\"async\" class=\"size-full wp-image-3848 \" title=\"DSC05489_1024x768\" src=\"http:\/\/projetocineb.com.br\/wp-content\/uploads\/2012\/09\/DSC05489_1024x768.jpg\" alt=\"\" width=\"405\" height=\"305\" \/><\/a><\/dt>\n<dd class=\"wp-caption-dd\">Camila Silva, Hysabella Moraes, Beatriz de Lurdes e Alyah Santos receberam o brinde do filme ap\u00f3s a sess\u00e3o<\/dd>\n<\/dl>\n<\/div>\n<div class=\"mceTemp mceIEcenter\" style=\"text-align: justify;\">\n<dl id=\"attachment_3849\" class=\"wp-caption aligncenter\" style=\"width: 415px;\">\n<dt class=\"wp-caption-dt\"><a href=\"http:\/\/projetocineb.com.br\/wp-content\/uploads\/2012\/09\/DSC05498_1024x768.jpg\"><img loading=\"lazy\" decoding=\"async\" class=\"size-full wp-image-3849 \" title=\"DSC05498_1024x768\" src=\"http:\/\/projetocineb.com.br\/wp-content\/uploads\/2012\/09\/DSC05498_1024x768.jpg\" alt=\"\" width=\"405\" height=\"305\" \/><\/a><\/dt>\n<dd class=\"wp-caption-dd\">Pela primeira vez no cinema, Nascimenta Soares trouxe a fam\u00edlia toda <\/dd>\n<\/dl>\n<\/div>\n<div class=\"mceTemp mceIEcenter\" style=\"text-align: justify;\">\n<dl id=\"attachment_3850\" class=\"wp-caption aligncenter\" style=\"width: 415px;\">\n<dt class=\"wp-caption-dt\"><a href=\"http:\/\/projetocineb.com.br\/wp-content\/uploads\/2012\/09\/DSC05501_1024x768.jpg\"><img loading=\"lazy\" decoding=\"async\" class=\"size-full wp-image-3850 \" title=\"DSC05501_1024x768\" src=\"http:\/\/projetocineb.com.br\/wp-content\/uploads\/2012\/09\/DSC05501_1024x768.jpg\" alt=\"\" width=\"405\" height=\"305\" \/><\/a><\/dt>\n<dd class=\"wp-caption-dd\">A tesoureira da Associa\u00e7\u00e3o, Ivanilda Souza, levou as filhas e netas para ver um filme de gra\u00e7a no Cine B<\/dd>\n<\/dl>\n<\/div>\n<div class=\"mceTemp mceIEcenter\" style=\"text-align: justify;\">\n<dl id=\"attachment_3852\" class=\"wp-caption aligncenter\" style=\"width: 415px;\">\n<dt class=\"wp-caption-dt\"><a href=\"http:\/\/projetocineb.com.br\/wp-content\/uploads\/2012\/09\/DSC05477_1024x768.jpg\"><img loading=\"lazy\" decoding=\"async\" class=\"size-full wp-image-3852 \" title=\"DSC05477_1024x768\" src=\"http:\/\/projetocineb.com.br\/wp-content\/uploads\/2012\/09\/DSC05477_1024x768.jpg\" alt=\"\" width=\"405\" height=\"305\" \/><\/a><\/dt>\n<dd class=\"wp-caption-dd\">Edit Telles, primeira vez no cinema, levou a filha Raniela. Elas chegaram 7 meses atr\u00e1s da Bahia<\/dd>\n<\/dl>\n<\/div>\n<div class=\"mceTemp mceIEcenter\" style=\"text-align: justify;\">\n<dl id=\"attachment_3853\" class=\"wp-caption aligncenter\" style=\"width: 415px;\">\n<dt class=\"wp-caption-dt\"><a href=\"http:\/\/projetocineb.com.br\/wp-content\/uploads\/2012\/09\/DSC05473_1024x768.jpg\"><img loading=\"lazy\" decoding=\"async\" class=\"size-full wp-image-3853 \" title=\"DSC05473_1024x768\" src=\"http:\/\/projetocineb.com.br\/wp-content\/uploads\/2012\/09\/DSC05473_1024x768.jpg\" alt=\"\" width=\"405\" height=\"305\" \/><\/a><\/dt>\n<dd class=\"wp-caption-dd\">Paulo Miguel, Gra\u00e7a Guimar\u00e3es e a neta Jeniffer: &#8220;trouxemos ela para se divertir. Se tiver todo final de semana, estaremos aqui&#8221;<\/dd>\n<\/dl>\n<\/div>\n<div class=\"mceTemp mceIEcenter\" style=\"text-align: justify;\">\n<dl id=\"attachment_3859\" class=\"wp-caption aligncenter\" style=\"width: 415px;\">\n<dt class=\"wp-caption-dt\"><a href=\"http:\/\/projetocineb.com.br\/wp-content\/uploads\/2012\/09\/392051_3824984951362_1318433180_n_1024x678.jpg\"><img loading=\"lazy\" decoding=\"async\" class=\"size-full wp-image-3859 \" title=\"392051_3824984951362_1318433180_n_1024x678\" src=\"http:\/\/projetocineb.com.br\/wp-content\/uploads\/2012\/09\/392051_3824984951362_1318433180_n_1024x678.jpg\" alt=\"\" width=\"405\" height=\"268\" \/><\/a><\/dt>\n<dd class=\"wp-caption-dd\">A deliciosa pipoca do Seu Ant\u00f4nio \u00a0deu um gostinho a mais para a crian\u00e7ada durante o filme<\/dd>\n<\/dl>\n<\/div>\n<div class=\"mceTemp mceIEcenter\" style=\"text-align: justify;\">\n<dl id=\"attachment_3854\" class=\"wp-caption aligncenter\" style=\"width: 415px;\">\n<dt class=\"wp-caption-dt\"><a href=\"http:\/\/projetocineb.com.br\/wp-content\/uploads\/2012\/09\/400501_3825005791883_677333248_n_1024x678.jpg\"><img loading=\"lazy\" decoding=\"async\" class=\"size-full wp-image-3854 \" title=\"400501_3825005791883_677333248_n_1024x678\" src=\"http:\/\/projetocineb.com.br\/wp-content\/uploads\/2012\/09\/400501_3825005791883_677333248_n_1024x678.jpg\" alt=\"\" width=\"405\" height=\"268\" \/><\/a><\/dt>\n<dd class=\"wp-caption-dd\">Todos reunidos ao final de uma sess\u00e3o de sucesso e lotada no Graja\u00fa<\/dd>\n<\/dl>\n<\/div>\n<p style=\"text-align: justify;\">\u00c9 muito bom colocar novos filmes em cartaz no Cine B. E se a primeira exibi\u00e7\u00e3o de <em>Uma Professora Muito Maluquinha<\/em> foi um sucesso, quem dir\u00e1 as pr\u00f3ximas. Confira a programa\u00e7\u00e3o do Cine B. \u00c9 um filme pra crian\u00e7ada e para toda a fam\u00edlia.<\/p>\n","protected":false},"excerpt":{"rendered":"<p>E l\u00e1 foi a gente, mais uma vez, para o Graja\u00fa, zona sul de S\u00e3o Paulo, para a primeira exibi\u00e7\u00e3o[&#8230;]<\/p>\n","protected":false},"author":2,"featured_media":0,"comment_status":"open","ping_status":"open","sticky":false,"template":"","format":"standard","meta":[],"categories":[2],"tags":[111,154,185,263,266,275,577,1132,1188],"_links":{"self":[{"href":"https:\/\/projetocineb.com.br\/index.php?rest_route=\/wp\/v2\/posts\/3840"}],"collection":[{"href":"https:\/\/projetocineb.com.br\/index.php?rest_route=\/wp\/v2\/posts"}],"about":[{"href":"https:\/\/projetocineb.com.br\/index.php?rest_route=\/wp\/v2\/types\/post"}],"author":[{"embeddable":true,"href":"https:\/\/projetocineb.com.br\/index.php?rest_route=\/wp\/v2\/users\/2"}],"replies":[{"embeddable":true,"href":"https:\/\/projetocineb.com.br\/index.php?rest_route=%2Fwp%2Fv2%2Fcomments&post=3840"}],"version-history":[{"count":0,"href":"https:\/\/projetocineb.com.br\/index.php?rest_route=\/wp\/v2\/posts\/3840\/revisions"}],"wp:attachment":[{"href":"https:\/\/projetocineb.com.br\/index.php?rest_route=%2Fwp%2Fv2%2Fmedia&parent=3840"}],"wp:term":[{"taxonomy":"category","embeddable":true,"href":"https:\/\/projetocineb.com.br\/index.php?rest_route=%2Fwp%2Fv2%2Fcategories&post=3840"},{"taxonomy":"post_tag","embeddable":true,"href":"https:\/\/projetocineb.com.br\/index.php?rest_route=%2Fwp%2Fv2%2Ftags&post=3840"}],"curies":[{"name":"wp","href":"https:\/\/api.w.org\/{rel}","templated":true}]}}