{"id":3881,"date":"2012-09-28T14:20:22","date_gmt":"2012-09-28T17:20:22","guid":{"rendered":"http:\/\/projetocineb.com.br\/?p=3881"},"modified":"2012-09-28T14:20:22","modified_gmt":"2012-09-28T17:20:22","slug":"cine-b-no-jd-arizi-zl","status":"publish","type":"post","link":"https:\/\/projetocineb.com.br\/?p=3881","title":{"rendered":"CINE B NO JD ARIZI, ZL"},"content":{"rendered":"<p style=\"text-align: justify;\">\u201cDesta vez chamamos menos gente. Na outra sess\u00e3o n\u00e3o tinha mais onde colocar as pessoas\u201d, disse a diretora da ONG JUNTOS II, Maria de Lurdes Souza, falando do sucesso que o CINE B teve por l\u00e1 na primeira vez. E na quinta-feira, 20 de setembro, levamos o filme <em>Uma professora muito maluquinha<\/em>, baseada na obra do grande cartunista Ziraldo. Divers\u00e3o pra valer para as 168 crian\u00e7as do Jardim Arizi, na zona leste de S\u00e3o Paulo.<\/p>\n<div class=\"mceTemp mceIEcenter\" style=\"text-align: center;\">\n<dl id=\"attachment_3882\" class=\"wp-caption aligncenter\" style=\"width: 378px;\">\n<dt class=\"wp-caption-dt\"><a href=\"http:\/\/projetocineb.com.br\/wp-content\/uploads\/2012\/09\/DSC05653_1024x768.jpg\"><img fetchpriority=\"high\" decoding=\"async\" class=\"size-full wp-image-3882\" title=\"DSC05653_1024x768\" src=\"http:\/\/projetocineb.com.br\/wp-content\/uploads\/2012\/09\/DSC05653_1024x768.jpg\" alt=\"\" width=\"368\" height=\"277\" \/><\/a><\/dt>\n<dd class=\"wp-caption-dd\">Fachada da Associa\u00e7\u00e3o que abriga a JUNTOS II<\/dd>\n<\/dl>\n<\/div>\n<div class=\"mceTemp mceIEcenter\" style=\"text-align: center;\">\n<dl id=\"attachment_3883\" class=\"wp-caption aligncenter\" style=\"width: 378px;\">\n<dt class=\"wp-caption-dt\"><a href=\"http:\/\/projetocineb.com.br\/wp-content\/uploads\/2012\/09\/DSC05665_1024x768.jpg\"><img decoding=\"async\" class=\"size-full wp-image-3883\" title=\"DSC05665_1024x768\" src=\"http:\/\/projetocineb.com.br\/wp-content\/uploads\/2012\/09\/DSC05665_1024x768.jpg\" alt=\"\" width=\"368\" height=\"277\" \/><\/a><\/dt>\n<dd class=\"wp-caption-dd\">Momentos antes do in\u00edcio da sess\u00e3o<\/dd>\n<\/dl>\n<\/div>\n<p style=\"text-align: justify;\">Este filme infantil dialoga muito bem com os trabalhos realizados pela ONG. A JUNTOS II trabalha com cerca de 100 crian\u00e7as entre 6 e 15 anos, desenvolvendo atividades recreativas e esportivas fora do hor\u00e1rio escolar. J\u00e1 as atividades culturais na regi\u00e3o s\u00e3o bem raras: \u201cGeralmente, temos que ir atr\u00e1s dos eventos culturais. \u00c9 dif\u00edcil acontecer de virem aqui, como o CINE B faz hoje para n\u00f3s\u201d, conta Maria de Lurdes. E ela completa: \u201cNo filme, conseguimos encontrar v\u00e1rias situa\u00e7\u00f5es que podemos usar em a\u00e7\u00f5es educativas com as crian\u00e7as ao longo da semana\u201d.<\/p>\n<div class=\"mceTemp mceIEcenter\" style=\"text-align: center;\">\n<dl id=\"attachment_3885\" class=\"wp-caption aligncenter\" style=\"width: 378px;\">\n<dt class=\"wp-caption-dt\"><a href=\"http:\/\/projetocineb.com.br\/wp-content\/uploads\/2012\/09\/DSC05677_1024x768.jpg\"><img decoding=\"async\" class=\"size-full wp-image-3885 \" title=\"DSC05677_1024x768\" src=\"http:\/\/projetocineb.com.br\/wp-content\/uploads\/2012\/09\/DSC05677_1024x768.jpg\" alt=\"\" width=\"368\" height=\"277\" \/><\/a><\/dt>\n<dd class=\"wp-caption-dd\">Humberto Carnavesi, diretor da JUNTOS, Cid\u00e1lio Vieira Santos, coordenador do CINE B, Maria de Lurdes, diretora, Daniel Garcia e Cristiane de Souza, gerentes de servi\u00e7os<\/dd>\n<\/dl>\n<\/div>\n<p style=\"text-align: justify;\">E teve gente, que j\u00e1 n\u00e3o \u00e9 crian\u00e7a h\u00e1 muito tempo, aproveitando a oportunidade para curtir um filme na sala escura. Foi o caso da cozinheira Valdete de Andrade, que fazia dez anos que n\u00e3o ia ao cinema: \u201cN\u00e3o fui mais porque \u00e9 caro, mas o que gosto do filme brasileiro \u00e9 ver os nordestinos no cinema\u201d, conta Valdete, que levou a filha Bruna Peres.<\/p>\n<div class=\"mceTemp mceIEcenter\" style=\"text-align: center;\">\n<dl id=\"attachment_3886\" class=\"wp-caption aligncenter\" style=\"width: 378px;\">\n<dt class=\"wp-caption-dt\"><a href=\"http:\/\/projetocineb.com.br\/wp-content\/uploads\/2012\/09\/DSC05648_1024x768.jpg\"><img loading=\"lazy\" decoding=\"async\" class=\"size-full wp-image-3886\" title=\"DSC05648_1024x768\" src=\"http:\/\/projetocineb.com.br\/wp-content\/uploads\/2012\/09\/DSC05648_1024x768.jpg\" alt=\"\" width=\"368\" height=\"277\" \/><\/a><\/dt>\n<dd class=\"wp-caption-dd\">Valdete de Andrade com a filha Bruna Peres<\/dd>\n<\/dl>\n<\/div>\n<p style=\"text-align: justify;\">Oportunidade de toda a fam\u00edlia curtir um programa junto. A dom\u00e9stica Silvia Val\u00e9ria e o pintor Roberto dos Santos levaram os tr\u00eas filhos para curtir o filme. Roberto acha fundamental, na educa\u00e7\u00e3o dos filhos, os pais participarem de eventos culturais com eles: \u201c\u00c9 importante a gente vir junto com os nossos filhos, ficar\u00e1 na mem\u00f3ria deles\u00a0 que os pais os levaram ao cinema\u201d<\/p>\n<div class=\"mceTemp mceIEcenter\" style=\"text-align: justify;\">\n<dl id=\"attachment_3887\" class=\"wp-caption aligncenter\" style=\"width: 378px;\">\n<dt class=\"wp-caption-dt\" style=\"text-align: justify;\"><a href=\"http:\/\/projetocineb.com.br\/wp-content\/uploads\/2012\/09\/DSC05710_1024x768.jpg\"><img loading=\"lazy\" decoding=\"async\" class=\"size-full wp-image-3887\" title=\"DSC05710_1024x768\" src=\"http:\/\/projetocineb.com.br\/wp-content\/uploads\/2012\/09\/DSC05710_1024x768.jpg\" alt=\"\" width=\"368\" height=\"277\" \/><\/a><\/dt>\n<dd class=\"wp-caption-dd\">Silvia Val\u00e9ria e Roberto dos Santos curtiram a sess\u00e3o com os filhos<\/dd>\n<\/dl>\n<\/div>\n<div class=\"mceTemp mceIEcenter\" style=\"text-align: justify;\">\n<dl id=\"attachment_3888\" class=\"wp-caption aligncenter\" style=\"width: 378px;\">\n<dt class=\"wp-caption-dt\"><a href=\"http:\/\/projetocineb.com.br\/wp-content\/uploads\/2012\/09\/DSC05669_1024x768.jpg\"><img loading=\"lazy\" decoding=\"async\" class=\"size-full wp-image-3888\" title=\"DSC05669_1024x768\" src=\"http:\/\/projetocineb.com.br\/wp-content\/uploads\/2012\/09\/DSC05669_1024x768.jpg\" alt=\"\" width=\"368\" height=\"277\" \/><\/a><\/dt>\n<dd class=\"wp-caption-dd\">Maria de Souza levou os bisnetos, pois a m\u00e3e trabalha \u00e0 noite e n\u00e3o p\u00f4de comparecer<\/dd>\n<\/dl>\n<\/div>\n<div class=\"mceTemp mceIEcenter\" style=\"text-align: justify;\">\n<dl id=\"attachment_3889\" class=\"wp-caption aligncenter\" style=\"width: 378px;\">\n<dt class=\"wp-caption-dt\"><a href=\"http:\/\/projetocineb.com.br\/wp-content\/uploads\/2012\/09\/DSC05683_1024x768.jpg\"><img loading=\"lazy\" decoding=\"async\" class=\"size-full wp-image-3889 \" title=\"DSC05683_1024x768\" src=\"http:\/\/projetocineb.com.br\/wp-content\/uploads\/2012\/09\/DSC05683_1024x768.jpg\" alt=\"\" width=\"368\" height=\"277\" \/><\/a><\/dt>\n<dd class=\"wp-caption-dd\">Alexandra Losano e Maria de Lurdes, da JUNTOS, com a pequena Juliana Vesia<\/dd>\n<\/dl>\n<\/div>\n<div class=\"mceTemp mceIEcenter\" style=\"text-align: justify;\">\n<dl id=\"attachment_3890\" class=\"wp-caption aligncenter\" style=\"width: 378px;\">\n<dt class=\"wp-caption-dt\"><a href=\"http:\/\/projetocineb.com.br\/wp-content\/uploads\/2012\/09\/DSC05707_1024x768.jpg\"><img loading=\"lazy\" decoding=\"async\" class=\"size-full wp-image-3890\" title=\"DSC05707_1024x768\" src=\"http:\/\/projetocineb.com.br\/wp-content\/uploads\/2012\/09\/DSC05707_1024x768.jpg\" alt=\"\" width=\"368\" height=\"277\" \/><\/a><\/dt>\n<dd class=\"wp-caption-dd\">Marcos Alves levou as filhas Shanaia e Laksmi <\/dd>\n<\/dl>\n<\/div>\n<div class=\"mceTemp mceIEcenter\" style=\"text-align: justify;\">\n<dl id=\"attachment_3891\" class=\"wp-caption aligncenter\" style=\"width: 378px;\">\n<dt class=\"wp-caption-dt\"><a href=\"http:\/\/projetocineb.com.br\/wp-content\/uploads\/2012\/09\/DSC05713_1024x768.jpg\"><img loading=\"lazy\" decoding=\"async\" class=\"size-full wp-image-3891\" title=\"DSC05713_1024x768\" src=\"http:\/\/projetocineb.com.br\/wp-content\/uploads\/2012\/09\/DSC05713_1024x768.jpg\" alt=\"\" width=\"368\" height=\"277\" \/><\/a><\/dt>\n<dd class=\"wp-caption-dd\">Crian\u00e7ada que recebeu o brinde do filme<\/dd>\n<\/dl>\n<\/div>\n<div class=\"mceTemp mceIEcenter\" style=\"text-align: justify;\">\n<dl id=\"attachment_3892\" class=\"wp-caption aligncenter\" style=\"width: 378px;\">\n<dt class=\"wp-caption-dt\"><a href=\"http:\/\/projetocineb.com.br\/wp-content\/uploads\/2012\/09\/DSC05717_1024x768.jpg\"><img loading=\"lazy\" decoding=\"async\" class=\"size-full wp-image-3892\" title=\"DSC05717_1024x768\" src=\"http:\/\/projetocineb.com.br\/wp-content\/uploads\/2012\/09\/DSC05717_1024x768.jpg\" alt=\"\" width=\"368\" height=\"277\" \/><\/a><\/dt>\n<dd class=\"wp-caption-dd\">Final da sess\u00e3o com os ganhadores da camiseta do CINE B<\/dd>\n<\/dl>\n<\/div>\n<p style=\"text-align: justify;\">A crian\u00e7a curtiu e muito o filme. Lotaram a sess\u00e3o, se acomodaram no ch\u00e3o, ficaram em sil\u00eancio e aplaudiram bastante quando o filme acabou. Foi um enorme prazer realizar mais uma sess\u00e3o do CINE B em parceria com a ONG JUNTOS, que realiza\u00a0 um belo trabalho com a crian\u00e7ada da zona leste.<\/p>\n","protected":false},"excerpt":{"rendered":"<p>\u201cDesta vez chamamos menos gente. Na outra sess\u00e3o n\u00e3o tinha mais onde colocar as pessoas\u201d, disse a diretora da ONG[&#8230;]<\/p>\n","protected":false},"author":2,"featured_media":0,"comment_status":"open","ping_status":"open","sticky":false,"template":"","format":"standard","meta":[],"categories":[2],"tags":[],"_links":{"self":[{"href":"https:\/\/projetocineb.com.br\/index.php?rest_route=\/wp\/v2\/posts\/3881"}],"collection":[{"href":"https:\/\/projetocineb.com.br\/index.php?rest_route=\/wp\/v2\/posts"}],"about":[{"href":"https:\/\/projetocineb.com.br\/index.php?rest_route=\/wp\/v2\/types\/post"}],"author":[{"embeddable":true,"href":"https:\/\/projetocineb.com.br\/index.php?rest_route=\/wp\/v2\/users\/2"}],"replies":[{"embeddable":true,"href":"https:\/\/projetocineb.com.br\/index.php?rest_route=%2Fwp%2Fv2%2Fcomments&post=3881"}],"version-history":[{"count":0,"href":"https:\/\/projetocineb.com.br\/index.php?rest_route=\/wp\/v2\/posts\/3881\/revisions"}],"wp:attachment":[{"href":"https:\/\/projetocineb.com.br\/index.php?rest_route=%2Fwp%2Fv2%2Fmedia&parent=3881"}],"wp:term":[{"taxonomy":"category","embeddable":true,"href":"https:\/\/projetocineb.com.br\/index.php?rest_route=%2Fwp%2Fv2%2Fcategories&post=3881"},{"taxonomy":"post_tag","embeddable":true,"href":"https:\/\/projetocineb.com.br\/index.php?rest_route=%2Fwp%2Fv2%2Ftags&post=3881"}],"curies":[{"name":"wp","href":"https:\/\/api.w.org\/{rel}","templated":true}]}}