{"id":3902,"date":"2012-09-28T16:00:13","date_gmt":"2012-09-28T19:00:13","guid":{"rendered":"http:\/\/projetocineb.com.br\/?p=3902"},"modified":"2012-09-28T16:00:13","modified_gmt":"2012-09-28T19:00:13","slug":"cine-b-em-hele-maria-osasco","status":"publish","type":"post","link":"https:\/\/projetocineb.com.br\/?p=3902","title":{"rendered":"CINE B EM HELENA MARIA, OSASCO"},"content":{"rendered":"<p style=\"text-align: justify;\">Na sexta-feira, o CINE B saiu de S\u00e3o Paulo e foi levar o cinema brasileiro para a periferia de Osasco. Esta sess\u00e3o contou com a vontade do casal Claudinei Andrade (professor Neg\u00e3o) e \u00a0Ana Laura Cansolin\u00a0 em levar o cinema para o bairro Helena Maria, carente de op\u00e7\u00f5es culturais.<\/p>\n<figure id=\"attachment_3907\" aria-describedby=\"caption-attachment-3907\" style=\"width: 384px\" class=\"wp-caption aligncenter\"><a href=\"http:\/\/projetocineb.com.br\/wp-content\/uploads\/2012\/09\/DSC05738_640x4801.jpg\"><img fetchpriority=\"high\" decoding=\"async\" class=\"size-full wp-image-3907\" title=\"DSC05738_640x480\" src=\"http:\/\/projetocineb.com.br\/wp-content\/uploads\/2012\/09\/DSC05738_640x4801.jpg\" alt=\"\" width=\"384\" height=\"288\" \/><\/a><figcaption id=\"caption-attachment-3907\" class=\"wp-caption-text\">Tudo pronto no sal\u00e3o de festas TicoNico para mais uma exibi\u00e7\u00e3o do CINE B<\/figcaption><\/figure>\n<p style=\"text-align: justify;\">Claudinei conta quando surgiu a ideia de levar o CINE B para a zona norte de Osasco: \u201cEncontramos o coordenador do CINE B, Cid\u00e1lio Vieira Santos, em um evento de cinema comunit\u00e1rio na nossa cidade. Conversei com ele e surgiu a ideia de fazer esta sess\u00e3o hoje aqui, pois a zona norte \u00e9 uma das regi\u00f5es mais carentes de Osasco\u201d.<\/p>\n<figure id=\"attachment_3911\" aria-describedby=\"caption-attachment-3911\" style=\"width: 384px\" class=\"wp-caption aligncenter\"><a href=\"http:\/\/projetocineb.com.br\/wp-content\/uploads\/2012\/09\/DSC05731_640x480.jpg\"><img decoding=\"async\" class=\"size-full wp-image-3911\" title=\"DSC05731_640x480\" src=\"http:\/\/projetocineb.com.br\/wp-content\/uploads\/2012\/09\/DSC05731_640x480.jpg\" alt=\"\" width=\"384\" height=\"288\" \/><\/a><figcaption id=\"caption-attachment-3911\" class=\"wp-caption-text\">Valtir dos Santos, Jos\u00e9 Marcos, Cid\u00e1lio Vieira Santos, Claudinei Andrade e Ana Cansolin<\/figcaption><\/figure>\n<p style=\"text-align: justify;\">Com a vontade de Claudinei e Ana, somou-se tamb\u00e9m a de Tico (Valtir dos Santos) e Nino (Jos\u00e9 Marcos), que tem um espa\u00e7o para festa e cederam, gratuitamente, para montarmos uma sala de cinema no sal\u00e3o de festas TicoNino. \u201cEsta \u00e9 a primeira vez que cedemos este espa\u00e7o para uma atividade cultural voltada para a comunidade. Agora queremos fazer isto mais vezes\u201d, conta Nino. J\u00e1 Tico se diz apaixonado pelo cinema brasileiro e estava feliz de fazermos a exibi\u00e7\u00e3o gratuita por l\u00e1: \u201cEu s\u00f3 vou ao cinema para ver filmes brasileiros, al\u00e9m de assistir muitos no canal a cabo. Mas n\u00e3o \u00e9 todo mundo que tem esta oportunidade\u201d.<\/p>\n<figure id=\"attachment_3914\" aria-describedby=\"caption-attachment-3914\" style=\"width: 384px\" class=\"wp-caption aligncenter\"><a href=\"http:\/\/projetocineb.com.br\/wp-content\/uploads\/2012\/09\/DSC05735_640x480.jpg\"><img decoding=\"async\" class=\"size-full wp-image-3914\" title=\"DSC05735_640x480\" src=\"http:\/\/projetocineb.com.br\/wp-content\/uploads\/2012\/09\/DSC05735_640x480.jpg\" alt=\"\" width=\"384\" height=\"288\" \/><\/a><figcaption id=\"caption-attachment-3914\" class=\"wp-caption-text\">P\u00fablico termina de chegar momentos antes do in\u00edcio da sess\u00e3o<\/figcaption><\/figure>\n<p style=\"text-align: justify;\">Dona Ivone de Oliveira, apaixonada pelos filmes de Mazzaropi, levou os netos para assistirem <em>Uma Menina Muito Maluquinha<\/em>, incluindo a pequena Maria Carolina, de 12 anos, apaixonada por toda a obra do Ziraldo: \u201cEu aprendi a ler com o Ziraldo, Monteiro Lobato e Maur\u00edcio de Souza\u201d, conta Maria, que estava ansiosa com a sess\u00e3o: \u201cQuero muito ver o filme porque eu li o livro e gostei bastante\u201d.<\/p>\n<figure id=\"attachment_3916\" aria-describedby=\"caption-attachment-3916\" style=\"width: 384px\" class=\"wp-caption aligncenter\"><a href=\"http:\/\/projetocineb.com.br\/wp-content\/uploads\/2012\/09\/DSC05727_640x480.jpg\"><img loading=\"lazy\" decoding=\"async\" class=\"size-full wp-image-3916\" title=\"DSC05727_640x480\" src=\"http:\/\/projetocineb.com.br\/wp-content\/uploads\/2012\/09\/DSC05727_640x480.jpg\" alt=\"\" width=\"384\" height=\"288\" \/><\/a><figcaption id=\"caption-attachment-3916\" class=\"wp-caption-text\">Ivone Oliveira com os netos<\/figcaption><\/figure>\n<p style=\"text-align: justify;\">Naquela noite foi a primeira vez que Edna Aparecida Andrade entrava em um cinema: \u201cA falta de oportunidade, dinheiro e tempo s\u00e3o os motivos que eu nunca fui ao cinema\u201d. Ela ficou com a filha Cristina nos bra\u00e7os durante o filme todo. Ap\u00f3s a sess\u00e3o, ela contou o que achou: \u00a0\u201cAdorei, foi bem emocionante\u201d.<\/p>\n<figure id=\"attachment_3917\" aria-describedby=\"caption-attachment-3917\" style=\"width: 384px\" class=\"wp-caption aligncenter\"><a href=\"http:\/\/projetocineb.com.br\/wp-content\/uploads\/2012\/09\/DSC05745_640x480.jpg\"><img loading=\"lazy\" decoding=\"async\" class=\"size-full wp-image-3917\" title=\"DSC05745_640x480\" src=\"http:\/\/projetocineb.com.br\/wp-content\/uploads\/2012\/09\/DSC05745_640x480.jpg\" alt=\"\" width=\"384\" height=\"288\" \/><\/a><figcaption id=\"caption-attachment-3917\" class=\"wp-caption-text\">Edna Aparecida Andrade e a filha Cristina, pela primeira vez no cinema<\/figcaption><\/figure>\n<p style=\"text-align: justify;\">Ana Laura Cansolin, que \u00e9 educadora, ficou feliz ao final do filme com o sucesso da sess\u00e3o, que estava bem animada. \u201cTudo que podemos trazer de qualidade para a comunidade \u00e9 bem positivo. Temos que pensar que \u00e9 dessa garotada toda que vai sair os homens e mulheres do futuro. Devemos investir mais neles\u201d, conta Ana.<\/p>\n<figure id=\"attachment_3918\" aria-describedby=\"caption-attachment-3918\" style=\"width: 384px\" class=\"wp-caption aligncenter\"><a href=\"http:\/\/projetocineb.com.br\/wp-content\/uploads\/2012\/09\/DSC05753_640x480.jpg\"><img loading=\"lazy\" decoding=\"async\" class=\"size-full wp-image-3918\" title=\"DSC05753_640x480\" src=\"http:\/\/projetocineb.com.br\/wp-content\/uploads\/2012\/09\/DSC05753_640x480.jpg\" alt=\"\" width=\"384\" height=\"288\" \/><\/a><figcaption id=\"caption-attachment-3918\" class=\"wp-caption-text\">Cid\u00e1lio Vieira Santos com o casal Claudinei e Ana acompanhados dos filhos<\/figcaption><\/figure>\n<figure id=\"attachment_3919\" aria-describedby=\"caption-attachment-3919\" style=\"width: 384px\" class=\"wp-caption aligncenter\"><a href=\"http:\/\/projetocineb.com.br\/wp-content\/uploads\/2012\/09\/DSC05749_640x480.jpg\"><img loading=\"lazy\" decoding=\"async\" class=\"size-full wp-image-3919\" title=\"DSC05749_640x480\" src=\"http:\/\/projetocineb.com.br\/wp-content\/uploads\/2012\/09\/DSC05749_640x480.jpg\" alt=\"\" width=\"384\" height=\"288\" \/><\/a><figcaption id=\"caption-attachment-3919\" class=\"wp-caption-text\">Festa ao final da sess\u00e3o com os sortudos que ganharam a camiseta do CINE B<\/figcaption><\/figure>\n<p>\u00c9 isto a\u00ed! Uma sess\u00e3o bacana, na periferia de Osasco, com pipoca gr\u00e1tis e sorteio de brindes. Bora voltar para Osasco, CINE B?<\/p>\n<p style=\"text-align: center;\">\n<p style=\"text-align: justify;\">\n","protected":false},"excerpt":{"rendered":"<p>Na sexta-feira, o CINE B saiu de S\u00e3o Paulo e foi levar o cinema brasileiro para a periferia de Osasco.[&#8230;]<\/p>\n","protected":false},"author":2,"featured_media":0,"comment_status":"open","ping_status":"open","sticky":false,"template":"","format":"standard","meta":[],"categories":[2],"tags":[],"_links":{"self":[{"href":"https:\/\/projetocineb.com.br\/index.php?rest_route=\/wp\/v2\/posts\/3902"}],"collection":[{"href":"https:\/\/projetocineb.com.br\/index.php?rest_route=\/wp\/v2\/posts"}],"about":[{"href":"https:\/\/projetocineb.com.br\/index.php?rest_route=\/wp\/v2\/types\/post"}],"author":[{"embeddable":true,"href":"https:\/\/projetocineb.com.br\/index.php?rest_route=\/wp\/v2\/users\/2"}],"replies":[{"embeddable":true,"href":"https:\/\/projetocineb.com.br\/index.php?rest_route=%2Fwp%2Fv2%2Fcomments&post=3902"}],"version-history":[{"count":0,"href":"https:\/\/projetocineb.com.br\/index.php?rest_route=\/wp\/v2\/posts\/3902\/revisions"}],"wp:attachment":[{"href":"https:\/\/projetocineb.com.br\/index.php?rest_route=%2Fwp%2Fv2%2Fmedia&parent=3902"}],"wp:term":[{"taxonomy":"category","embeddable":true,"href":"https:\/\/projetocineb.com.br\/index.php?rest_route=%2Fwp%2Fv2%2Fcategories&post=3902"},{"taxonomy":"post_tag","embeddable":true,"href":"https:\/\/projetocineb.com.br\/index.php?rest_route=%2Fwp%2Fv2%2Ftags&post=3902"}],"curies":[{"name":"wp","href":"https:\/\/api.w.org\/{rel}","templated":true}]}}