{"id":3924,"date":"2012-09-28T23:32:06","date_gmt":"2012-09-29T02:32:06","guid":{"rendered":"http:\/\/projetocineb.com.br\/?p=3924"},"modified":"2012-09-28T23:32:06","modified_gmt":"2012-09-29T02:32:06","slug":"cine-b-em-alto-de-pinheiros-a-ceu-aberto","status":"publish","type":"post","link":"https:\/\/projetocineb.com.br\/?p=3924","title":{"rendered":"CINE B EM ALTO DE PINHEIROS A C\u00c9U ABERTO"},"content":{"rendered":"<p style=\"text-align: justify;\">Tudo come\u00e7ou mais de dez anos atr\u00e1s quando algumas pessoas da regi\u00e3o da Pra\u00e7a Em\u00edlia de Barbosa Lima, em Alto de Pinheiros, S\u00e3o Paulo, se uniram para transformar aquele lugar abandonado e perigoso em uma agrad\u00e1vel pra\u00e7a de conviv\u00eancia dos moradores e frequentadores da regi\u00e3o.<\/p>\n<p style=\"text-align: justify;\">\n<div class=\"mceTemp mceIEcenter\" style=\"text-align: justify;\">\n<dl id=\"attachment_3925\" class=\"wp-caption aligncenter\" style=\"width: 408px;\">\n<dt class=\"wp-caption-dt\" style=\"text-align: justify;\"><a href=\"http:\/\/projetocineb.com.br\/wp-content\/uploads\/2012\/09\/ALTO-DE-PINEHIROS.jpg\"><img fetchpriority=\"high\" decoding=\"async\" class=\"size-full wp-image-3925\" title=\"ALTO DE PINEHIROS\" src=\"http:\/\/projetocineb.com.br\/wp-content\/uploads\/2012\/09\/ALTO-DE-PINEHIROS.jpg\" alt=\"\" width=\"398\" height=\"224\" \/><\/a><\/dt>\n<dd class=\"wp-caption-dd\">Ao ar livre, o antes e depois do p\u00fablico chegar \u00e0 pra\u00e7a<\/dd>\n<\/dl>\n<\/div>\n<p style=\"text-align: justify;\">O trabalho n\u00e3o foi f\u00e1cil: uniram-se arquitetos, engenheiros, moradores, estudantes e trabalhadores em busca do projeto ideal para aquele lugar. Moradores do bairro e taxistas de um ponto que opera ali at\u00e9 hoje foram consultados de como queriam que ela fosse. Alunos do col\u00e9gio Vera Cruz ajudaram no projeto, na pesquisa e no plantio de \u00e1rvores. Tanto deu certo que o CINE B realizou uma bela sess\u00e3o a c\u00e9u aberto do filme \u201cQuem se Importa\u201d, da diretora Mara Mour\u00e3o. O tema do document\u00e1rio est\u00e1 diretamente relacionado com a hist\u00f3ria daquela pra\u00e7a: o filme trata de diversos empreendedores sociais ao redor do mundo que, incomodados com alguma situa\u00e7\u00e3o, resolveram se mexer em busca de solu\u00e7\u00f5es r\u00e1pidas e pr\u00e1ticas para problemas sociais.<\/p>\n<div class=\"mceTemp mceIEcenter\" style=\"text-align: justify;\">\n<dl id=\"attachment_3930\" class=\"wp-caption aligncenter\" style=\"width: 394px;\">\n<dt class=\"wp-caption-dt\"><a href=\"http:\/\/projetocineb.com.br\/wp-content\/uploads\/2012\/09\/DSC05777_640x480.jpg\"><img decoding=\"async\" class=\"size-full wp-image-3930\" title=\"DSC05777_640x480\" src=\"http:\/\/projetocineb.com.br\/wp-content\/uploads\/2012\/09\/DSC05777_640x480.jpg\" alt=\"\" width=\"384\" height=\"288\" \/><\/a><\/dt>\n<dd class=\"wp-caption-dd\">Cadeiras ocupadas momentos antes da sess\u00e3o<\/dd>\n<\/dl>\n<\/div>\n<p style=\"text-align: justify;\">Mara Mour\u00e3o, al\u00e9m de diretora do filme, integra o movimento \u201cAlto de Pinheiros quer Paz\u201d: \u201cA seguran\u00e7a passa pela ocupa\u00e7\u00e3o das ruas do nosso bairro e n\u00e3o apenas nos trancarmos dentro dos muros das nossas casas\u201d, conta a diretora que estava empolgada na exibi\u00e7\u00e3o ao ar livre do seu document\u00e1rio. \u201cO objetivo do filme \u00e9 inspirar as pessoas em a\u00e7\u00f5es comunit\u00e1rias, pois o dia em que elas se unirem e se conhecerem melhor conseguir\u00e3o viver em paz, em um bairro melhor\u201d.<\/p>\n<div class=\"mceTemp mceIEcenter\" style=\"text-align: justify;\">\n<dl id=\"attachment_3932\" class=\"wp-caption aligncenter\" style=\"width: 394px;\">\n<dt class=\"wp-caption-dt\"><a href=\"http:\/\/projetocineb.com.br\/wp-content\/uploads\/2012\/09\/DSC05783_640x480.jpg\"><img decoding=\"async\" class=\"size-full wp-image-3932\" title=\"DSC05783_640x480\" src=\"http:\/\/projetocineb.com.br\/wp-content\/uploads\/2012\/09\/DSC05783_640x480.jpg\" alt=\"\" width=\"384\" height=\"288\" \/><\/a><\/dt>\n<dd class=\"wp-caption-dd\">A diretora Mara Mour\u00e3o e o coordenador do CINE B Cid\u00e1lio Vieira Santos<\/dd>\n<\/dl>\n<\/div>\n<p style=\"text-align: justify;\">A arquiteta Maria Luisa elogiou a utiliza\u00e7\u00e3o da pra\u00e7a como sala de cinema: \u201cFico muito feliz em ver esta pra\u00e7a que ajudei a planejar anos atr\u00e1s sendo usada pelos moradores do bairro como um espa\u00e7o cultural\u201d.<\/p>\n<div class=\"mceTemp mceIEcenter\" style=\"text-align: justify;\">\n<dl id=\"attachment_3933\" class=\"wp-caption aligncenter\" style=\"width: 394px;\">\n<dt class=\"wp-caption-dt\"><a href=\"http:\/\/projetocineb.com.br\/wp-content\/uploads\/2012\/09\/DSC05823_640x480.jpg\"><img loading=\"lazy\" decoding=\"async\" class=\"size-full wp-image-3933\" title=\"DSC05823_640x480\" src=\"http:\/\/projetocineb.com.br\/wp-content\/uploads\/2012\/09\/DSC05823_640x480.jpg\" alt=\"\" width=\"384\" height=\"288\" \/><\/a><\/dt>\n<dd class=\"wp-caption-dd\">Luiz Vilha\u00e7a, Michel Rosenthal e Maria Luisa<\/dd>\n<\/dl>\n<\/div>\n<p style=\"text-align: justify;\">Luiz Vilha\u00e7a Meier, que \u00e9 engenheiro e integrante do movimento \u201cAlto de Pinheiros quer Paz\u201d, destacou tamb\u00e9m o uso da pra\u00e7a: \u201cEsta sess\u00e3o \u00e9 uma forma de encontramos as pessoas daqui, de percebermos o outro como n\u00f3s, de diminuir a sensa\u00e7\u00e3o de pris\u00e3o que sinto dentro dos muros da minha casa\u201d. Este tipo de atividade, unindo as pessoas, faz com que haja discuss\u00e3o dos problemas comuns a elas e ao bairro onde vivem. Para Luiz, a exibi\u00e7\u00e3o do \u201cQuem se importa\u201d \u00e9 interessante porque \u201cvendo o filme n\u00f3s percebemos que n\u00e3o estamos sozinhos fazendo essas a\u00e7\u00f5es comunit\u00e1rias. O depoimento daquelas pessoas nos estimula a fazer mais\u201d, conclui o engenheiro.<\/p>\n<div class=\"mceTemp mceIEcenter\" style=\"text-align: justify;\">\n<dl id=\"attachment_3934\" class=\"wp-caption aligncenter\" style=\"width: 394px;\">\n<dt class=\"wp-caption-dt\"><a href=\"http:\/\/projetocineb.com.br\/wp-content\/uploads\/2012\/09\/DSC05779_640x480.jpg\"><img loading=\"lazy\" decoding=\"async\" class=\"size-full wp-image-3934\" title=\"DSC05779_640x480\" src=\"http:\/\/projetocineb.com.br\/wp-content\/uploads\/2012\/09\/DSC05779_640x480.jpg\" alt=\"\" width=\"384\" height=\"288\" \/><\/a><\/dt>\n<dd class=\"wp-caption-dd\">Alunos do Vera Cruz curtiram o filme e o frio com uma mantinha<\/dd>\n<\/dl>\n<\/div>\n<div class=\"mceTemp mceIEcenter\" style=\"text-align: justify;\">\n<dl id=\"attachment_3935\" class=\"wp-caption aligncenter\" style=\"width: 394px;\">\n<dt class=\"wp-caption-dt\"><a href=\"http:\/\/projetocineb.com.br\/wp-content\/uploads\/2012\/09\/DSC05774_640x480.jpg\"><img loading=\"lazy\" decoding=\"async\" class=\"size-full wp-image-3935\" title=\"DSC05774_640x480\" src=\"http:\/\/projetocineb.com.br\/wp-content\/uploads\/2012\/09\/DSC05774_640x480.jpg\" alt=\"\" width=\"384\" height=\"288\" \/><\/a><\/dt>\n<dd class=\"wp-caption-dd\">O casal Erik e Rita Farcette levaram as filhas Marina e Clara<\/dd>\n<\/dl>\n<\/div>\n<div class=\"mceTemp mceIEcenter\" style=\"text-align: justify;\">\n<dl id=\"attachment_3936\" class=\"wp-caption aligncenter\" style=\"width: 394px;\">\n<dt class=\"wp-caption-dt\"><a href=\"http:\/\/projetocineb.com.br\/wp-content\/uploads\/2012\/09\/DSC05764_640x480.jpg\"><img loading=\"lazy\" decoding=\"async\" class=\"size-full wp-image-3936\" title=\"DSC05764_640x480\" src=\"http:\/\/projetocineb.com.br\/wp-content\/uploads\/2012\/09\/DSC05764_640x480.jpg\" alt=\"\" width=\"384\" height=\"288\" \/><\/a><\/dt>\n<dd class=\"wp-caption-dd\">Verenice Arahan (EUA) e Julia Jaskolska (Pol\u00f4nia) estava l\u00e1 a convite da arquiteta Claudia Bicalho(\u00e0 direita)<\/dd>\n<\/dl>\n<\/div>\n<p style=\"text-align: justify;\">\n<div class=\"mceTemp mceIEcenter\" style=\"text-align: justify;\">\n<dl id=\"attachment_3937\" class=\"wp-caption aligncenter\" style=\"width: 394px;\">\n<dt class=\"wp-caption-dt\"><a href=\"http:\/\/projetocineb.com.br\/wp-content\/uploads\/2012\/09\/ALTO-DE-PINEHIROS1_640x480.jpg\"><img loading=\"lazy\" decoding=\"async\" class=\"size-full wp-image-3937  \" title=\"ALTO DE PINEHIROS1_640x480\" src=\"http:\/\/projetocineb.com.br\/wp-content\/uploads\/2012\/09\/ALTO-DE-PINEHIROS1_640x480.jpg\" alt=\"\" width=\"384\" height=\"288\" \/><\/a><\/dt>\n<dd class=\"wp-caption-dd\">Ap\u00f3s a sess\u00e3o, o p\u00fablico p\u00f4de participar de debate com a diretora Mara Mour\u00e3o<\/dd>\n<\/dl>\n<\/div>\n<div class=\"mceTemp mceIEcenter\" style=\"text-align: justify;\">\n<dl id=\"attachment_3938\" class=\"wp-caption aligncenter\" style=\"width: 394px;\">\n<dt class=\"wp-caption-dt\"><a href=\"http:\/\/projetocineb.com.br\/wp-content\/uploads\/2012\/09\/DSC05826_640x480.jpg\"><img loading=\"lazy\" decoding=\"async\" class=\"size-full wp-image-3938\" title=\"DSC05826_640x480\" src=\"http:\/\/projetocineb.com.br\/wp-content\/uploads\/2012\/09\/DSC05826_640x480.jpg\" alt=\"\" width=\"384\" height=\"288\" \/><\/a><\/dt>\n<dd class=\"wp-caption-dd\">E o p\u00fablico aguentou o friozinho at\u00e9 o final<\/dd>\n<\/dl>\n<\/div>\n<div style=\"text-align: justify;\"><span style=\"color: #0000ee;\"><span style=\"text-decoration: underline;\"><br \/>\n<\/span><\/span><\/div>\n<p style=\"text-align: justify;\">Embora um pouco fria aquela noite, a sess\u00e3o ficou cheia at\u00e9 o final. Uma del\u00edcia exibir um document\u00e1rio t\u00e3o interessante, a c\u00e9u aberto e com debate sobre o tema do filme com a diretora Mara Mour\u00e3o.<\/p>\n<p style=\"text-align: justify;\">\n<p style=\"text-align: justify;\">\n","protected":false},"excerpt":{"rendered":"<p>Tudo come\u00e7ou mais de dez anos atr\u00e1s quando algumas pessoas da regi\u00e3o da Pra\u00e7a Em\u00edlia de Barbosa Lima, em Alto[&#8230;]<\/p>\n","protected":false},"author":2,"featured_media":0,"comment_status":"open","ping_status":"open","sticky":false,"template":"","format":"standard","meta":[],"categories":[2],"tags":[],"_links":{"self":[{"href":"https:\/\/projetocineb.com.br\/index.php?rest_route=\/wp\/v2\/posts\/3924"}],"collection":[{"href":"https:\/\/projetocineb.com.br\/index.php?rest_route=\/wp\/v2\/posts"}],"about":[{"href":"https:\/\/projetocineb.com.br\/index.php?rest_route=\/wp\/v2\/types\/post"}],"author":[{"embeddable":true,"href":"https:\/\/projetocineb.com.br\/index.php?rest_route=\/wp\/v2\/users\/2"}],"replies":[{"embeddable":true,"href":"https:\/\/projetocineb.com.br\/index.php?rest_route=%2Fwp%2Fv2%2Fcomments&post=3924"}],"version-history":[{"count":0,"href":"https:\/\/projetocineb.com.br\/index.php?rest_route=\/wp\/v2\/posts\/3924\/revisions"}],"wp:attachment":[{"href":"https:\/\/projetocineb.com.br\/index.php?rest_route=%2Fwp%2Fv2%2Fmedia&parent=3924"}],"wp:term":[{"taxonomy":"category","embeddable":true,"href":"https:\/\/projetocineb.com.br\/index.php?rest_route=%2Fwp%2Fv2%2Fcategories&post=3924"},{"taxonomy":"post_tag","embeddable":true,"href":"https:\/\/projetocineb.com.br\/index.php?rest_route=%2Fwp%2Fv2%2Ftags&post=3924"}],"curies":[{"name":"wp","href":"https:\/\/api.w.org\/{rel}","templated":true}]}}