{"id":3956,"date":"2012-10-10T16:26:40","date_gmt":"2012-10-10T19:26:40","guid":{"rendered":"http:\/\/projetocineb.com.br\/?p=3956"},"modified":"2012-10-10T16:26:40","modified_gmt":"2012-10-10T19:26:40","slug":"cine-b-promove-pre-estreia-de-ate-que-a-sorte-nos-separe-para-bancarios-de-osasco","status":"publish","type":"post","link":"https:\/\/projetocineb.com.br\/?p=3956","title":{"rendered":"CINE B PROMOVE PR\u00c9-ESTREIA DE &#8220;AT\u00c9 QUE A SORTE NOS SEPARE&#8221; PARA BANC\u00c1RIOS DE OSASCO"},"content":{"rendered":"<p style=\"text-align: justify;\">Outra vez o projeto CINE B realizou uma pr\u00e9-estreia mais que exclusiva para os banc\u00e1rios da cidade de Osasco, na Regional do Sindicato dos Banc\u00e1rios de S\u00e3o Paulo. Na \u00faltima quinta-feira, 04 de outubro, levamos a com\u00e9dia At\u00e9 <em>Que a Sorte nos Separe<\/em>, de Roberto Santucci, que tem no elenco Leandro Hassum e Danielle Winits.<\/p>\n<figure id=\"attachment_3958\" aria-describedby=\"caption-attachment-3958\" style=\"width: 403px\" class=\"wp-caption aligncenter\"><a href=\"http:\/\/projetocineb.com.br\/wp-content\/uploads\/2012\/10\/2012.10_480x480.jpg\"><img fetchpriority=\"high\" decoding=\"async\" class=\"size-full wp-image-3958  \" title=\"2012.10_480x480\" src=\"http:\/\/projetocineb.com.br\/wp-content\/uploads\/2012\/10\/2012.10_480x480.jpg\" alt=\"\" width=\"403\" height=\"403\" \/><\/a><figcaption id=\"caption-attachment-3958\" class=\"wp-caption-text\">Audit\u00f3rio da Regional Osasco lota para o in\u00edcio da sess\u00e3o<\/figcaption><\/figure>\n<figure id=\"attachment_3963\" aria-describedby=\"caption-attachment-3963\" style=\"width: 411px\" class=\"wp-caption aligncenter\"><a href=\"http:\/\/projetocineb.com.br\/wp-content\/uploads\/2012\/10\/DSC05869_640x480.jpg\"><img decoding=\"async\" class=\"size-full wp-image-3963\" title=\"DSC05869_640x480\" src=\"http:\/\/projetocineb.com.br\/wp-content\/uploads\/2012\/10\/DSC05869_640x480.jpg\" alt=\"\" width=\"411\" height=\"308\" \/><\/a><figcaption id=\"caption-attachment-3963\" class=\"wp-caption-text\">Banc\u00e1rios chegam para conferirem a pr\u00e9-estreia promovida pelo CINE B<\/figcaption><\/figure>\n<p style=\"text-align: justify;\">O filme conta a divertida hist\u00f3ria do milion\u00e1rio Tino que, ap\u00f3s gastar todo o dinheiro e ficar falido, precisa esconder da mulher gr\u00e1vida que est\u00e3o na lama. O longa fez a plateia de mais de 80 pessoas rirem at\u00e9 o final do filme. Na abertura da sess\u00e3o, o coordenador da regional Osvaldo Caetano agradeceu a presen\u00e7a do CINE B naquele dia: \u201cPara n\u00f3s \u00e9 um privil\u00e9gio este projeto voltar aqui com mais uma pr\u00e9-estreia, pois sabemos que o CINE B est\u00e1 sendo disputado por diversas entidades aqui da regi\u00e3o\u201d.<\/p>\n<figure id=\"attachment_3971\" aria-describedby=\"caption-attachment-3971\" style=\"width: 403px\" class=\"wp-caption aligncenter\"><a href=\"http:\/\/projetocineb.com.br\/wp-content\/uploads\/2012\/10\/DSC05885_640x480.jpg\"><img decoding=\"async\" class=\"size-full wp-image-3971\" title=\"DSC05885_640x480\" src=\"http:\/\/projetocineb.com.br\/wp-content\/uploads\/2012\/10\/DSC05885_640x480.jpg\" alt=\"\" width=\"403\" height=\"302\" \/><\/a><figcaption id=\"caption-attachment-3971\" class=\"wp-caption-text\">Cid\u00e1lio Vieira Santos e o coordenador da Regional Osasco, Osvaldo Caetano<\/figcaption><\/figure>\n<p style=\"text-align: justify;\">Foi mais uma oportunidade da funcion\u00e1ria do sindicado, Roseli de Almeida, levar a m\u00e3e Maria de Almeida para curtir um cinema gratuito com muita anima\u00e7\u00e3o: \u201cEu adoro assistir as sess\u00f5es do CINE B. Quando tem, chego em casa e logo falo pra minha m\u00e3e que tem cinema pra gente ir\u201d. Al\u00e9m disse, a animada Roseli divulgou o filme para os amigos.<\/p>\n<figure id=\"attachment_3974\" aria-describedby=\"caption-attachment-3974\" style=\"width: 380px\" class=\"wp-caption aligncenter\"><a href=\"http:\/\/projetocineb.com.br\/wp-content\/uploads\/2012\/10\/DSC05872_640x480.jpg\"><img loading=\"lazy\" decoding=\"async\" class=\"size-full wp-image-3974 \" title=\"DSC05872_640x480\" src=\"http:\/\/projetocineb.com.br\/wp-content\/uploads\/2012\/10\/DSC05872_640x480.jpg\" alt=\"\" width=\"380\" height=\"285\" \/><\/a><figcaption id=\"caption-attachment-3974\" class=\"wp-caption-text\">Maria de Almeida e Roseli de Almeida<\/figcaption><\/figure>\n<p style=\"text-align: justify;\">A banc\u00e1ria e amiga Joseli Maganha contou que \u201ca Roseli \u00e9 a maior divulgadora do CINE B. Ela mandou e-mail convidando as pessoas e depois ligou para ter certeza que todos vinham hoje\u201d. Joseli levou a m\u00e3e, o filho e duas sobrinhas para a sess\u00e3o, e contou por que n\u00e3o levou mais familiares: \u201cNossa, teve at\u00e9 disputa em casa para ver quem vinha para c\u00e1 hoje\u201d. Ela \u00e9 f\u00e3 do CINE B\u00a0 e est\u00e1 em todas.<\/p>\n<figure id=\"attachment_3978\" aria-describedby=\"caption-attachment-3978\" style=\"width: 384px\" class=\"wp-caption aligncenter\"><a href=\"http:\/\/projetocineb.com.br\/wp-content\/uploads\/2012\/10\/DSC05876_640x480.jpg\"><img loading=\"lazy\" decoding=\"async\" class=\"size-full wp-image-3978 \" title=\"DSC05876_640x480\" src=\"http:\/\/projetocineb.com.br\/wp-content\/uploads\/2012\/10\/DSC05876_640x480.jpg\" alt=\"\" width=\"384\" height=\"288\" \/><\/a><figcaption id=\"caption-attachment-3978\" class=\"wp-caption-text\">Ao centro, Joseli Maganha com as sobrinhas. No alto, a m\u00e3e e o filho<\/figcaption><\/figure>\n<p style=\"text-align: justify;\">Al\u00e9m de banc\u00e1rios, familiares e amigos, estiveram na sess\u00e3o alunos da escola p\u00fablica Jos\u00e9 Liberatti. O CINE B e o Sindicado dos Banc\u00e1rios entregaram alguns ingressos \u00e0 escola, que sorteou entre os alunos. Pelas risadas da molecada durante todo o filme, o programa daquela noite foi uma anima\u00e7\u00e3o e tanto.<\/p>\n<figure id=\"attachment_3980\" aria-describedby=\"caption-attachment-3980\" style=\"width: 384px\" class=\"wp-caption aligncenter\"><a href=\"http:\/\/projetocineb.com.br\/wp-content\/uploads\/2012\/10\/DSC05922_640x480.jpg\"><img loading=\"lazy\" decoding=\"async\" class=\"size-full wp-image-3980\" title=\"DSC05922_640x480\" src=\"http:\/\/projetocineb.com.br\/wp-content\/uploads\/2012\/10\/DSC05922_640x480.jpg\" alt=\"\" width=\"384\" height=\"288\" \/><\/a><figcaption id=\"caption-attachment-3980\" class=\"wp-caption-text\">Alunos da EE Jos\u00e9 Liberatti que foram sorteados para a pr\u00e9-estreia<\/figcaption><\/figure>\n<p style=\"text-align: justify;\">Foi tamb\u00e9m uma \u00f3tima oportunidade para o casal Willian dos Santos e Patr\u00edcia Nunes levarem as duas filhas pequenas para um programa diferente em fam\u00edlia: \u201cN\u00e3o costumamos lev\u00e1-las ao cinema por falta de tempo. Recebemos o convite de um amigo e achamos que seria uma chance de fazermos isto\u201d, contou Willian. \u201cAdoramos o filme, \u00e9 muito engra\u00e7ado. Vou recomendar\u201d, disse a sorridente Patr\u00edcia.<\/p>\n<figure id=\"attachment_3984\" aria-describedby=\"caption-attachment-3984\" style=\"width: 384px\" class=\"wp-caption aligncenter\"><a href=\"http:\/\/projetocineb.com.br\/wp-content\/uploads\/2012\/10\/DSC05916_640x480.jpg\"><img loading=\"lazy\" decoding=\"async\" class=\"size-full wp-image-3984\" title=\"DSC05916_640x480\" src=\"http:\/\/projetocineb.com.br\/wp-content\/uploads\/2012\/10\/DSC05916_640x480.jpg\" alt=\"\" width=\"384\" height=\"288\" \/><\/a><figcaption id=\"caption-attachment-3984\" class=\"wp-caption-text\">O casal se divertiu bastante com as filhas durante o filme<\/figcaption><\/figure>\n<figure id=\"attachment_3985\" aria-describedby=\"caption-attachment-3985\" style=\"width: 384px\" class=\"wp-caption aligncenter\"><a href=\"http:\/\/projetocineb.com.br\/wp-content\/uploads\/2012\/10\/DSC05917_640x480.jpg\"><img loading=\"lazy\" decoding=\"async\" class=\"size-full wp-image-3985\" title=\"DSC05917_640x480\" src=\"http:\/\/projetocineb.com.br\/wp-content\/uploads\/2012\/10\/DSC05917_640x480.jpg\" alt=\"\" width=\"384\" height=\"288\" \/><\/a><figcaption id=\"caption-attachment-3985\" class=\"wp-caption-text\">Sortudos que ganharam a camiseta do CINEB<\/figcaption><\/figure>\n<p>\u00c9 sempre um prazer levar o CINE B \u00e0 Regional Osasco do Sindicato dos Banc\u00e1rios. A hospitalidade de todos por l\u00e1 e a anima\u00e7\u00e3o da plateia sempre nos motiva a voltar com novidades. At\u00e9 a pr\u00f3xima, banc\u00e1rios e amigos de Osasco.<\/p>\n","protected":false},"excerpt":{"rendered":"<p>Outra vez o projeto CINE B realizou uma pr\u00e9-estreia mais que exclusiva para os banc\u00e1rios da cidade de Osasco, na[&#8230;]<\/p>\n","protected":false},"author":2,"featured_media":3974,"comment_status":"open","ping_status":"open","sticky":false,"template":"","format":"standard","meta":[],"categories":[2],"tags":[],"_links":{"self":[{"href":"https:\/\/projetocineb.com.br\/index.php?rest_route=\/wp\/v2\/posts\/3956"}],"collection":[{"href":"https:\/\/projetocineb.com.br\/index.php?rest_route=\/wp\/v2\/posts"}],"about":[{"href":"https:\/\/projetocineb.com.br\/index.php?rest_route=\/wp\/v2\/types\/post"}],"author":[{"embeddable":true,"href":"https:\/\/projetocineb.com.br\/index.php?rest_route=\/wp\/v2\/users\/2"}],"replies":[{"embeddable":true,"href":"https:\/\/projetocineb.com.br\/index.php?rest_route=%2Fwp%2Fv2%2Fcomments&post=3956"}],"version-history":[{"count":0,"href":"https:\/\/projetocineb.com.br\/index.php?rest_route=\/wp\/v2\/posts\/3956\/revisions"}],"wp:featuredmedia":[{"embeddable":true,"href":"https:\/\/projetocineb.com.br\/index.php?rest_route=\/wp\/v2\/media\/3974"}],"wp:attachment":[{"href":"https:\/\/projetocineb.com.br\/index.php?rest_route=%2Fwp%2Fv2%2Fmedia&parent=3956"}],"wp:term":[{"taxonomy":"category","embeddable":true,"href":"https:\/\/projetocineb.com.br\/index.php?rest_route=%2Fwp%2Fv2%2Fcategories&post=3956"},{"taxonomy":"post_tag","embeddable":true,"href":"https:\/\/projetocineb.com.br\/index.php?rest_route=%2Fwp%2Fv2%2Ftags&post=3956"}],"curies":[{"name":"wp","href":"https:\/\/api.w.org\/{rel}","templated":true}]}}