{"id":399,"date":"2010-02-24T20:47:59","date_gmt":"2010-02-24T20:47:59","guid":{"rendered":"http:\/\/projetocineb.com.br\/?p=399"},"modified":"2010-02-24T20:47:59","modified_gmt":"2010-02-24T20:47:59","slug":"cine-b-pela-segunda-vez-no-bras","status":"publish","type":"post","link":"https:\/\/projetocineb.com.br\/?p=399","title":{"rendered":"CINE B PELA SEGUNDA VEZ NO BR\u00c1S"},"content":{"rendered":"<p>S\u00e1bad\u00e3o, dia <span style=\"color: #0000ff;\">27 de fevereiro<\/span> tem Cine B no Br\u00e1s. Cid\u00e1lio Vieira Santos, passou ontem por l\u00e1 e foi avisado que <span style=\"color: #0000ff;\">200 ingressos j\u00e1 foram distribu\u00eddos<\/span>. Esta vai ser a segunda vez que o Cine B visita a comunidade.<\/p>\n<p>E voc\u00ea? <span style=\"color: #0000ff;\">J\u00e1 pegou o seu?<\/span><\/p>\n<h2><span style=\"color: #008000;\">CINEMA BRASILEIRO NO BR\u00c1S<\/span><\/h2>\n<p><span style=\"font-size: x-small; color: #ff0000;\"><span style=\"color: #ff6600;\"><span style=\"color: #000000;\"><span style=\"font-size: small;\"><strong>Local<\/strong>: Sal\u00e3o da Igreja S\u00e3o Jo\u00e3o Batista do Br\u00e1s<\/span><\/span><\/span><\/span><\/p>\n<p><span style=\"font-size: x-small; color: #ff0000;\"><span style=\"color: #ff6600;\"><span style=\"color: #000000;\"><span style=\"font-size: small;\"><strong>Endere\u00e7o<\/strong>: Avenida Celso Garcia, 600 &#8211; Br\u00e1s, S\u00e3o Paulo -SP<\/span><\/span><\/span><\/span><\/p>\n<p><span style=\"font-size: x-small; color: #ff0000;\"><span style=\"color: #ff6600;\"><span style=\"color: #000000;\"><span style=\"font-size: small;\"><strong>Ingressos<\/strong>: Secretaria da igreja, com Leandro ou Laura. <span style=\"color: #0000ff;\">Fone: 2693-2645<\/span><\/span><\/span><\/span><\/span><\/p>\n<p style=\"text-align: center;\"><span style=\"color: #ff0000; font-size: small;\"><span style=\"color: #ff0000;\"><span style=\"font-size: x-small;\"><span style=\"color: #000000;\"><span style=\"color: #ff0000;\"><span style=\"color: #000000;\"><span style=\"color: #ff0000;\"><strong><span style=\"color: #ff6600;\"><span style=\"color: #000000;\"><a href=\"http:\/\/projetocineb.com.br\/wp-content\/uploads\/2010\/02\/OgAAAGxIU8d5dwbESSmVasiJ07GW4fbbJPg30BR1uIFTGn-NqxLUleqm_amttu1Y3mW09cG2PNjEbtCJANbSGN_qC9gAm1T1UE4sYfsZjwZI-E_c1AtyES93J7UF-1.jpg\"><img fetchpriority=\"high\" decoding=\"async\" class=\"aligncenter size-full wp-image-400\" title=\"Sal\u00e3o da Igreja S\u00e3o Jo\u00e3o Batista\" src=\"http:\/\/projetocineb.com.br\/wp-content\/uploads\/2010\/02\/OgAAAGxIU8d5dwbESSmVasiJ07GW4fbbJPg30BR1uIFTGn-NqxLUleqm_amttu1Y3mW09cG2PNjEbtCJANbSGN_qC9gAm1T1UE4sYfsZjwZI-E_c1AtyES93J7UF-1.jpg\" alt=\"\" width=\"369\" height=\"277\" \/><\/a><\/span><\/span><\/strong><\/span><\/span><\/span><\/span><\/span><\/span><\/span><\/p>\n<p><span><br \/>\n<\/span><\/p>\n","protected":false},"excerpt":{"rendered":"<p>S\u00e1bad\u00e3o, dia 27 de fevereiro tem Cine B no Br\u00e1s. Cid\u00e1lio Vieira Santos, passou ontem por l\u00e1 e foi avisado[&#8230;]<\/p>\n","protected":false},"author":2,"featured_media":0,"comment_status":"open","ping_status":"open","sticky":false,"template":"","format":"standard","meta":[],"categories":[10],"tags":[148,154,266,626,1132,1247],"_links":{"self":[{"href":"https:\/\/projetocineb.com.br\/index.php?rest_route=\/wp\/v2\/posts\/399"}],"collection":[{"href":"https:\/\/projetocineb.com.br\/index.php?rest_route=\/wp\/v2\/posts"}],"about":[{"href":"https:\/\/projetocineb.com.br\/index.php?rest_route=\/wp\/v2\/types\/post"}],"author":[{"embeddable":true,"href":"https:\/\/projetocineb.com.br\/index.php?rest_route=\/wp\/v2\/users\/2"}],"replies":[{"embeddable":true,"href":"https:\/\/projetocineb.com.br\/index.php?rest_route=%2Fwp%2Fv2%2Fcomments&post=399"}],"version-history":[{"count":0,"href":"https:\/\/projetocineb.com.br\/index.php?rest_route=\/wp\/v2\/posts\/399\/revisions"}],"wp:attachment":[{"href":"https:\/\/projetocineb.com.br\/index.php?rest_route=%2Fwp%2Fv2%2Fmedia&parent=399"}],"wp:term":[{"taxonomy":"category","embeddable":true,"href":"https:\/\/projetocineb.com.br\/index.php?rest_route=%2Fwp%2Fv2%2Fcategories&post=399"},{"taxonomy":"post_tag","embeddable":true,"href":"https:\/\/projetocineb.com.br\/index.php?rest_route=%2Fwp%2Fv2%2Ftags&post=399"}],"curies":[{"name":"wp","href":"https:\/\/api.w.org\/{rel}","templated":true}]}}