{"id":4001,"date":"2012-10-26T17:51:01","date_gmt":"2012-10-26T19:51:01","guid":{"rendered":"http:\/\/projetocineb.com.br\/?p=4001"},"modified":"2012-10-26T17:51:01","modified_gmt":"2012-10-26T19:51:01","slug":"pre-estreia-gonzaga-de-pai-para-filho","status":"publish","type":"post","link":"https:\/\/projetocineb.com.br\/?p=4001","title":{"rendered":"CINEB ESTREIA &#8216;GONZAGA &#8211; DE PAI PARA FILHO&#8217;"},"content":{"rendered":"<p>Dia 26 de outubro estreia nos cinemas um novo filme que pretende emocionar as plateias. O \u00faltimo trabalho de Breno Silveira (que dirigiu <em>2 filhos de Francisco<\/em> e <em>\u00c0\u00a0beira do caminho<\/em>) tamb\u00e9m conta uma hist\u00f3ria musical, s\u00f3 que esta transita numa dif\u00edcil rela\u00e7\u00e3o entre pai e filho.<\/p>\n<figure id=\"attachment_4040\" aria-describedby=\"caption-attachment-4040\" style=\"width: 384px\" class=\"wp-caption aligncenter\"><a href=\"http:\/\/projetocineb.com.br\/wp-content\/uploads\/2012\/10\/MAU8506_01web.jpg\"><img fetchpriority=\"high\" decoding=\"async\" class=\"size-full wp-image-4040  \" title=\"A Pr\u00e9-estreia de 'Gonzaga - De pai para filho' do CINEB aconteceu no teatro do Col\u00e9gio Santa Cruz, em S\u00e3o Paulo\" src=\"http:\/\/projetocineb.com.br\/wp-content\/uploads\/2012\/10\/MAU8506_01web.jpg\" alt=\"A Pr\u00e9-estreia de 'Gonzaga - De pai para filho' do CINEB aconteceu no teatro do Col\u00e9gio Santa Cruz, em S\u00e3o Paulo\" width=\"384\" height=\"255\" \/><\/a><figcaption id=\"caption-attachment-4040\" class=\"wp-caption-text\">A Pr\u00e9-estreia de &#39;Gonzaga - De pai para filho&#39; do CINEB aconteceu no teatro do Col\u00e9gio Santa Cruz, em S\u00e3o Paulo<\/figcaption><\/figure>\n<p>O m\u00fasico Gonzaguinha, foi adotado pelo Gonzag\u00e3o, depois que sua m\u00e3e morre de tuberculose. Gonzaga cuida do garoto do seu jeito e por diversos motivos, os dois mant\u00eam um distanciamento. Poucos anos antes de falecer, Gonzaga concede uma entrevista ao filho e assim eles fazem as pazes. No filme \u00e9 esta conversa que apresenta ao espectador o universo que havia por tr\u00e1s dos m\u00fasicos.<\/p>\n<p>Um pai e um filho, dois artistas, dois sucessos. Um do sert\u00e3o nordestino, o outro carioca do Morro de S\u00e3o Carlos; um de direita, o outro de esquerda. Encontros, desencontros e uma trilha sonora que emocionou o Brasil. Esta \u00e9 a hist\u00f3ria de Luiz Gonzaga (1912-1989)\u00a0e Gonzaguinha (1945-1991) e de um amor que venceu todas as dif\u00edceis lembran\u00e7as e defeitos humanos. Um prato cheio para quem gosta de se emocionar num filme.<\/p>\n<figure id=\"attachment_4006\" aria-describedby=\"caption-attachment-4006\" style=\"width: 384px\" class=\"wp-caption aligncenter\"><a href=\"http:\/\/projetocineb.com.br\/wp-content\/uploads\/2012\/10\/DSC_0435_01web.jpg\"><img decoding=\"async\" class=\"size-full wp-image-4006  \" title=\"O coordenador\" src=\"http:\/\/projetocineb.com.br\/wp-content\/uploads\/2012\/10\/DSC_0435_01web.jpg\" alt=\"O coordenador\" width=\"384\" height=\"311\" \/><\/a><figcaption id=\"caption-attachment-4006\" class=\"wp-caption-text\">\u201cProfessores e alunos do EJA, funcion\u00e1rios da escola e convidados do CineB, \u00e9 uma honra recebe-los aqui para assistir este filme\u201d, disse o diretor dos cursos de alfabetiza\u00e7\u00e3o do Santa Cruz, professor Orlando J\u00f3ia.<\/figcaption><\/figure>\n<p>A sala de teatro do Col\u00e9gio Santa Cruz (zona oeste de SP) ficou lotado e o p\u00fablico riu bastante, cochichou muita coisa, enfim, uma noite de pr\u00e9-estreia de muito sucesso!<\/p>\n<figure id=\"attachment_4041\" aria-describedby=\"caption-attachment-4041\" style=\"width: 384px\" class=\"wp-caption aligncenter\"><a href=\"http:\/\/projetocineb.com.br\/wp-content\/uploads\/2012\/10\/photo_01web.jpg\"><img decoding=\"async\" class=\"size-full wp-image-4041  \" title=\"Eles entraram na dan\u00e7a e colocaram o tradicional chap\u00e9u: o coordenador do CINEB, Cid\u00e1lio Vieira Santos, a presidenta do Sindicato dos Banc\u00e1rios, Juvandia Moreira e a diretora da Brazucah Produ\u00e7\u00f5es, Cynthia Alario\" src=\"http:\/\/projetocineb.com.br\/wp-content\/uploads\/2012\/10\/photo_01web.jpg\" alt=\"Eles entraram na dan\u00e7a e colocaram o tradicional chap\u00e9u: o coordenador do CINEB, Cid\u00e1lio Vieira Santos, a presidenta do Sindicato dos Banc\u00e1rios, Juvandia Moreira e a diretora da Brazucah Produ\u00e7\u00f5es, Cynthia Alario\" width=\"384\" height=\"288\" \/><\/a><figcaption id=\"caption-attachment-4041\" class=\"wp-caption-text\">Eles entraram na dan\u00e7a e colocaram o tradicional chap\u00e9u: o coordenador do CINEB, Cid\u00e1lio Vieira Santos, a presidenta do Sindicato dos Banc\u00e1rios, Juvandia Moreira e a diretora da Brazucah Produ\u00e7\u00f5es, Cynthia Alario<\/figcaption><\/figure>\n<p>Para o professor do EJA do Col\u00e9gio Santa Cruz, Salvador, a identifica\u00e7\u00e3o de seus alunos com a hist\u00f3ria foi grande. &#8220;Para os alunos imigrantes a hist\u00f3ria os ajudou a reviver momentos de suas vidas, a rela\u00e7\u00e3o que cada um teve com o pai, foi isso que mais ouvi dos alunos&#8221;, explicou.<\/p>\n<figure id=\"attachment_4010\" aria-describedby=\"caption-attachment-4010\" style=\"width: 384px\" class=\"wp-caption aligncenter\"><a href=\"http:\/\/projetocineb.com.br\/wp-content\/uploads\/2012\/10\/DSC_0374_01web.jpg\"><img loading=\"lazy\" decoding=\"async\" class=\"size-full wp-image-4010  \" title=\"Publico aguarda ansioso pelo come\u00e7o do CINEB\" src=\"http:\/\/projetocineb.com.br\/wp-content\/uploads\/2012\/10\/DSC_0374_01web.jpg\" alt=\"Publico aguarda ansioso pelo come\u00e7o do CINEB\" width=\"384\" height=\"254\" \/><\/a><figcaption id=\"caption-attachment-4010\" class=\"wp-caption-text\">Publico aguarda animado pelo come\u00e7o do CINEB<\/figcaption><\/figure>\n<p>&#8220;Essa \u00e9 a realidade de muitas pessoas que moram em S\u00e3o Paulo. Tanto que a frase dita no filme \u00e9 bem do jeito que eles s\u00e3o: levo o nordeste junto comigo. Meus alunos moram em S\u00e3o Paulo, por anos, mas continuam sempre dizendo a cidade onde nasceram&#8221;, disse Professor Salvador.<\/p>\n<figure id=\"attachment_4004\" aria-describedby=\"caption-attachment-4004\" style=\"width: 384px\" class=\"wp-caption aligncenter\"><a href=\"http:\/\/projetocineb.com.br\/wp-content\/uploads\/2012\/10\/DSC_0490_01web.jpg\"><img loading=\"lazy\" decoding=\"async\" class=\"size-full wp-image-4004  \" title=\"Diretora da Associa\u00e7\u00e3o Nossa Turma, Luciana Pazzini, O tatu do Tri\u00e2ngulo Lourivaldo Lemos, a professora Paula Takada do Projeto Tempo Certo, o aluno e sanfoneiro Antonio Barboza de Lima e a professora Ana Cristina Campos\" src=\"http:\/\/projetocineb.com.br\/wp-content\/uploads\/2012\/10\/DSC_0490_01web.jpg\" alt=\"Diretora da Associa\u00e7\u00e3o Nossa Turma, Luciana Pazzini, O tatu do Tri\u00e2ngulo Lourivaldo Lemos, a professora Paula Takada do Projeto Tempo Certo, o aluno e sanfoneiro Antonio Barboza de Lima e a professora Ana Cristina Campos\" width=\"384\" height=\"284\" \/><\/a><figcaption id=\"caption-attachment-4004\" class=\"wp-caption-text\">Diretora da Associa\u00e7\u00e3o Nossa Turma, Luciana Pazzini, O tatu do Tri\u00e2ngulo Lourivaldo Lemos, a professora Paula Takada do Projeto Tempo Certo, o aluno e sanfoneiro Antonio Barboza de Lima e a professora Ana Cristina Campos<\/figcaption><\/figure>\n<p>\u201c\u00c9 muito legal lembrar da terra da gente e ver que meu pai era desse jeito tamb\u00e9m, mas acho que por isso hoje estamos a\u00ed na luta, trabalhando e tamb\u00e9m estudando\u201d, contou sanfoneiro Antonio Barboza de Lima, aluno do Nossa Turma, em um projeto de alfabetiza\u00e7\u00e3o de adultos.<\/p>\n<figure id=\"attachment_4011\" aria-describedby=\"caption-attachment-4011\" style=\"width: 384px\" class=\"wp-caption aligncenter\"><a href=\"http:\/\/projetocineb.com.br\/wp-content\/uploads\/2012\/10\/DSC_0344_01web.jpg\"><img loading=\"lazy\" decoding=\"async\" class=\"size-full wp-image-4011  \" title=\"A presidenta do Sindicato dos Banc\u00e1rios \u00e9 entrevistada pela TV dos Banc\u00e1rios\" src=\"http:\/\/projetocineb.com.br\/wp-content\/uploads\/2012\/10\/DSC_0344_01web.jpg\" alt=\"A presidenta do Sindicato dos Banc\u00e1rios \u00e9 entrevistada pela TV dos Banc\u00e1rios\" width=\"384\" height=\"254\" \/><\/a><figcaption id=\"caption-attachment-4011\" class=\"wp-caption-text\">A presidenta do Sindicato dos Banc\u00e1rios \u00e9 entrevistada pela TV dos Banc\u00e1rios<\/figcaption><\/figure>\n<p>Para a diretora executiva da Brazucah Produ\u00e7\u00f5es, Cynthia Alario, a pr\u00e9-estreia de Gonzaga \u2013 De pai para filho \u00e9 mais uma forma do CineB popularizar o cinema brasileiro. \u201cQuando pensamos em pr\u00e9-estreia, sempre imaginamos algo exclusivo, para atores e pessoas envolvidas no filme, por isso queremos ampliar, fazer com que todos vejam\u201d, explica Cynthia.<\/p>\n<p>\u201cEste \u00e9 um filme que conta a hist\u00f3ria de dois grandes artistas brasileiros, por isso que para n\u00f3s do Sindicato \u00e9 uma honra exibir este filme para voc\u00eas\u201d, disse a presidenta do Sindicato dos Banc\u00e1rios de S\u00e3o Paulo, Juvandia Moreira.<\/p>\n<figure id=\"attachment_4013\" aria-describedby=\"caption-attachment-4013\" style=\"width: 384px\" class=\"wp-caption aligncenter\"><a href=\"http:\/\/projetocineb.com.br\/wp-content\/uploads\/2012\/10\/DSC_0256_01web.jpg\"><img loading=\"lazy\" decoding=\"async\" class=\"size-full wp-image-4013  \" title=\"&quot;Assistir filmes assim ajudam a gente com alguns trabalhos que fazemos no curso de alfabetiza\u00e7\u00e3o, como uma foto novela que estamos montando atualmente, al\u00e9m disso, Gonzaga era o rei do bai\u00e3o, uma honra assistir um filme com a hist\u00f3ria dele&quot;, comentou o aluno do EJA Santa Cruz, Amauri da Silva Ara\u00fajo\" src=\"http:\/\/projetocineb.com.br\/wp-content\/uploads\/2012\/10\/DSC_0256_01web.jpg\" alt=\"&quot;Assistir filmes assim ajudam a gente com alguns trabalhos que fazemos no curso de alfabetiza\u00e7\u00e3o, como uma foto novela que estamos montando atualmente, al\u00e9m disso, Gonzaga era o rei do bai\u00e3o, uma honra assistir um filme com a hist\u00f3ria dele&quot;, comentou o aluno do EJA Santa Cruz, Amauri da Silva Ara\u00fajo\" width=\"384\" height=\"322\" \/><\/a><figcaption id=\"caption-attachment-4013\" class=\"wp-caption-text\">&quot;Assistir filmes assim ajudam a gente com alguns trabalhos que fazemos no curso de alfabetiza\u00e7\u00e3o, como uma foto novela que estamos montando atualmente, al\u00e9m disso, Gonzaga era o rei do bai\u00e3o, uma honra assistir um filme com a hist\u00f3ria dele&quot;, comentou o aluno do EJA Santa Cruz, Amauri da Silva Ara\u00fajo<\/figcaption><\/figure>\n<figure id=\"attachment_4016\" aria-describedby=\"caption-attachment-4016\" style=\"width: 384px\" class=\"wp-caption aligncenter\"><a href=\"http:\/\/projetocineb.com.br\/wp-content\/uploads\/2012\/10\/DSC_0233_01web.jpg\"><img loading=\"lazy\" decoding=\"async\" class=\"size-full wp-image-4016  \" title=\"Como sempre, no come\u00e7o da exibi\u00e7\u00e3o, Seu Antonio Nascimento \u00e9 o sucesso com sua pipoca &quot;bem da boa&quot;!\" src=\"http:\/\/projetocineb.com.br\/wp-content\/uploads\/2012\/10\/DSC_0233_01web.jpg\" alt=\"Como sempre, no come\u00e7o da exibi\u00e7\u00e3o, Seu Antonio Nascimento \u00e9 o sucesso com sua pipoca &quot;bem da boa&quot;!\" width=\"384\" height=\"254\" \/><\/a><figcaption id=\"caption-attachment-4016\" class=\"wp-caption-text\">Como sempre, no come\u00e7o da exibi\u00e7\u00e3o, Seu Antonio Nascimento \u00e9 o sucesso com sua pipoca &quot;bem da boa&quot;!<\/figcaption><\/figure>\n<p>Confira no cinema <em>Gonzaga \u2013 De pai para filho!<\/em> Vale a pena.<\/p>\n","protected":false},"excerpt":{"rendered":"<p>Dia 26 de outubro estreia nos cinemas um novo filme que pretende emocionar as plateias. O \u00faltimo trabalho de Breno[&#8230;]<\/p>\n","protected":false},"author":2,"featured_media":4039,"comment_status":"open","ping_status":"open","sticky":false,"template":"","format":"standard","meta":[],"categories":[2],"tags":[154,155,242,263,266,302,490,572,573,1095,1132],"_links":{"self":[{"href":"https:\/\/projetocineb.com.br\/index.php?rest_route=\/wp\/v2\/posts\/4001"}],"collection":[{"href":"https:\/\/projetocineb.com.br\/index.php?rest_route=\/wp\/v2\/posts"}],"about":[{"href":"https:\/\/projetocineb.com.br\/index.php?rest_route=\/wp\/v2\/types\/post"}],"author":[{"embeddable":true,"href":"https:\/\/projetocineb.com.br\/index.php?rest_route=\/wp\/v2\/users\/2"}],"replies":[{"embeddable":true,"href":"https:\/\/projetocineb.com.br\/index.php?rest_route=%2Fwp%2Fv2%2Fcomments&post=4001"}],"version-history":[{"count":0,"href":"https:\/\/projetocineb.com.br\/index.php?rest_route=\/wp\/v2\/posts\/4001\/revisions"}],"wp:featuredmedia":[{"embeddable":true,"href":"https:\/\/projetocineb.com.br\/index.php?rest_route=\/wp\/v2\/media\/4039"}],"wp:attachment":[{"href":"https:\/\/projetocineb.com.br\/index.php?rest_route=%2Fwp%2Fv2%2Fmedia&parent=4001"}],"wp:term":[{"taxonomy":"category","embeddable":true,"href":"https:\/\/projetocineb.com.br\/index.php?rest_route=%2Fwp%2Fv2%2Fcategories&post=4001"},{"taxonomy":"post_tag","embeddable":true,"href":"https:\/\/projetocineb.com.br\/index.php?rest_route=%2Fwp%2Fv2%2Ftags&post=4001"}],"curies":[{"name":"wp","href":"https:\/\/api.w.org\/{rel}","templated":true}]}}