{"id":4020,"date":"2012-10-29T21:05:39","date_gmt":"2012-10-29T23:05:39","guid":{"rendered":"http:\/\/projetocineb.com.br\/?p=4020"},"modified":"2012-10-29T21:05:39","modified_gmt":"2012-10-29T23:05:39","slug":"cineb-na-agua-branca","status":"publish","type":"post","link":"https:\/\/projetocineb.com.br\/?p=4020","title":{"rendered":"CINEB NO PARQUE DA \u00c1GUA BRANCA"},"content":{"rendered":"<p>Numa sess\u00e3o ao ar livre no Parque da \u00c1gua Branca, durante o 3<sup>o<\/sup> Festival de Gastronomia Org\u00e2nica de S\u00e3o Paulo, o CINEB exibiu o document\u00e1rio <em>Quem se importa<\/em>, de Mara Mour\u00e3o.<\/p>\n<figure id=\"attachment_4024\" aria-describedby=\"caption-attachment-4024\" style=\"width: 384px\" class=\"wp-caption aligncenter\"><a href=\"http:\/\/projetocineb.com.br\/wp-content\/uploads\/2012\/10\/DSC_0519_01web.jpg\"><img fetchpriority=\"high\" decoding=\"async\" class=\"size-full wp-image-4024  \" title=\"S\u00e3o Pedro\" src=\"http:\/\/projetocineb.com.br\/wp-content\/uploads\/2012\/10\/DSC_0519_01web.jpg\" alt=\"S\u00e3o Pedro\" width=\"384\" height=\"273\" \/><\/a><figcaption id=\"caption-attachment-4024\" class=\"wp-caption-text\">S\u00e3o Pedro deu uma tr\u00e9gua para o p\u00fablico na noite de s\u00e1bado...<\/figcaption><\/figure>\n<figure id=\"attachment_4023\" aria-describedby=\"caption-attachment-4023\" style=\"width: 384px\" class=\"wp-caption aligncenter\"><a href=\"http:\/\/projetocineb.com.br\/wp-content\/uploads\/2012\/10\/DSC_0529_01web.jpg\"><img decoding=\"async\" class=\"size-full wp-image-4023  \" title=\"...ent\u00e3o o filme foi exibido no toldo de uma barraca.\" src=\"http:\/\/projetocineb.com.br\/wp-content\/uploads\/2012\/10\/DSC_0529_01web.jpg\" alt=\"...ent\u00e3o o filme foi exibido no toldo de uma barraca.\" width=\"384\" height=\"254\" \/><\/a><figcaption id=\"caption-attachment-4023\" class=\"wp-caption-text\">...ent\u00e3o o filme foi exibido no toldo de uma barraca.<\/figcaption><\/figure>\n<p>Segundo a organizadora do Festival, Leila D, sempre s\u00e3o exibidos filmes na programa\u00e7\u00e3o. \u201cAno passado exibimos <em>O veneno est\u00e1 na mesa<\/em>, do Silvio Tendler, este ano o filme da Mara Mour\u00e3o tem tudo a ver com a gente, com quem acredita em projetos sociais. \u00c9 um trabalho de formiguinha que vale a pena\u201d, comentou Leila. \u201cQuem acredita num mundo melhor, faz tudo com mais amor, trabalha para essa melhora acontecer\u201d.<\/p>\n<figure id=\"attachment_4025\" aria-describedby=\"caption-attachment-4025\" style=\"width: 384px\" class=\"wp-caption aligncenter\"><a href=\"http:\/\/projetocineb.com.br\/wp-content\/uploads\/2012\/10\/DSC_0510_01web.jpg\"><img decoding=\"async\" class=\"size-full wp-image-4025  \" title=\"A organizadora do Festival, Leila D, ao microfone, ao lado do coordenador do CINEB, Cid\u00e1lio Vieira Santos, e da diretora da Brazucah Produ\u00e7\u00f5es, Cynthia Alario\" src=\"http:\/\/projetocineb.com.br\/wp-content\/uploads\/2012\/10\/DSC_0510_01web.jpg\" alt=\"A organizadora do Festival, Leila D, ao microfone, ao lado do coordenador do CINEB, Cid\u00e1lio Vieira Santos, e da diretora da Brazucah Produ\u00e7\u00f5es, Cynthia Alario\" width=\"384\" height=\"258\" \/><\/a><figcaption id=\"caption-attachment-4025\" class=\"wp-caption-text\">A organizadora do Festival, Leila D, ao microfone, ao lado do coordenador do CINEB, Cid\u00e1lio Vieira Santos, e da diretora da Brazucah Produ\u00e7\u00f5es, Cynthia Alario<\/figcaption><\/figure>\n<p>Inclusive um casal de espectadores elogiou o CINEB e seu coordenador, Cid\u00e1lio Vieira Santos. \u201cEste \u00e9 um projeto que beneficia as pessoas que n\u00e3o podem ir num cinema, n\u00e3o podem ficar pagando condu\u00e7\u00e3o e a entrada do filme, por isso \u00e9 maravilhoso\u201d, disse Edimilson Macedo. \u201cInclusive o Cid\u00e1lio \u00e9 um cara realmente da cultura, gosta de estar com as pessoas, de conversar. Na primeira sess\u00e3o que fui passamos na frente da pra\u00e7a e ele chamou pra assistir o filme. Gostamos e j\u00e1 queremos levar para nossa comunidade\u201d, explicou Edimilson.<\/p>\n<figure id=\"attachment_4029\" aria-describedby=\"caption-attachment-4029\" style=\"width: 384px\" class=\"wp-caption aligncenter\"><a href=\"http:\/\/projetocineb.com.br\/wp-content\/uploads\/2012\/10\/DSC_0498_01web.jpg\"><img loading=\"lazy\" decoding=\"async\" class=\"size-full wp-image-4029  \" title=\"Edimilson\" src=\"http:\/\/projetocineb.com.br\/wp-content\/uploads\/2012\/10\/DSC_0498_01web.jpg\" alt=\"Edimilson\" width=\"384\" height=\"348\" \/><\/a><figcaption id=\"caption-attachment-4029\" class=\"wp-caption-text\">Edimilson Macedo e sua esposa Antonia Mesquita, moradores da zona oeste de S\u00e3o Paulo<\/figcaption><\/figure>\n<figure id=\"attachment_4026\" aria-describedby=\"caption-attachment-4026\" style=\"width: 384px\" class=\"wp-caption aligncenter\"><a href=\"http:\/\/projetocineb.com.br\/wp-content\/uploads\/2012\/10\/DSC_0504_01web.jpg\"><img loading=\"lazy\" decoding=\"async\" class=\"size-full wp-image-4026  \" title=\"\u201cNum cinema como esse me recordo da \u00e9poca que eu era jovem e ia no drive-in, muito gostoso, \u00e9 um programa \u00f3timo pra distrair a cabe\u00e7a\u201d, contou o aposentado Benedito Redi que soube desta sess\u00e3o do CINEB pelo jornal do bairro.\" src=\"http:\/\/projetocineb.com.br\/wp-content\/uploads\/2012\/10\/DSC_0504_01web.jpg\" alt=\"\u201cNum cinema como esse me recordo da \u00e9poca que eu era jovem e ia no drive-in, muito gostoso, \u00e9 um programa \u00f3timo pra distrair a cabe\u00e7a\u201d, contou o aposentado Benedito Redi que soube desta sess\u00e3o do CINEB pelo jornal do bairro.\" width=\"384\" height=\"327\" \/><\/a><figcaption id=\"caption-attachment-4026\" class=\"wp-caption-text\">\u201cNum cinema como esse me recordo da \u00e9poca que eu era jovem e ia no drive-in, muito gostoso, \u00e9 um programa \u00f3timo pra distrair a cabe\u00e7a\u201d, contou o aposentado Benedito Redi que soube desta sess\u00e3o do CINEB pelo jornal do bairro.<\/figcaption><\/figure>\n<figure id=\"attachment_4034\" aria-describedby=\"caption-attachment-4034\" style=\"width: 384px\" class=\"wp-caption aligncenter\"><a href=\"http:\/\/projetocineb.com.br\/wp-content\/uploads\/2012\/10\/DSC_0615_01web.jpg\"><img loading=\"lazy\" decoding=\"async\" class=\"size-full wp-image-4034  \" title=\"&quot;O que mais me chamou aten\u00e7\u00e3o neste filme \u00e9 a forma como ela construiu uma fala \u00fanica de pessoas ao redor do mundo, em diferentes realidades&quot;, disse Anne Cerutti, que fassistiu 'Quem se importa', com sua filha Antonia  Aragon, de 8 anos\" src=\"http:\/\/projetocineb.com.br\/wp-content\/uploads\/2012\/10\/DSC_0615_01web.jpg\" alt=\"&quot;O que mais me chamou aten\u00e7\u00e3o neste filme \u00e9 a forma como ela construiu uma fala \u00fanica de pessoas ao redor do mundo, em diferentes realidades&quot;, disse Anne Cerutti, que fassistiu 'Quem se importa', com sua filha Antonia  Aragon, de 8 anos\" width=\"384\" height=\"412\" \/><\/a><figcaption id=\"caption-attachment-4034\" class=\"wp-caption-text\">&quot;O que mais me chamou aten\u00e7\u00e3o neste filme \u00e9 a forma como ela construiu uma fala \u00fanica de pessoas ao redor do mundo, em diferentes realidades&quot;, disse Anne Cerutti, que fassistiu &#39;Quem se importa&#39;, com sua filha Antonia Aragon, de 8 anos<\/figcaption><\/figure>\n<figure id=\"attachment_4022\" aria-describedby=\"caption-attachment-4022\" style=\"width: 384px\" class=\"wp-caption aligncenter\"><a href=\"http:\/\/projetocineb.com.br\/wp-content\/uploads\/2012\/10\/DSC_0543_01web.jpg\"><img loading=\"lazy\" decoding=\"async\" class=\"size-full wp-image-4022  \" title=\"Mara Mour\u00e3o conversa com o p\u00fablico\" src=\"http:\/\/projetocineb.com.br\/wp-content\/uploads\/2012\/10\/DSC_0543_01web.jpg\" alt=\"Mara Mour\u00e3o conversa com o p\u00fablico\" width=\"384\" height=\"254\" \/><\/a><figcaption id=\"caption-attachment-4022\" class=\"wp-caption-text\">Mara Mour\u00e3o conversa com o p\u00fablico<\/figcaption><\/figure>\n<p><em>Quem se importa<\/em> tocou as pessoas e a presen\u00e7a da diretora Mara Mour\u00e3o ao final da exibi\u00e7\u00e3o, permitiu uma r\u00e1pida troca de ideias entre o p\u00fablico e a cineasta. Confira os principais trechos!<\/p>\n<figure id=\"attachment_4030\" aria-describedby=\"caption-attachment-4030\" style=\"width: 384px\" class=\"wp-caption aligncenter\"><a href=\"http:\/\/projetocineb.com.br\/wp-content\/uploads\/2012\/10\/DSC_0581_01web.jpg\"><img loading=\"lazy\" decoding=\"async\" class=\"size-full wp-image-4030  \" title=\"\u201cO que te levou a fazer este filme?\u201d - Lianna Matheus, moradora do Alto da Lapa\" src=\"http:\/\/projetocineb.com.br\/wp-content\/uploads\/2012\/10\/DSC_0581_01web.jpg\" alt=\"\u201cO que te levou a fazer este filme?\u201d - Lianna Matheus, moradora do Alto da Lapa\" width=\"384\" height=\"350\" \/><\/a><figcaption id=\"caption-attachment-4030\" class=\"wp-caption-text\">\u201cO que te levou a fazer este filme?\u201d - Lianna Matheus, moradora do Alto da Lapa<\/figcaption><\/figure>\n<p><strong>Mara Mour\u00e3o:<\/strong> \u201cQuando fiz Doutores da Alegria me encantei com a rea\u00e7\u00e3o do p\u00fablico. Ao contr\u00e1rio das com\u00e9dias que dirigi Doutores e Quem se importa, mexem com os espectadores. Por isso \u00e9 dif\u00edcil quantificar o sucesso de filmes como estes, porque na verdade \u00e9 uma outra m\u00e9trica. Na p\u00e1gina do Facebook mesmo, muita gente compartilha as informa\u00e7\u00f5es do filme, querem participar e difundir essa ideia do empreendedorismo social. Ent\u00e3o n\u00e3o \u00e9 a bilheteria que conta, \u00e9 como essa pessoa sai do cinema e resolve se envolver tamb\u00e9m com esses projetos.\u201d<\/p>\n<p>&nbsp;<\/p>\n<figure id=\"attachment_4031\" aria-describedby=\"caption-attachment-4031\" style=\"width: 384px\" class=\"wp-caption aligncenter\"><strong><a href=\"http:\/\/projetocineb.com.br\/wp-content\/uploads\/2012\/10\/DSC_0598_01web.jpg\"><img loading=\"lazy\" decoding=\"async\" class=\"size-full wp-image-4031  \" title=\"\u201cQuem te indicou essas lideran\u00e7as?\u201d - Max Mu, morador da avenida Ang\u00e9lica\" src=\"http:\/\/projetocineb.com.br\/wp-content\/uploads\/2012\/10\/DSC_0598_01web.jpg\" alt=\"\u201cQuem te indicou essas lideran\u00e7as?\u201d - Max Mu, morador da avenida Ang\u00e9lica\" width=\"384\" height=\"351\" \/><\/a><\/strong><figcaption id=\"caption-attachment-4031\" class=\"wp-caption-text\">\u201cQuem te indicou essas lideran\u00e7as?\u201d - Max Mu, morador da avenida Ang\u00e9lica<\/figcaption><\/figure>\n<p><strong>Mara Mour\u00e3o:<\/strong> \u201cSou casada com um empreendedor social h\u00e1 20 anos, ent\u00e3o j\u00e1 puvia muitas hist\u00f3rias sobre o tema. Mas eu era c\u00e9tica, nnao acreditava ser poss\u00edvel mudar o mundo. Com muita pesquisa na internet, em livros e no banco de empreendedores da Ashoka fui juntando os entrevistados do document\u00e1rio. As muitos ficaram de fora. Costumo at\u00e9 brincar que vou fazer o Quem se importa 2, porque at\u00e9 alguns empreendedores que s\u00e3o meus amigos, acabaram ficando de fora.\u201d<\/p>\n<figure id=\"attachment_4032\" aria-describedby=\"caption-attachment-4032\" style=\"width: 384px\" class=\"wp-caption aligncenter\"><a href=\"http:\/\/projetocineb.com.br\/wp-content\/uploads\/2012\/10\/DSC_0601_01web.jpg\"><img loading=\"lazy\" decoding=\"async\" class=\"size-full wp-image-4032  \" title=\"\u201cGostaria de parabeniza-la por esse filme, \u00e9 maravilhoso, isso que precisamos mostrar aos jovens para que nosso Brasil cada vez mais melhore. Oh juventude, levanta a bandeira, que a mudan\u00e7a \u00e9 nossa!\u201d - Relizenil Paula Santos, moradora da Lapa \" src=\"http:\/\/projetocineb.com.br\/wp-content\/uploads\/2012\/10\/DSC_0601_01web.jpg\" alt=\"\u201cGostaria de parabeniza-la por esse filme, \u00e9 maravilhoso, isso que precisamos mostrar aos jovens para que nosso Brasil cada vez mais melhore. Oh juventude, levanta a bandeira, que a mudan\u00e7a \u00e9 nossa!\u201d - Relizenil Paula Santos, moradora da Lapa \" width=\"384\" height=\"368\" \/><\/a><figcaption id=\"caption-attachment-4032\" class=\"wp-caption-text\">\u201cGostaria de parabeniza-la por esse filme, \u00e9 maravilhoso, isso que precisamos mostrar aos jovens para que nosso Brasil cada vez mais melhore. Oh juventude, levanta a bandeira, que a mudan\u00e7a \u00e9 nossa!\u201d - Relizenil Paula Santos, moradora da Lapa<\/figcaption><\/figure>\n<p>Mara Mour\u00e3o indicou no debate que as pessoas conhe\u00e7am e curtam a p\u00e1gina de <em>Quem se importa<\/em> no <a href=\"https:\/\/www.facebook.com\/quemseimportaofilme?fref=ts\" target=\"_blank\">Facebook<\/a>. Difundir esse filme e, principalmente, essa ideia do empreendedorismo social \u00e9 fundamental para quem luta por um Planeta Terra mais justo e solid\u00e1rio! Bora arrega\u00e7ar as mangas?<\/p>\n<figure id=\"attachment_4033\" aria-describedby=\"caption-attachment-4033\" style=\"width: 384px\" class=\"wp-caption aligncenter\"><a href=\"http:\/\/projetocineb.com.br\/wp-content\/uploads\/2012\/10\/DSC_0614_01web.jpg\"><img loading=\"lazy\" decoding=\"async\" class=\"size-full wp-image-4033  \" title=\"No final da exibi\u00e7\u00e3o, houve o tradicional sorteio de camisetas do CINEB e, claro, a foto final com o p\u00fablico, sortudos e organizadores da sess\u00e3o\" src=\"http:\/\/projetocineb.com.br\/wp-content\/uploads\/2012\/10\/DSC_0614_01web.jpg\" alt=\"No final da exibi\u00e7\u00e3o, houve o tradicional sorteio de camisetas do CINEB e, claro, a foto final com o p\u00fablico, sortudos e organizadores da sess\u00e3o\" width=\"384\" height=\"255\" \/><\/a><figcaption id=\"caption-attachment-4033\" class=\"wp-caption-text\">No final da exibi\u00e7\u00e3o, houve o tradicional sorteio de camisetas do CINEB e, claro, a foto final com o p\u00fablico, sortudos e organizadores da sess\u00e3o<\/figcaption><\/figure>\n","protected":false},"excerpt":{"rendered":"<p>Numa sess\u00e3o ao ar livre no Parque da \u00c1gua Branca, durante o 3o Festival de Gastronomia Org\u00e2nica de S\u00e3o Paulo,[&#8230;]<\/p>\n","protected":false},"author":2,"featured_media":4029,"comment_status":"open","ping_status":"open","sticky":false,"template":"","format":"standard","meta":[],"categories":[7],"tags":[17,154,242,263,266,780,939,1020,1132,1250],"_links":{"self":[{"href":"https:\/\/projetocineb.com.br\/index.php?rest_route=\/wp\/v2\/posts\/4020"}],"collection":[{"href":"https:\/\/projetocineb.com.br\/index.php?rest_route=\/wp\/v2\/posts"}],"about":[{"href":"https:\/\/projetocineb.com.br\/index.php?rest_route=\/wp\/v2\/types\/post"}],"author":[{"embeddable":true,"href":"https:\/\/projetocineb.com.br\/index.php?rest_route=\/wp\/v2\/users\/2"}],"replies":[{"embeddable":true,"href":"https:\/\/projetocineb.com.br\/index.php?rest_route=%2Fwp%2Fv2%2Fcomments&post=4020"}],"version-history":[{"count":0,"href":"https:\/\/projetocineb.com.br\/index.php?rest_route=\/wp\/v2\/posts\/4020\/revisions"}],"wp:featuredmedia":[{"embeddable":true,"href":"https:\/\/projetocineb.com.br\/index.php?rest_route=\/wp\/v2\/media\/4029"}],"wp:attachment":[{"href":"https:\/\/projetocineb.com.br\/index.php?rest_route=%2Fwp%2Fv2%2Fmedia&parent=4020"}],"wp:term":[{"taxonomy":"category","embeddable":true,"href":"https:\/\/projetocineb.com.br\/index.php?rest_route=%2Fwp%2Fv2%2Fcategories&post=4020"},{"taxonomy":"post_tag","embeddable":true,"href":"https:\/\/projetocineb.com.br\/index.php?rest_route=%2Fwp%2Fv2%2Ftags&post=4020"}],"curies":[{"name":"wp","href":"https:\/\/api.w.org\/{rel}","templated":true}]}}