{"id":4043,"date":"2012-11-26T13:49:07","date_gmt":"2012-11-26T15:49:07","guid":{"rendered":"http:\/\/projetocineb.com.br\/?p=4043"},"modified":"2012-11-26T13:49:07","modified_gmt":"2012-11-26T15:49:07","slug":"osasco","status":"publish","type":"post","link":"https:\/\/projetocineb.com.br\/?p=4043","title":{"rendered":"OSASCO"},"content":{"rendered":"<p>Na Casa do Violeiro do Brasil o CINEB exibiu pela primeira vez uma nova sele\u00e7\u00e3o de curtas metragens nacionais, conquistando o p\u00fablico que esteve presente na sess\u00e3o!<\/p>\n<figure id=\"attachment_4050\" aria-describedby=\"caption-attachment-4050\" style=\"width: 411px\" class=\"wp-caption aligncenter\"><a href=\"http:\/\/projetocineb.com.br\/wp-content\/uploads\/2012\/11\/DSC_11561.jpg\"><img fetchpriority=\"high\" decoding=\"async\" class=\"size-full wp-image-4050   \" title=\"CINEB na Casa do Violeiro do Brasil\" src=\"http:\/\/projetocineb.com.br\/wp-content\/uploads\/2012\/11\/DSC_11561.jpg\" alt=\"CINEB na Casa do Violeiro do Brasil\" width=\"411\" height=\"272\" \/><\/a><figcaption id=\"caption-attachment-4050\" class=\"wp-caption-text\">CINEB na Casa do Violeiro do Brasil<\/figcaption><\/figure>\n<p>H\u00e1 43 anos a Orquestra dos Violeiros de Osasco, a primeira do Brasil, come\u00e7ou a ensaiar e fazer apresenta\u00e7\u00f5es. De l\u00e1 para c\u00e1 os m\u00fasicos se fortaleceram, conseguiram obter a sede pr\u00f3pria nos anos 90 e desde ent\u00e3o bailes e mais bailes animam a cultura local. Sexta tem baile da Boa Idade, quarta tem ensaio aberto da Orquestra sempre \u00e0s 20h, todo 2\u00ba domingo do m\u00eas duplas de violeiros se inscrevem e apresentam seus talentos ao p\u00fablico. A cultura musical brasileira acaba sendo super difundida por este espa\u00e7o. E ficamos felizes em adicionar a esta receita os filmes brasileiros.<\/p>\n<figure id=\"attachment_4048\" aria-describedby=\"caption-attachment-4048\" style=\"width: 392px\" class=\"wp-caption aligncenter\"><a href=\"http:\/\/projetocineb.com.br\/wp-content\/uploads\/2012\/11\/DSC_11161.jpg\"><img decoding=\"async\" class=\"size-full wp-image-4048  \" title=\"\u201cTudo que \u00e9 cultura trago para c\u00e1, ale\u00e9m do cinema, j\u00e1 cedemos o espa\u00e7o para grupos de teatro\u201d, diz o presidente da Casa do Violeiro do Brasil, Antonio Caldeira.\" src=\"http:\/\/projetocineb.com.br\/wp-content\/uploads\/2012\/11\/DSC_11161.jpg\" alt=\"\u201cTudo que \u00e9 cultura trago para c\u00e1, ale\u00e9m do cinema, j\u00e1 cedemos o espa\u00e7o para grupos de teatro\u201d, diz o presidente da Casa do Violeiro do Brasil, Antonio Caldeira.\" width=\"392\" height=\"259\" \/><\/a><figcaption id=\"caption-attachment-4048\" class=\"wp-caption-text\">\u201cTudo que \u00e9 cultura trago para c\u00e1, al\u00e9m do cinema, j\u00e1 cedemos o espa\u00e7o para grupos de teatro\u201d, diz o presidente da Casa do Violeiro do Brasil, Antonio Caldeira.<\/figcaption><\/figure>\n<figure id=\"attachment_4053\" aria-describedby=\"caption-attachment-4053\" style=\"width: 392px\" class=\"wp-caption aligncenter\"><a href=\"http:\/\/projetocineb.com.br\/wp-content\/uploads\/2012\/11\/DSC_11901.jpg\"><img decoding=\"async\" class=\"size-full wp-image-4053  \" title=\"A diretoria da Casa do Violeiro do Brasil\" src=\"http:\/\/projetocineb.com.br\/wp-content\/uploads\/2012\/11\/DSC_11901.jpg\" alt=\"A diretoria da Casa do Violeiro do Brasil\" width=\"392\" height=\"259\" \/><\/a><figcaption id=\"caption-attachment-4053\" class=\"wp-caption-text\">A diretoria da Casa do Violeiro do Brasil<\/figcaption><\/figure>\n<p>Apesar da agita\u00e7\u00e3o do lugar, Caldeira n\u00e3o deixa de reclamar sobre os incentivos do governo para manter o espa\u00e7o atuante. \u201cNos esfor\u00e7amos bastante para manter isso funcionando, j\u00e1 que nunca conseguimos ajuda do governo\u201d, comenta.<\/p>\n<p>Ainda bem que h\u00e1 um bom trabalho e esfor\u00e7o. A alternativa cultural agita principalmente os moradores de Osasco que s\u00e3o da terceira idade. Dona Cec\u00edlia Wintler de Souza \u00e9 uma dessas que sempre participa dos bailes da Casa do Violeiro. \u201cEu ia muito no cinema quando era solteira, agora n\u00e3o vou mais sen\u00e3o durmo naquele escurinho\u201d, comenta.<\/p>\n<figure id=\"attachment_4045\" aria-describedby=\"caption-attachment-4045\" style=\"width: 392px\" class=\"wp-caption aligncenter\"><a href=\"http:\/\/projetocineb.com.br\/wp-content\/uploads\/2012\/11\/DSC_10721.jpg\"><img loading=\"lazy\" decoding=\"async\" class=\"size-full wp-image-4045  \" title=\"\u201cO \u00faltimo filme que fui assistir foi do Mazzaropi, com o namorado que virou meu marido, por isso n\u00e3o lembro direito do filme, que sabe, n\u00e3o prestei muita aten\u00e7\u00e3o\u201d.\" src=\"http:\/\/projetocineb.com.br\/wp-content\/uploads\/2012\/11\/DSC_10721.jpg\" alt=\"\u201cO \u00faltimo filme que fui assistir foi do Mazzaropi, com o namorado que virou meu marido, por isso n\u00e3o lembro direito do filme, que sabe, n\u00e3o prestei muita aten\u00e7\u00e3o\u201d.\" width=\"392\" height=\"259\" \/><\/a><figcaption id=\"caption-attachment-4045\" class=\"wp-caption-text\">\u201cO \u00faltimo filme que fui assistir foi do Mazzaropi, com o namorado que virou meu marido, por isso n\u00e3o lembro direito do filme, que sabe, n\u00e3o prestei muita aten\u00e7\u00e3o\u201d.<\/figcaption><\/figure>\n<p>Hist\u00f3rias de amor no cinema&#8230; tradi\u00e7\u00e3o, n\u00e9? RSS<\/p>\n<p>J\u00e1 com Dona Maurentina Bianca, o marido ciumento n\u00e3o deixava ir ao cinema \u201cEle at\u00e9 ia, mas me deixava em casa, por isso hoje \u00e9 minha primeira vez\u201d, conta Bianca.<\/p>\n<figure id=\"attachment_4052\" aria-describedby=\"caption-attachment-4052\" style=\"width: 392px\" class=\"wp-caption aligncenter\"><a href=\"http:\/\/projetocineb.com.br\/wp-content\/uploads\/2012\/11\/DSC_11871.jpg\"><img loading=\"lazy\" decoding=\"async\" class=\"size-full wp-image-4052  \" title=\"Pela primeira vez no cinema, dona Maurentina aprovou a experi\u00eancia!\" src=\"http:\/\/projetocineb.com.br\/wp-content\/uploads\/2012\/11\/DSC_11871.jpg\" alt=\"Pela primeira vez no cinema, dona Maurentina aprovou a experi\u00eancia!\" width=\"392\" height=\"259\" \/><\/a><figcaption id=\"caption-attachment-4052\" class=\"wp-caption-text\">Pela primeira vez no cinema, dona Maurentina aprovou a experi\u00eancia!<\/figcaption><\/figure>\n<p>Come\u00e7ou bem n\u00e9? S\u00f3 curtas brasileiros bem legais do CINEB!<\/p>\n<figure id=\"attachment_4051\" aria-describedby=\"caption-attachment-4051\" style=\"width: 392px\" class=\"wp-caption aligncenter\"><a href=\"http:\/\/projetocineb.com.br\/wp-content\/uploads\/2012\/11\/DSC_11861.jpg\"><img loading=\"lazy\" decoding=\"async\" class=\"size-full wp-image-4051  \" title=\"O p\u00fablico gostou dos curtas metragens \" src=\"http:\/\/projetocineb.com.br\/wp-content\/uploads\/2012\/11\/DSC_11861.jpg\" alt=\"O p\u00fablico gostou dos curtas metragens \" width=\"392\" height=\"259\" \/><\/a><figcaption id=\"caption-attachment-4051\" class=\"wp-caption-text\">O p\u00fablico gostou dos curtas metragens<\/figcaption><\/figure>\n<figure id=\"attachment_4046\" aria-describedby=\"caption-attachment-4046\" style=\"width: 392px\" class=\"wp-caption aligncenter\"><a href=\"http:\/\/projetocineb.com.br\/wp-content\/uploads\/2012\/11\/DSC_10771.jpg\"><img loading=\"lazy\" decoding=\"async\" class=\"size-full wp-image-4046  \" title=\"A entrada da Casa do Violeiro j\u00e1 com uma cara mais CINEB rss\" src=\"http:\/\/projetocineb.com.br\/wp-content\/uploads\/2012\/11\/DSC_10771.jpg\" alt=\"A entrada da Casa do Violeiro j\u00e1 com uma cara mais CINEB rss\" width=\"392\" height=\"259\" \/><\/a><figcaption id=\"caption-attachment-4046\" class=\"wp-caption-text\">A entrada da Casa do Violeiro j\u00e1 com uma cara mais CINEB rss<\/figcaption><\/figure>\n<figure id=\"attachment_4044\" aria-describedby=\"caption-attachment-4044\" style=\"width: 392px\" class=\"wp-caption aligncenter\"><a href=\"http:\/\/projetocineb.com.br\/wp-content\/uploads\/2012\/11\/DSC_11941.jpg\"><img loading=\"lazy\" decoding=\"async\" class=\"size-full wp-image-4044  \" title=\"Os sortudos da exibi\u00e7\u00e3o que levaram para casa brindes do CINEB\" src=\"http:\/\/projetocineb.com.br\/wp-content\/uploads\/2012\/11\/DSC_11941.jpg\" alt=\"Os sortudos da exibi\u00e7\u00e3o que levaram para casa brindes do CINEB\" width=\"392\" height=\"259\" \/><\/a><figcaption id=\"caption-attachment-4044\" class=\"wp-caption-text\">Os sortudos da exibi\u00e7\u00e3o que levaram para casa brindes do CINEB<\/figcaption><\/figure>\n","protected":false},"excerpt":{"rendered":"<p>Na Casa do Violeiro do Brasil o CINEB exibiu pela primeira vez uma nova sele\u00e7\u00e3o de curtas metragens nacionais, conquistando[&#8230;]<\/p>\n","protected":false},"author":2,"featured_media":4044,"comment_status":"open","ping_status":"open","sticky":false,"template":"","format":"standard","meta":[],"categories":[7],"tags":[154,242,263,266,351,1095,1132,1250],"_links":{"self":[{"href":"https:\/\/projetocineb.com.br\/index.php?rest_route=\/wp\/v2\/posts\/4043"}],"collection":[{"href":"https:\/\/projetocineb.com.br\/index.php?rest_route=\/wp\/v2\/posts"}],"about":[{"href":"https:\/\/projetocineb.com.br\/index.php?rest_route=\/wp\/v2\/types\/post"}],"author":[{"embeddable":true,"href":"https:\/\/projetocineb.com.br\/index.php?rest_route=\/wp\/v2\/users\/2"}],"replies":[{"embeddable":true,"href":"https:\/\/projetocineb.com.br\/index.php?rest_route=%2Fwp%2Fv2%2Fcomments&post=4043"}],"version-history":[{"count":0,"href":"https:\/\/projetocineb.com.br\/index.php?rest_route=\/wp\/v2\/posts\/4043\/revisions"}],"wp:featuredmedia":[{"embeddable":true,"href":"https:\/\/projetocineb.com.br\/index.php?rest_route=\/wp\/v2\/media\/4044"}],"wp:attachment":[{"href":"https:\/\/projetocineb.com.br\/index.php?rest_route=%2Fwp%2Fv2%2Fmedia&parent=4043"}],"wp:term":[{"taxonomy":"category","embeddable":true,"href":"https:\/\/projetocineb.com.br\/index.php?rest_route=%2Fwp%2Fv2%2Fcategories&post=4043"},{"taxonomy":"post_tag","embeddable":true,"href":"https:\/\/projetocineb.com.br\/index.php?rest_route=%2Fwp%2Fv2%2Ftags&post=4043"}],"curies":[{"name":"wp","href":"https:\/\/api.w.org\/{rel}","templated":true}]}}