{"id":405,"date":"2010-02-26T17:43:46","date_gmt":"2010-02-26T17:43:46","guid":{"rendered":"http:\/\/projetocineb.com.br\/?p=405"},"modified":"2010-02-26T17:43:46","modified_gmt":"2010-02-26T17:43:46","slug":"santo-andre","status":"publish","type":"post","link":"https:\/\/projetocineb.com.br\/?p=405","title":{"rendered":"SANTO ANDR\u00c9"},"content":{"rendered":"<p>E l\u00e1 foi o Cine B, <span style=\"color: #0000ff;\">pela primeira vez nos 4 anos<\/span> de projeto chegando <span style=\"color: #0000ff;\">na regi\u00e3o do ABC<\/span>, na cidade de <span style=\"color: #0000ff;\">Santo Andr\u00e9<\/span>, no Jardim Novo Orat\u00f3rio. A sess\u00e3o foi perfeita. <span style=\"color: #0000ff;\">150 pessoas<\/span> se acomodaram confortavelmente no sal\u00e3o da Casa de Cursilho S\u00e3o Jos\u00e9, da Par\u00f3quia Aparecidinha, o qual virou uma perfeita sala de cinema. O p\u00fablico p\u00f4de degustar de uma <span style=\"color: #0000ff;\">agrad\u00e1vel sess\u00e3o<\/span> em que foram exibidos <em>O troco<\/em>, de Andr\u00e9 Rolim e <em>Ver\u00f4nica<\/em>, de Maur\u00edcio Farias.<\/p>\n<p style=\"text-align: center;\"><a href=\"http:\/\/projetocineb.com.br\/wp-content\/uploads\/2010\/02\/Vivian01WEB.jpg\"><img fetchpriority=\"high\" decoding=\"async\" class=\"aligncenter size-full wp-image-428\" title=\"Nesta sess\u00e3o do Cine B em Santo Andr\u00e9, 150 pessoas estiveram presentes\" src=\"http:\/\/projetocineb.com.br\/wp-content\/uploads\/2010\/02\/Vivian01WEB.jpg\" alt=\"\" width=\"346\" height=\"230\" \/><\/a><\/p>\n<p><span style=\"color: #0000ff;\">Luiz Cl\u00e1udio Marcolino<\/span>, presidente do Sindicato dos Banc\u00e1rios de S\u00e3o Paulo, Osasco e Regi\u00e3o, <span style=\"color: #0000ff;\">elogiou<\/span> toda <span style=\"color: #0000ff;\">a comunidade de Santo Andr\u00e9<\/span> pelo sucesso do evento. <span style=\"color: #0000ff;\">\u201cEm especial, esta sess\u00e3o aconteceu gra\u00e7as ao trabalho de dona Francisca Gomes de Matos, sua filha Luciana Gomes, e tamb\u00e9m de Pedrinho da Padaria. \u00c9 vis\u00edvel que os moradores do bairro participaram ativamente e hoje est\u00e3o aqui presentes, prestigiando este evento\u201d, disse Luiz Cl\u00e1udio<\/span>.<\/p>\n<p style=\"text-align: center;\"><a href=\"http:\/\/projetocineb.com.br\/wp-content\/uploads\/2010\/02\/DSC00816_01WEB.jpg\"><img decoding=\"async\" class=\"aligncenter size-full wp-image-406\" title=\"Luiz Cl\u00e1udio Marcolino, presidente do Sindicato dos Banc\u00e1rio de S\u00e3o Paulo, Osasco e Regi\u00e3o faz a abertura do Cine B em Santo Andr\u00e9\" src=\"http:\/\/projetocineb.com.br\/wp-content\/uploads\/2010\/02\/DSC00816_01WEB.jpg\" alt=\"\" width=\"338\" height=\"179\" \/><\/a><\/p>\n<p><span style=\"color: #0000ff;\">\u201cIncentivamos para que outras comunidades organizem o Cine B. Toda comunidade pode fazer. Esta \u00e9 uma a\u00e7\u00e3o do Sindicato que ultrapassa o local de trabalho\u201d<\/span><span style=\"color: #0000ff;\">, disse Luiz Cl\u00e1udio<\/span> Marcolino, que fez a abertura da sess\u00e3o <span style=\"color: #0000ff;\">ao lado do deputado do PT, Vanderlei Siraque<\/span> e agitadores da comunidade como seu <span style=\"color: #0000ff;\">Pedrinho, dona Francisca e Luciana<\/span>.<\/p>\n<p><span style=\"color: #0000ff;\">\u201cAgrade\u00e7o ao Sindicato por transformar esta comunidade, trazer aqui para dentro um evento como esse, que mostra o que h\u00e1 de melhor no cinema brasileiro e assegura a valoriza\u00e7\u00e3o da cultura nacional\u201d, disse o deputado<\/span> Vanderlei Siraque.<\/p>\n<p>O <span style=\"color: #0000ff;\">secret\u00e1rio\u00a0 geral\u00a0do Sindicato\u00a0 dos\u00a0 banc\u00e1rios do ABC<\/span>,\u00a0 tamb\u00e9m esteve\u00a0 presente. Eric Nilson agradeceu Luiz Cl\u00e1udio pelo evento na comunidade. <span style=\"color: #0000ff;\">\u201cAtrav\u00e9s do Cine B vamos aproximar os sindicatos e fortalecer nossas a\u00e7\u00f5es\u201d, disse Eric<\/span>.<\/p>\n<p>Interessante foi o momento em que a <span style=\"color: #0000ff;\">vice-diretora da escola estadual<\/span> <span style=\"color: #0000ff;\">Professora Vanda \u00a0Pedro Gon\u00e7alves<\/span> alertou aos alunos presentes para manterem aten\u00e7\u00e3o no filme. <span style=\"color: #0000ff;\">\u201cAmanh\u00e3 faremos uma avalia\u00e7\u00e3o da hist\u00f3ria com base no filme <em>Ver\u00f4nica<\/em>\u201d, disse Sonia<\/span>, acompanhada\u00a0 dos \u00a0professores Manoel Donizete Lopes Archilla,\u00a0Vera L\u00facia e Miriam Carvalho.<\/p>\n<p><em>Ver\u00f4nica<\/em> \u00e9 uma produ\u00e7\u00e3o que tem um material pedag\u00f3gico que pode ser trabalhado em aula para debates e pesquisas. Muito interessante para animar os alunos, n\u00e3o acha? Se ficou com vontade de conhecer, <a href=\"http:\/\/convenio.cursoanglo.com.br\/htmlestatico.aspx?nomeHtml=cineanglo_destaque\" target=\"_blank\">clique e conhe\u00e7a o material<\/a>!<\/p>\n<p style=\"text-align: center;\"><a href=\"http:\/\/projetocineb.com.br\/wp-content\/uploads\/2010\/02\/Vivian05WEB.jpg\"><img decoding=\"async\" class=\"aligncenter size-full wp-image-427\" title=\"Abertura do Cine B em Santo Andr\u00e9\" src=\"http:\/\/projetocineb.com.br\/wp-content\/uploads\/2010\/02\/Vivian05WEB.jpg\" alt=\"\" width=\"346\" height=\"203\" \/><\/a><\/p>\n<h2><span style=\"color: #008000;\">PROFESSOR TAMB\u00c9M \u00c9 GENTE<\/span><\/h2>\n<p>Na sess\u00e3o passada consegui conversar com uma professora presente, sobre quais foram suas impress\u00f5es do longa-metragem, <em>Ver\u00f4nica<\/em>. Hoje tive o prazer de encontrar outros tr\u00eas educadores com opini\u00f5es semelhantes.<\/p>\n<p>Miriam Carvalho, professora de biologia, disse na lata que faria exatamente o que Ver\u00f4nica fez no filme. \u201cN\u00e3o conseguiria viver tranq\u00fcila tendo deixado aquela crian\u00e7a nas m\u00e3os daquela gente\u201d, disse a professora. Mesmo assim, ela acredita que os alunos est\u00e3o muito desligados da realidade e v\u00eaem os professores como pessoas sem sentimento.<\/p>\n<p>\u201cO filme reflete muito bem o cotidiano de n\u00f3s professores. Para mim, os alunos vivem se esquecendo de que somos seres humanos como eles\u201d, disse a professora de portugu\u00eas, Vera L\u00facia.<\/p>\n<p>Na opini\u00e3o do professor Manoel Donizete Lopes Archilla, a realidade de algumas periferias tem o grande agravante da exist\u00eancia do crime organizado. <span style=\"color: #0000ff;\">\u201cO tr\u00e1fico de drogas tem um poder muito grande na vida de algumas pessoas. J\u00e1 passei por uma experi\u00eancia em que tivemos de conversar com os traficantes para dar aula em paz. N\u00e3o fizemos retalia\u00e7\u00f5es nem amea\u00e7as, tomamos uma postura de conversar respeitosamente e resolvemos o problema. A dificuldade mesmo \u00e9 com os alunos, quando os pais afrouxam na educa\u00e7\u00e3o. Ensinamos uma coisa na escola e quando a crian\u00e7a chega em casa, vivencia uma realidade completamente oposta\u201d, disse o professor Manoel<\/span>.<\/p>\n<p>Que tal professores e alunos comentarem aqui suas impress\u00f5es e sentimentos? <span style=\"color: #0000ff;\"><strong>Comentem!<\/strong><\/span><\/p>\n<p style=\"text-align: center;\"><a href=\"http:\/\/projetocineb.com.br\/wp-content\/uploads\/2010\/02\/DSC00836_01WEB.jpg\"><img loading=\"lazy\" decoding=\"async\" class=\"aligncenter size-full wp-image-407\" title=\"O simp\u00e1tico professor Manoel Donizete Lopes Archilla\" src=\"http:\/\/projetocineb.com.br\/wp-content\/uploads\/2010\/02\/DSC00836_01WEB.jpg\" alt=\"\" width=\"357\" height=\"389\" \/><\/a><\/p>\n<h2><span style=\"color: #008000;\">MAIS SEGURAN\u00c7A<\/span><\/h2>\n<p>Enquanto caminhava e fazia minhas anota\u00e7\u00f5es, ouvi uma voz de crian\u00e7a me chamar de fundo. Olhei para tr\u00e1s e dois garotos me fizeram j\u00f3ia com o polegar em riste. Rodrigo Mendes de Almeida, de 10 anos, disse que seu filme preferido \u00e9 Tropa de Elite, de Jos\u00e9 Padilha. Seu amigo Luciano Vieira, de 7, tem como filme predileto o terror gringo Premoni\u00e7\u00e3o.<\/p>\n<p style=\"text-align: center;\"><a href=\"http:\/\/projetocineb.com.br\/wp-content\/uploads\/2010\/02\/DSC00811_01WEB.jpg\"><img loading=\"lazy\" decoding=\"async\" class=\"aligncenter size-full wp-image-408\" title=\"Rodrigo Mendes e seu amigo Luciano Vieira  prestigiaram este Cine B\" src=\"http:\/\/projetocineb.com.br\/wp-content\/uploads\/2010\/02\/DSC00811_01WEB.jpg\" alt=\"\" width=\"347\" height=\"311\" \/><\/a><\/p>\n<p>Para a m\u00e3e de Luciano, Marilene Delourdes Alvarenga Vieira, \u00e9 muito legal ter o Cine B na regi\u00e3o. H\u00e1 um ano vivendo na comunidade com o esposo Carlos Jos\u00e9 Pereira de Oliveira, ela disse que a comunidade est\u00e1 com boas atividades, principalmente nos espa\u00e7os da igreja e escola. <span style=\"color: #0000ff;\">\u201cAqui na igreja tem um \u00f3timo programa para terceira idade, com gin\u00e1stica e outras atividades sociais. Todos gostam. E na escola, de final de semana, podemos participar com nossos filhos de diversas atividades, \u00e9 o dia da fam\u00edlia na escola\u201d, disse Marilene<\/span>.<\/p>\n<p>Entretanto, ela <span style=\"color: #0000ff;\">alerta a necessidade do governo garantir maior seguran\u00e7a para os habitantes da regi\u00e3o<\/span>, principalmente nas redondezas do Bosquinho, uma \u00e1rea verde localizada no Jardim Novo Orat\u00f3rio. \u201cAquele lugar tem muita gente limpando e cuidando das plantas, mas de noite n\u00e3o tem um seguran\u00e7a. <span style=\"color: #0000ff;\">\u00c9 perigoso e impede que as crian\u00e7as da regi\u00e3o brinquem l\u00e1 no Bosquinho\u201d, disse Carlos Jos\u00e9.<\/span><\/p>\n<p style=\"text-align: center;\"><a href=\"http:\/\/projetocineb.com.br\/wp-content\/uploads\/2010\/02\/DSC00813_01WEB.jpg\"><img loading=\"lazy\" decoding=\"async\" class=\"aligncenter size-full wp-image-409\" title=\"Os pais do pequenino Luciano Vieira, Marilene Delourdes Alvarenga Vieira e seu marido Carlos Jos\u00e9\" src=\"http:\/\/projetocineb.com.br\/wp-content\/uploads\/2010\/02\/DSC00813_01WEB.jpg\" alt=\"\" width=\"338\" height=\"346\" \/><\/a><\/p>\n<h2><span style=\"color: #008000;\">TODOS CONVIDADOS<\/span><\/h2>\n<p><span style=\"color: #0000ff;\">\u201cNossa comunidade est\u00e1 evoluindo. Um evento como o Cine B \u00e9 uma vit\u00f3ria para n\u00f3s. As pessoas precisam disso, de cultura! E cada vez mais teremos novidades\u201d, disse Francisca Gomes de Matos<\/span>, mais conhecida como Fran. Ela \u00e9 conselheira titular do Posto de Sa\u00fade que atende o Parque Novo Orat\u00f3rio, e os bairros vizinhos Capuaba e Ana Maria.<\/p>\n<p>\u201cAqui na igreja fazemos encontros de casais e jovens, grupos de ora\u00e7\u00e3o e participamos da cria\u00e7\u00e3o de uma ONG que cuidar\u00e1 de jovens dependentes de \u00e1lcool e drogas\u201d, disse o ex-vereador de Santo Andr\u00e9, Pedrinho Rodrigues, apelidado na regi\u00e3o como Pedrinho da Padaria.<\/p>\n<p style=\"text-align: center;\"><a href=\"http:\/\/projetocineb.com.br\/wp-content\/uploads\/2010\/02\/DSC00808_01WEB.jpg\"><img loading=\"lazy\" decoding=\"async\" class=\"aligncenter size-full wp-image-410\" title=\"Pedrinho da Padaria e Fran\" src=\"http:\/\/projetocineb.com.br\/wp-content\/uploads\/2010\/02\/DSC00808_01WEB.jpg\" alt=\"\" width=\"389\" height=\"339\" \/><\/a><\/p>\n<p>Ambos trabalharam na divulga\u00e7\u00e3o deste Cine B.\u00a0 A filha de Fran, Luciana Gomes, \u00e9 dona de um bar algumas quadras da Casa de Cursilho. Ela fez o seu bar virar ponto de encontro para o Cine B. Quando fui falar com ela, havia acabado de chegar. <span style=\"color: #0000ff;\">\u201cVi que j\u00e1 estava na hora, fechei o bar e trouxe comigo quem estava l\u00e1. E ainda tem mais gente para chegar, porque eu j\u00e1 tinha avisado antes\u201d, disse Lu<\/span>.<\/p>\n<p>Depois da sess\u00e3o, Lu estava muito satisfeita. <span style=\"color: #0000ff;\">&#8220;Que filmes \u00f3timos! E realmente a Andr\u00e9a Beltr\u00e3o trabalha muito bem em <\/span><em><span style=\"color: #0000ff;\">Ver\u00f4nica<\/span><\/em><span style=\"color: #0000ff;\">&#8220;, disse a dona do Bar da Lu<\/span>.<\/p>\n<p style=\"text-align: center;\"><a href=\"http:\/\/projetocineb.com.br\/wp-content\/uploads\/2010\/02\/DSC00834_01WEB.jpg\"><img loading=\"lazy\" decoding=\"async\" class=\"aligncenter size-full wp-image-411\" title=\"Lu e sua m\u00e3e, Fran\" src=\"http:\/\/projetocineb.com.br\/wp-content\/uploads\/2010\/02\/DSC00834_01WEB.jpg\" alt=\"\" width=\"389\" height=\"304\" \/><\/a><\/p>\n<h2><span style=\"color: #008000;\">AGRADECIMENTOS<\/span><\/h2>\n<p>Ao <span style=\"color: #0000ff;\">senhor Eliseu<\/span>, que cedeu o espa\u00e7o para realiza\u00e7\u00e3o deste evento, assim como o <span style=\"color: #0000ff;\">senhor Jer\u00f4nimo<\/span>, caseiro da Casa de Cursilho S\u00e3o Jos\u00e9.<\/p>\n<p>Os <span style=\"color: #0000ff;\">jornais<\/span> de bairro tamb\u00e9m foram bastante sol\u00edcitos, publicando diversas reportagens sobre o Cine B. Por isso, agradecemos de cora\u00e7\u00e3o os jornais: <span style=\"color: #0000ff;\">ABCD Maior, Jornal\u00a0 Di\u00e1rio do Grande\u00a0 ABC, Jornal ABC Rep\u00f3rter\u00a0 e\u00a0 Jornal Ponto final<\/span>.<\/p>\n<h2><span style=\"color: #008000;\">CLICK<\/span><\/h2>\n<p style=\"text-align: center;\"><a href=\"http:\/\/projetocineb.com.br\/wp-content\/uploads\/2010\/02\/DSC00806_01WEB.jpg\"><img loading=\"lazy\" decoding=\"async\" class=\"aligncenter size-full wp-image-412\" title=\"Maria Rosa Michel Angelo prefere assistir a filmes em casa, porque fica mais relaxada. \u201cN\u00e3o gosto de ir no cinema, ficar naquela sala por horas\u201d, disse Maria. J\u00e1 sua amiga Maria Concei\u00e7\u00e3o disse que sente falta de ir mais ao cinema. \u201c\u00c9 muito caro, mas hoje aproveitei que tinha um cinema de gra\u00e7a na comunidade e vim pra c\u00e1\u201d, disse Concei\u00e7\u00e3o.\" src=\"http:\/\/projetocineb.com.br\/wp-content\/uploads\/2010\/02\/DSC00806_01WEB.jpg\" alt=\"\" width=\"389\" height=\"371\" \/><\/a><\/p>\n<p style=\"text-align: center;\"><a href=\"http:\/\/projetocineb.com.br\/wp-content\/uploads\/2010\/02\/DSC00809_01WEB.jpg\"><img loading=\"lazy\" decoding=\"async\" class=\"aligncenter size-full wp-image-413\" title=\"Patr\u00edcia Gomes de Oliveira, acompanhada de sua m\u00e3e, dona Francisca (Fran) e seu filho Victor Gomes de 4 anos\" src=\"http:\/\/projetocineb.com.br\/wp-content\/uploads\/2010\/02\/DSC00809_01WEB.jpg\" alt=\"\" width=\"389\" height=\"295\" \/><\/a><\/p>\n<p style=\"text-align: center;\"><a href=\"http:\/\/projetocineb.com.br\/wp-content\/uploads\/2010\/02\/DSC00810_01WEB.jpg\"><img loading=\"lazy\" decoding=\"async\" class=\"aligncenter size-full wp-image-414\" title=\"Deram um toque de beleza a este Cine B, Cl\u00e1udia Mendes, Vanessa Volpe, Rosemeire Volpe e o pequeno Victor Volpe, de 9 anos\" src=\"http:\/\/projetocineb.com.br\/wp-content\/uploads\/2010\/02\/DSC00810_01WEB.jpg\" alt=\"\" width=\"389\" height=\"254\" \/><\/a><\/p>\n<h2><a href=\"http:\/\/projetocineb.com.br\/wp-content\/uploads\/2010\/02\/Vivian07WEB.jpg\"><img loading=\"lazy\" decoding=\"async\" class=\"aligncenter size-full wp-image-429\" title=\"Andr\u00e9a Beltr\u00e3o encarna muito bem a personagem Ver\u00f4nica, que precisa escolher entre seguir as leis, ou deixar uma crian\u00e7a morrer\" src=\"http:\/\/projetocineb.com.br\/wp-content\/uploads\/2010\/02\/Vivian07WEB.jpg\" alt=\"\" width=\"389\" height=\"335\" \/><\/a><\/h2>\n<p style=\"text-align: center;\"><a href=\"http:\/\/projetocineb.com.br\/wp-content\/uploads\/2010\/02\/Vivian02WEB.jpg\"><img loading=\"lazy\" decoding=\"async\" class=\"aligncenter size-full wp-image-430\" title=\"Cine B em Santo Andr\u00e9, na Casa de Cursilho S\u00e3o Jos\u00e9\" src=\"http:\/\/projetocineb.com.br\/wp-content\/uploads\/2010\/02\/Vivian02WEB.jpg\" alt=\"\" width=\"389\" height=\"215\" \/><\/a><\/p>\n<h2><span style=\"color: #008000;\">PR\u00d3XIMA SESS\u00c3O<\/span><\/h2>\n<p>Gente, nos vemos agora em <span style=\"color: #0000ff;\">mar\u00e7o<\/span>. Mas at\u00e9 a pr\u00f3xima sess\u00e3o eu apare\u00e7o por aqui pra contar as novidades e a programa\u00e7\u00e3o deste pr\u00f3ximo m\u00eas. E pelo visto vai esfriar o tempo hein?<\/p>\n<p><span style=\"color: #0000ff;\">Se agasalhem<\/span>. Fui!<\/p>\n<p>0~0<\/p>\n","protected":false},"excerpt":{"rendered":"<p>E l\u00e1 foi o Cine B, pela primeira vez nos 4 anos de projeto chegando na regi\u00e3o do ABC, na[&#8230;]<\/p>\n","protected":false},"author":2,"featured_media":0,"comment_status":"open","ping_status":"open","sticky":false,"template":"","format":"standard","meta":[],"categories":[2,4],"tags":[38,77,186,266,470,489,760,802,874,1000,1090,1132,1209],"_links":{"self":[{"href":"https:\/\/projetocineb.com.br\/index.php?rest_route=\/wp\/v2\/posts\/405"}],"collection":[{"href":"https:\/\/projetocineb.com.br\/index.php?rest_route=\/wp\/v2\/posts"}],"about":[{"href":"https:\/\/projetocineb.com.br\/index.php?rest_route=\/wp\/v2\/types\/post"}],"author":[{"embeddable":true,"href":"https:\/\/projetocineb.com.br\/index.php?rest_route=\/wp\/v2\/users\/2"}],"replies":[{"embeddable":true,"href":"https:\/\/projetocineb.com.br\/index.php?rest_route=%2Fwp%2Fv2%2Fcomments&post=405"}],"version-history":[{"count":0,"href":"https:\/\/projetocineb.com.br\/index.php?rest_route=\/wp\/v2\/posts\/405\/revisions"}],"wp:attachment":[{"href":"https:\/\/projetocineb.com.br\/index.php?rest_route=%2Fwp%2Fv2%2Fmedia&parent=405"}],"wp:term":[{"taxonomy":"category","embeddable":true,"href":"https:\/\/projetocineb.com.br\/index.php?rest_route=%2Fwp%2Fv2%2Fcategories&post=405"},{"taxonomy":"post_tag","embeddable":true,"href":"https:\/\/projetocineb.com.br\/index.php?rest_route=%2Fwp%2Fv2%2Ftags&post=405"}],"curies":[{"name":"wp","href":"https:\/\/api.w.org\/{rel}","templated":true}]}}