{"id":4057,"date":"2012-12-13T13:03:43","date_gmt":"2012-12-13T15:03:43","guid":{"rendered":"http:\/\/projetocineb.com.br\/?p=4057"},"modified":"2012-12-13T13:03:43","modified_gmt":"2012-12-13T15:03:43","slug":"3%c2%ba-premio-cineb","status":"publish","type":"post","link":"https:\/\/projetocineb.com.br\/?p=4057","title":{"rendered":"3\u00ba PREMIO CINEB"},"content":{"rendered":"<p><strong>O Pr\u00eamio foi apresentado pelas atrizes Luc\u00e9lia Santos e Gorete Milagres.<\/strong><\/p>\n<figure id=\"attachment_4079\" aria-describedby=\"caption-attachment-4079\" style=\"width: 423px\" class=\"wp-caption aligncenter\"><a href=\"http:\/\/projetocineb.com.br\/wp-content\/uploads\/2012\/12\/DSC_01411.jpg\"><img fetchpriority=\"high\" decoding=\"async\" class=\"size-full wp-image-4079    \" title=\"Viva o CINEB! Viva o Cinema Brasileiro!\" src=\"http:\/\/projetocineb.com.br\/wp-content\/uploads\/2012\/12\/DSC_01411.jpg\" alt=\"Viva o CINEB! Viva o Cinema Brasileiro!\" width=\"423\" height=\"280\" \/><\/a><figcaption id=\"caption-attachment-4079\" class=\"wp-caption-text\">Viva o CINEB por seus 5 anos de exist\u00eancia! Viva o Cinema Brasileiro! Viva a democratiza\u00e7\u00e3o do acesso \u00e0 s\u00e9tima arte. Viva a populariza\u00e7\u00e3o do cinema brasileiro! Vida longa ao CINEB!<\/figcaption><\/figure>\n<p>Motivos para comemorar haviam de sobra: 30 mil espectadores, 241 exibi\u00e7\u00f5es de 74 longas metragens e diversos curtas.<\/p>\n<figure id=\"attachment_4060\" aria-describedby=\"caption-attachment-4060\" style=\"width: 418px\" class=\"wp-caption aligncenter\"><a href=\"http:\/\/projetocineb.com.br\/wp-content\/uploads\/2012\/12\/DSC_09321.jpg\"><img decoding=\"async\" class=\"size-full wp-image-4060   \" title=\"Na foto, as atrizes Luc\u00e9lia Santos e Gorete Milagres, que apresentaram o Pr\u00eamio CINEB, junto com a diretora da Brazucah Produ\u00e7\u00f5es, Cynthia Alario, a presidenta do Sindicato dos Banc\u00e1rios de S\u00e3o Paulo, Juvandia Moreira e o coordenador do CINEB, Cid\u00e1lio Vieira Santos\" src=\"http:\/\/projetocineb.com.br\/wp-content\/uploads\/2012\/12\/DSC_09321.jpg\" alt=\"Na foto, as atrizes Luc\u00e9lia Santos e Gorete Milagres, que apresentaram o Pr\u00eamio CINEB, junto com a diretora da Brazucah Produ\u00e7\u00f5es, Cynthia Alario, a presidenta do Sindicato dos Banc\u00e1rios de S\u00e3o Paulo, Juvandia Moreira e o coordenador do CINEB, Cid\u00e1lio Vieira Santos\" width=\"418\" height=\"277\" \/><\/a><figcaption id=\"caption-attachment-4060\" class=\"wp-caption-text\">Na foto, as atrizes Luc\u00e9lia Santos e Gorete Milagres, que apresentaram o Pr\u00eamio CINEB, junto com a diretora da Brazucah Produ\u00e7\u00f5es, Cynthia Alario, a presidenta do Sindicato dos Banc\u00e1rios de S\u00e3o Paulo, Juvandia Moreira e o coordenador do CINEB, Cid\u00e1lio Vieira Santos<\/figcaption><\/figure>\n<p>Durante o Pr\u00eamio deste ano, realizado no Caf\u00e9 dos Banc\u00e1rios, diretores de filmes nacionais e comunidades que acolheram o projeto foram contemplados com trof\u00e9us. Uma forma do CINEB homenagear todos aqueles que apoiam este trabalho, ou mesmo produzem a nossa cultura brasileira!<\/p>\n<p>&#8220;Os l\u00edderes comunit\u00e1rios s\u00e3o muito importantes para o CINEB, pois s\u00e3o eles que mobilizam o nosso p\u00fablico e fazem das exibi\u00e7\u00f5es um verdadeiro sucesso&#8221;, disse o coordenador do CINEB, Cid\u00e1lio Vieira Santos.<\/p>\n<figure id=\"attachment_4086\" aria-describedby=\"caption-attachment-4086\" style=\"width: 418px\" class=\"wp-caption aligncenter\"><a href=\"http:\/\/projetocineb.com.br\/wp-content\/uploads\/2012\/12\/DSC_00291.jpg\"><img decoding=\"async\" class=\"size-full wp-image-4086   \" title=\"Representantes de universidades que receberam o CINEB em 2011\" src=\"http:\/\/projetocineb.com.br\/wp-content\/uploads\/2012\/12\/DSC_00291.jpg\" alt=\"Representantes de universidades que receberam o CINEB em 2011\" width=\"418\" height=\"277\" \/><\/a><figcaption id=\"caption-attachment-4086\" class=\"wp-caption-text\">Representantes de universidades que receberam o CINEB em 2011: Universidade Anhanguera, Universidade S\u00e3o Judas Tadeu, FIAM, Faculdades Anhanguera e FIP.<\/figcaption><\/figure>\n<figure id=\"attachment_4085\" aria-describedby=\"caption-attachment-4085\" style=\"width: 418px\" class=\"wp-caption aligncenter\"><a href=\"http:\/\/projetocineb.com.br\/wp-content\/uploads\/2012\/12\/DSC_00451.jpg\"><img loading=\"lazy\" decoding=\"async\" class=\"size-full wp-image-4085   \" title=\"Representantes da zona\" src=\"http:\/\/projetocineb.com.br\/wp-content\/uploads\/2012\/12\/DSC_00451.jpg\" alt=\"Representantes da zona\" width=\"418\" height=\"277\" \/><\/a><figcaption id=\"caption-attachment-4085\" class=\"wp-caption-text\">Representantes de entidades da zona leste de S\u00e3o Paulo que receberam o CINEB em 2011: Associa\u00e7\u00e3o de Amigos de Vila Prudente, Vila Silvia e Associa\u00e7\u00e3o de Amigos de Vila Rica<\/figcaption><\/figure>\n<figure id=\"attachment_4084\" aria-describedby=\"caption-attachment-4084\" style=\"width: 418px\" class=\"wp-caption aligncenter\"><a href=\"http:\/\/projetocineb.com.br\/wp-content\/uploads\/2012\/12\/DSC_00621.jpg\"><img loading=\"lazy\" decoding=\"async\" class=\"size-full wp-image-4084   \" title=\"Representantes da zona sul\" src=\"http:\/\/projetocineb.com.br\/wp-content\/uploads\/2012\/12\/DSC_00621.jpg\" alt=\"Representantes da zona sul\" width=\"418\" height=\"277\" \/><\/a><figcaption id=\"caption-attachment-4084\" class=\"wp-caption-text\">Representantes de entidades da zona sul que receberam o CINEB em 2011: A\u00e7\u00e3o Comunit\u00e1ria Nova Heli\u00f3polis, Projeto Olhar Local e Parque Santo Amaro<\/figcaption><\/figure>\n<figure id=\"attachment_4083\" aria-describedby=\"caption-attachment-4083\" style=\"width: 418px\" class=\"wp-caption aligncenter\"><a href=\"http:\/\/projetocineb.com.br\/wp-content\/uploads\/2012\/12\/DSC_00701.jpg\"><img loading=\"lazy\" decoding=\"async\" class=\"size-full wp-image-4083   \" title=\"Representantes da zona\" src=\"http:\/\/projetocineb.com.br\/wp-content\/uploads\/2012\/12\/DSC_00701.jpg\" alt=\"Representantes da zona\" width=\"418\" height=\"277\" \/><\/a><figcaption id=\"caption-attachment-4083\" class=\"wp-caption-text\">Representantes de entidades da zona oeste de S\u00e3o Paulo que receberam o CINEB em 2011<\/figcaption><\/figure>\n<figure id=\"attachment_4082\" aria-describedby=\"caption-attachment-4082\" style=\"width: 418px\" class=\"wp-caption aligncenter\"><a href=\"http:\/\/projetocineb.com.br\/wp-content\/uploads\/2012\/12\/DSC_00831.jpg\"><img loading=\"lazy\" decoding=\"async\" class=\"size-full wp-image-4082   \" title=\"Representantes\" src=\"http:\/\/projetocineb.com.br\/wp-content\/uploads\/2012\/12\/DSC_00831.jpg\" alt=\"Representantes\" width=\"418\" height=\"277\" \/><\/a><figcaption id=\"caption-attachment-4082\" class=\"wp-caption-text\">Representantes das entidades Comunidade Kolping Carapicu\u00edba e Pastoral F\u00e9 e Pol\u00edtica de Itapecerica da Serra, que receberam o CINEB em 2011<\/figcaption><\/figure>\n<p>Aproveitando a ocasi\u00e3o especial, tamb\u00e9m foram lan\u00e7ados mais dois DVDs da colet\u00e2nea Selo CineB. Dessa vez cada disco traz quatro curtas metragens brasileiros exibidos pelo projeto. Mais uma forma de difundir e incentivar a produ\u00e7\u00e3o nacional. Vendido a 5 reais ap\u00f3s as sess\u00f5es, toda a verba \u00e9 dividida entre os produtores dos filmes e a comunidade onde a venda foi feita.<\/p>\n<p>\u201cEu adoro curtas metragens, mas eles s\u00e3o pouco divulgados, por isso resolvemos apoiar esta iniciativa do CineB, um projeto muito importante do nosso Sindicato\u201d, disse Juvandia Moreira.<\/p>\n<figure id=\"attachment_4062\" aria-describedby=\"caption-attachment-4062\" style=\"width: 402px\" class=\"wp-caption aligncenter\"><a href=\"http:\/\/projetocineb.com.br\/wp-content\/uploads\/2012\/12\/DSC_10421.jpg\"><img loading=\"lazy\" decoding=\"async\" class=\"size-full wp-image-4062  \" title=\"O casal de atores Let\u00edcia Sabatella e Fernando Alves Pinto posam em foto com a organiza\u00e7\u00e3o da Brazucah, Sindicato e CINEB e as atrizes Luc\u00e9lia Santos e Gorete Milagres durante Pr\u00eamio CINEB\" src=\"http:\/\/projetocineb.com.br\/wp-content\/uploads\/2012\/12\/DSC_10421.jpg\" alt=\"O casal de atores Let\u00edcia Sabatella e Fernando Alves Pinto posam em foto com a organiza\u00e7\u00e3o da Brazucah, Sindicato e CINEB e as atrizes Luc\u00e9lia Santos e Gorete Milagres durante Pr\u00eamio CINEB\" width=\"402\" height=\"306\" \/><\/a><figcaption id=\"caption-attachment-4062\" class=\"wp-caption-text\">O casal de atores Let\u00edcia Sabatella e Fernando Alves Pinto posam em foto com a organiza\u00e7\u00e3o da Brazucah, Sindicato e CINEB e as atrizes Luc\u00e9lia Santos e Gorete Milagres durante Pr\u00eamio CINEB<\/figcaption><\/figure>\n<p>Dessa vez o Selo traz os seguintes t\u00edtulos: <em>Seu Arlindo vai \u00e0 loucura<\/em>, de Raoni Reis; <em>A bicicleta do vov\u00f4<\/em>, de Henrique Dantas; <em>Tain\u00e1 Kan<\/em>, de Adriana Figueiredo; <em>Procura-se<\/em>, de Iber\u00ea Carvalho; <em>Cine Holliudy, o astista contra a caba do mal<\/em>, de Halder Gomes; <em>BMW vermelho<\/em>, de Edu Ramos e Reinaldo Pinheiro; <em>O filho do vizinho<\/em>, de Alex Vidigal; e <em>Com os p\u00e9s na cabe\u00e7a<\/em>, de Gabriela Liuzzi Dalmasso e Tiago Scorza.<\/p>\n<figure id=\"attachment_4080\" aria-describedby=\"caption-attachment-4080\" style=\"width: 418px\" class=\"wp-caption aligncenter\"><a href=\"http:\/\/projetocineb.com.br\/wp-content\/uploads\/2012\/12\/DSC_01231.jpg\"><img loading=\"lazy\" decoding=\"async\" class=\"size-full wp-image-4080   \" title=\"Atores e diretores de curtas metragens que comp\u00f5e os discos 3 e 4 do Selo CINEB do Cinema Brasileiro\" src=\"http:\/\/projetocineb.com.br\/wp-content\/uploads\/2012\/12\/DSC_01231.jpg\" alt=\"Atores e diretores de curtas metragens que comp\u00f5e os discos 3 e 4 do Selo CINEB do Cinema Brasileiro\" width=\"418\" height=\"277\" \/><\/a><figcaption id=\"caption-attachment-4080\" class=\"wp-caption-text\">Atores e diretores de curtas metragens que comp\u00f5e os discos 3 e 4 do Selo CINEB do Cinema Brasileiro<\/figcaption><\/figure>\n<p>Recentemente, o Selo ganhou o reconhecimento da Secretaria da Economia Criativa do Minist\u00e9rio da Cultura como uma a\u00e7\u00e3o de grande import\u00e2ncia para o mercado cultural brasileiro.<\/p>\n<p>\u201cPara n\u00f3s \u00e9 uma grande satisfa\u00e7\u00e3o porque evita a pirataria e ajuda a difundir este formato de filme que \u00e9 pouco assistido pelo p\u00fablico\u201d, explicou a diretora da Brazucah, Cynthia Alario.<\/p>\n<h2><span style=\"color: #008000;\">+ FOTOS DO PR\u00caMIO CINEB!<\/span><\/h2>\n<figure id=\"attachment_4075\" aria-describedby=\"caption-attachment-4075\" style=\"width: 418px\" class=\"wp-caption aligncenter\"><a href=\"http:\/\/projetocineb.com.br\/wp-content\/uploads\/2012\/12\/DSC_11431.jpg\"><img loading=\"lazy\" decoding=\"async\" class=\"size-full wp-image-4075   \" title=\"Durante a apresenta\u00e7\u00e3o, seu Ant\u00f4nio Nascimento, o pipoqueiro oficial do CINEB foi aplaudido pelo seu carisma e sua presen\u00e7a sempre cativante em todas as exibi\u00e7\u00f5es do CINEB\" src=\"http:\/\/projetocineb.com.br\/wp-content\/uploads\/2012\/12\/DSC_11431.jpg\" alt=\"Durante a apresenta\u00e7\u00e3o, seu Ant\u00f4nio Nascimento, o pipoqueiro oficial do CINEB foi aplaudido pelo seu carisma e sua presen\u00e7a sempre cativante em todas as exibi\u00e7\u00f5es do CINEB\" width=\"418\" height=\"277\" \/><\/a><figcaption id=\"caption-attachment-4075\" class=\"wp-caption-text\">Durante a apresenta\u00e7\u00e3o, seu Ant\u00f4nio Nascimento, o pipoqueiro oficial do CINEB foi aplaudido pelo seu carisma e sua presen\u00e7a sempre cativante em todas as exibi\u00e7\u00f5es do projeto<\/figcaption><\/figure>\n<figure id=\"attachment_4072\" aria-describedby=\"caption-attachment-4072\" style=\"width: 418px\" class=\"wp-caption aligncenter\"><a href=\"http:\/\/projetocineb.com.br\/wp-content\/uploads\/2012\/12\/DSC_12011.jpg\"><img loading=\"lazy\" decoding=\"async\" class=\"size-full wp-image-4072   \" title=\"A atriz Ju Colombo recebe pr\u00eamio em nome do diretor Luis Villa\u00e7a, por seu filme 'O contador de hist\u00f3rias'\" src=\"http:\/\/projetocineb.com.br\/wp-content\/uploads\/2012\/12\/DSC_12011.jpg\" alt=\"A atriz Ju Colombo recebe pr\u00eamio em nome do diretor Luis Villa\u00e7a, por seu filme 'O contador de hist\u00f3rias'\" width=\"418\" height=\"277\" \/><\/a><figcaption id=\"caption-attachment-4072\" class=\"wp-caption-text\">A atriz Ju Colombo recebe pr\u00eamio em nome do diretor Luis Villa\u00e7a, por seu filme &#39;O contador de hist\u00f3rias&#39;<\/figcaption><\/figure>\n<figure id=\"attachment_4071\" aria-describedby=\"caption-attachment-4071\" style=\"width: 418px\" class=\"wp-caption aligncenter\"><a href=\"http:\/\/projetocineb.com.br\/wp-content\/uploads\/2012\/12\/DSC_12071.jpg\"><img loading=\"lazy\" decoding=\"async\" class=\"size-full wp-image-4071   \" title=\"O jornalista Ricardo Calil recebe o trof\u00e9u pelo seu filme 'Uma noite em 67', exibido pelo CINEB \" src=\"http:\/\/projetocineb.com.br\/wp-content\/uploads\/2012\/12\/DSC_12071.jpg\" alt=\"O jornalista Ricardo Calil recebe o trof\u00e9u pelo seu filme 'Uma noite em 67', exibido pelo CINEB\" width=\"418\" height=\"277\" \/><\/a><figcaption id=\"caption-attachment-4071\" class=\"wp-caption-text\">O jornalista Ricardo Calil recebe o trof\u00e9u pelo seu filme &#39;Uma noite em 67&#39;, exibido pelo CINEB<\/figcaption><\/figure>\n<figure id=\"attachment_4099\" aria-describedby=\"caption-attachment-4099\" style=\"width: 356px\" class=\"wp-caption aligncenter\"><a href=\"http:\/\/projetocineb.com.br\/wp-content\/uploads\/2012\/12\/DSC_1228ssss.jpg\"><img loading=\"lazy\" decoding=\"async\" class=\"size-full wp-image-4099\" title=\"A produtora do filme 'Amor?' de Jo\u00e3o Jardim, Jasmin de Brito Pinho recebe sua homenagem pela pr\u00e9-estreia do filme, realizada pelo CINEB\" src=\"http:\/\/projetocineb.com.br\/wp-content\/uploads\/2012\/12\/DSC_1228ssss.jpg\" alt=\"\" width=\"356\" height=\"333\" \/><\/a><figcaption id=\"caption-attachment-4099\" class=\"wp-caption-text\">A produtora do filme &#39;Amor?&#39; de Jo\u00e3o Jardim, Jasmin de Brito Pinho recebe sua homenagem pela pr\u00e9-estreia do filme, realizada pelo CINEB<\/figcaption><\/figure>\n<figure id=\"attachment_4069\" aria-describedby=\"caption-attachment-4069\" style=\"width: 418px\" class=\"wp-caption aligncenter\"><a href=\"http:\/\/projetocineb.com.br\/wp-content\/uploads\/2012\/12\/DSC_12421.jpg\"><img loading=\"lazy\" decoding=\"async\" class=\"size-full wp-image-4069   \" title=\"O ator Fernando Alves Pinto recebe o pr\u00eamio em nome do filme 'Uma professora muito maluquinha', que teve pr\u00e9-estreia realizada pelo CINEB\" src=\"http:\/\/projetocineb.com.br\/wp-content\/uploads\/2012\/12\/DSC_12421.jpg\" alt=\"O ator Fernando Alves Pinto recebe o pr\u00eamio em nome do filme 'Uma professora muito maluquinha', que teve pr\u00e9-estreia realizada pelo CINEB\" width=\"418\" height=\"277\" \/><\/a><figcaption id=\"caption-attachment-4069\" class=\"wp-caption-text\">O ator Fernando Alves Pinto recebe o pr\u00eamio em nome do filme &#39;Uma professora muito maluquinha&#39;, que teve pr\u00e9-estreia realizada pelo CINEB<\/figcaption><\/figure>\n<figure id=\"attachment_4068\" aria-describedby=\"caption-attachment-4068\" style=\"width: 418px\" class=\"wp-caption aligncenter\"><a href=\"http:\/\/projetocineb.com.br\/wp-content\/uploads\/2012\/12\/DSC_12701.jpg\"><img loading=\"lazy\" decoding=\"async\" class=\"size-full wp-image-4068   \" title=\"O cineasta Rubens Xavier \u00e9 homenageado pela exibi\u00e7\u00e3o de 'A guerra dos vizinhos'\" src=\"http:\/\/projetocineb.com.br\/wp-content\/uploads\/2012\/12\/DSC_12701.jpg\" alt=\"O cineasta Rubens Xavier \u00e9 homenageado pela exibi\u00e7\u00e3o de 'A guerra dos vizinhos'\" width=\"418\" height=\"277\" \/><\/a><figcaption id=\"caption-attachment-4068\" class=\"wp-caption-text\">O cineasta Rubens Xavier \u00e9 homenageado pela exibi\u00e7\u00e3o de &#39;A guerra dos vizinhos&#39;<\/figcaption><\/figure>\n<figure id=\"attachment_4066\" aria-describedby=\"caption-attachment-4066\" style=\"width: 407px\" class=\"wp-caption aligncenter\"><a href=\"http:\/\/projetocineb.com.br\/wp-content\/uploads\/2012\/12\/DSC_12741.jpg\"><img loading=\"lazy\" decoding=\"async\" class=\"size-full wp-image-4066   \" title=\"O cineasta Helio Villela, diretor do curta metragem 'A mula teiomsa e o controle remoto' \u00e9 homenageado\" src=\"http:\/\/projetocineb.com.br\/wp-content\/uploads\/2012\/12\/DSC_12741.jpg\" alt=\"O cineasta Helio Villela, diretor do curta metragem 'A mula teiomsa e o controle remoto' \u00e9 homenageado\" width=\"407\" height=\"403\" \/><\/a><figcaption id=\"caption-attachment-4066\" class=\"wp-caption-text\">O cineasta Helio Villela, diretor do curta metragem &#39;A mula teiomsa e o controle remoto&#39; \u00e9 homenageado<\/figcaption><\/figure>\n<h2>Em 2013 tem mais Pr\u00eamio CINEB! Aguarde \ud83d\ude09<\/h2>\n","protected":false},"excerpt":{"rendered":"<p>O Pr\u00eamio foi apresentado pelas atrizes Luc\u00e9lia Santos e Gorete Milagres. Motivos para comemorar haviam de sobra: 30 mil espectadores,[&#8230;]<\/p>\n","protected":false},"author":2,"featured_media":4063,"comment_status":"open","ping_status":"open","sticky":false,"template":"","format":"standard","meta":[],"categories":[2],"tags":[152,154,242,252,263,574,718,745,756,987,1105,1107,1132],"_links":{"self":[{"href":"https:\/\/projetocineb.com.br\/index.php?rest_route=\/wp\/v2\/posts\/4057"}],"collection":[{"href":"https:\/\/projetocineb.com.br\/index.php?rest_route=\/wp\/v2\/posts"}],"about":[{"href":"https:\/\/projetocineb.com.br\/index.php?rest_route=\/wp\/v2\/types\/post"}],"author":[{"embeddable":true,"href":"https:\/\/projetocineb.com.br\/index.php?rest_route=\/wp\/v2\/users\/2"}],"replies":[{"embeddable":true,"href":"https:\/\/projetocineb.com.br\/index.php?rest_route=%2Fwp%2Fv2%2Fcomments&post=4057"}],"version-history":[{"count":0,"href":"https:\/\/projetocineb.com.br\/index.php?rest_route=\/wp\/v2\/posts\/4057\/revisions"}],"wp:featuredmedia":[{"embeddable":true,"href":"https:\/\/projetocineb.com.br\/index.php?rest_route=\/wp\/v2\/media\/4063"}],"wp:attachment":[{"href":"https:\/\/projetocineb.com.br\/index.php?rest_route=%2Fwp%2Fv2%2Fmedia&parent=4057"}],"wp:term":[{"taxonomy":"category","embeddable":true,"href":"https:\/\/projetocineb.com.br\/index.php?rest_route=%2Fwp%2Fv2%2Fcategories&post=4057"},{"taxonomy":"post_tag","embeddable":true,"href":"https:\/\/projetocineb.com.br\/index.php?rest_route=%2Fwp%2Fv2%2Ftags&post=4057"}],"curies":[{"name":"wp","href":"https:\/\/api.w.org\/{rel}","templated":true}]}}