{"id":4105,"date":"2012-12-17T20:44:42","date_gmt":"2012-12-17T22:44:42","guid":{"rendered":"http:\/\/projetocineb.com.br\/?p=4105"},"modified":"2012-12-17T20:44:42","modified_gmt":"2012-12-17T22:44:42","slug":"cidade-lider-2","status":"publish","type":"post","link":"https:\/\/projetocineb.com.br\/?p=4105","title":{"rendered":"CIDADE LIDER"},"content":{"rendered":"<p>Pela terceira vez o CINEB arma seu cinema em Cidade L\u00edder. Na exibi\u00e7\u00e3o o p\u00fablico conferiu quatro curtas metragens que comp\u00f5e os novos DVDs do Selo CINEB do Cinema Brasileiro.<\/p>\n<figure id=\"attachment_4117\" aria-describedby=\"caption-attachment-4117\" style=\"width: 391px\" class=\"wp-caption aligncenter\"><a href=\"http:\/\/projetocineb.com.br\/wp-content\/uploads\/2012\/12\/DSC_0024.jpg\"><img fetchpriority=\"high\" decoding=\"async\" class=\"size-full wp-image-4117  \" title=\"CINEB em Cidade L\u00edder, zona leste de S\u00e3o Paulo\" src=\"http:\/\/projetocineb.com.br\/wp-content\/uploads\/2012\/12\/DSC_0024.jpg\" alt=\"CINEB em Cidade L\u00edder, zona leste de S\u00e3o Paulo\" width=\"391\" height=\"259\" \/><\/a><figcaption id=\"caption-attachment-4117\" class=\"wp-caption-text\">CINEB em Cidade L\u00edder, zona leste de S\u00e3o Paulo<\/figcaption><\/figure>\n<p><a href=\"http:\/\/projetocineb.com.br\/?p=3557\" target=\"_blank\">Clique para ver como foi a \u00faltima exibi\u00e7\u00e3o nesta comunidade!<\/a><\/p>\n<p>\u201cPara n\u00f3s, o CINEB voltar a exibir aqui em nosso espa\u00e7o \u00e9 muito bom, pois precisamos ocupar os poucos espa\u00e7os p\u00fablicos que temos por aqui e est\u00e3o ociosos\u201d, comentou a gerente do Centro da Juventude, Fernanda Fiuza. \u201cQueremos tamb\u00e9m que outros projetos venham, pois aqui n\u00e3o h\u00e1 nenhuma alternativa de lazer e cultura nos espa\u00e7os p\u00fablicos que est\u00e3o em nosso bairro\u201d, disse.<\/p>\n<figure id=\"attachment_4120\" aria-describedby=\"caption-attachment-4120\" style=\"width: 393px\" class=\"wp-caption aligncenter\"><a href=\"http:\/\/projetocineb.com.br\/wp-content\/uploads\/2012\/12\/DSC_0054.jpg\"><img decoding=\"async\" class=\"size-full wp-image-4120   \" title=\"Os alunos do CDC Cidade L\u00edder, Karina Beatriz, Gabi Silva, Ana Paulo e Jo\u00e3o Carlos\" src=\"http:\/\/projetocineb.com.br\/wp-content\/uploads\/2012\/12\/DSC_0054.jpg\" alt=\"Os alunos do CDC Cidade L\u00edder, Karina Beatriz, Gabi Silva, Ana Paulo e Jo\u00e3o Carlos\" width=\"393\" height=\"260\" \/><\/a><figcaption id=\"caption-attachment-4120\" class=\"wp-caption-text\">Os alunos do CDC Cidade L\u00edder, Karina Beatriz, Gabi Silva, Ana Paulo e Jo\u00e3o Carlos<\/figcaption><\/figure>\n<p>Cidade L\u00edder \u00e9 uma regi\u00e3o sem bibliotecas ou teatro. Por isso, Fernanda e Renata Pires atuam no espa\u00e7o do Uni\u00e3o Cidade L\u00edder, em parceria com a Prefeitura de S\u00e3o Paulo, oferecendo cursos profissionalizantes e educativos. Mas uma comunidade grande como esta precisa de mais, muito mais&#8230;<\/p>\n<figure id=\"attachment_4115\" aria-describedby=\"caption-attachment-4115\" style=\"width: 387px\" class=\"wp-caption aligncenter\"><a href=\"http:\/\/projetocineb.com.br\/wp-content\/uploads\/2012\/12\/DSC_0009.jpg\"><img decoding=\"async\" class=\"size-full wp-image-4115   \" title=\"Professora e aluna: Professora de inform\u00e1tica, Amanda Amador, e sua aluna, Juliana de Jesus\" src=\"http:\/\/projetocineb.com.br\/wp-content\/uploads\/2012\/12\/DSC_0009.jpg\" alt=\"Professora e aluna: Professora de inform\u00e1tica, Amanda Amador, e sua aluna, Juliana de Jesus\" width=\"387\" height=\"256\" \/><\/a><figcaption id=\"caption-attachment-4115\" class=\"wp-caption-text\">Professora e aluna: Professora de inform\u00e1tica, Amanda Amador, e sua aluna, Juliana de Jesus<\/figcaption><\/figure>\n<p>\u201cO trabalho feito aqui contribui para diminuir o n\u00edvel de viol\u00eancia, o n\u00famero de usu\u00e1rios de drogas e o CineB vem somar a este trabalho\u201d, comentou o assessor do deputado estadual Luiz Cl\u00e1udio Marcolino, Alex Minduim.<\/p>\n<figure id=\"attachment_4114\" aria-describedby=\"caption-attachment-4114\" style=\"width: 402px\" class=\"wp-caption aligncenter\"><a href=\"http:\/\/projetocineb.com.br\/wp-content\/uploads\/2012\/12\/DSC_0002.jpg\"><img loading=\"lazy\" decoding=\"async\" class=\"size-full wp-image-4114  \" title=\"Juliana Jesus se animou para tirar fotos. Aqui ela \u00e9 acompanhada pelo colega Ericsson Victor.\" src=\"http:\/\/projetocineb.com.br\/wp-content\/uploads\/2012\/12\/DSC_0002.jpg\" alt=\"Juliana Jesus se animou para tirar fotos. Aqui ela \u00e9 acompanhada pelo colega Ericsson Victor.\" width=\"402\" height=\"266\" \/><\/a><figcaption id=\"caption-attachment-4114\" class=\"wp-caption-text\">Juliana Jesus se animou para tirar fotos. Aqui ela \u00e9 acompanhada pelo colega Ericsson Victor.<\/figcaption><\/figure>\n<figure id=\"attachment_4119\" aria-describedby=\"caption-attachment-4119\" style=\"width: 402px\" class=\"wp-caption aligncenter\"><a href=\"http:\/\/projetocineb.com.br\/wp-content\/uploads\/2012\/12\/DSC_0052.jpg\"><img loading=\"lazy\" decoding=\"async\" class=\"size-full wp-image-4119\" title=\"As crian\u00e7as que foram para casa com camisetas do CINEB sorteadas no fim da exibi\u00e7\u00e3o\" src=\"http:\/\/projetocineb.com.br\/wp-content\/uploads\/2012\/12\/DSC_0052.jpg\" alt=\"\" width=\"402\" height=\"266\" \/><\/a><figcaption id=\"caption-attachment-4119\" class=\"wp-caption-text\">As crian\u00e7as que foram para casa com camisetas do CINEB sorteadas no fim da exibi\u00e7\u00e3o<\/figcaption><\/figure>\n<figure id=\"attachment_4113\" aria-describedby=\"caption-attachment-4113\" style=\"width: 378px\" class=\"wp-caption aligncenter\"><a href=\"http:\/\/projetocineb.com.br\/wp-content\/uploads\/2012\/12\/DSC_0056cortada.jpg\"><img loading=\"lazy\" decoding=\"async\" class=\"size-full wp-image-4113  \" title=\"No final da exibi\u00e7\u00e3o, a cl\u00e1ssica foto do sorteio de camisetas e brindes do CINEB\" src=\"http:\/\/projetocineb.com.br\/wp-content\/uploads\/2012\/12\/DSC_0056cortada.jpg\" alt=\"No final da exibi\u00e7\u00e3o, a cl\u00e1ssica foto do sorteio de camisetas e brindes do CINEB\" width=\"378\" height=\"300\" \/><\/a><figcaption id=\"caption-attachment-4113\" class=\"wp-caption-text\">No final da exibi\u00e7\u00e3o, a cl\u00e1ssica foto do sorteio de camisetas e brindes do CINEB<\/figcaption><\/figure>\n","protected":false},"excerpt":{"rendered":"<p>Pela terceira vez o CINEB arma seu cinema em Cidade L\u00edder. Na exibi\u00e7\u00e3o o p\u00fablico conferiu quatro curtas metragens que[&#8230;]<\/p>\n","protected":false},"author":2,"featured_media":4116,"comment_status":"open","ping_status":"open","sticky":false,"template":"","format":"standard","meta":[],"categories":[7],"tags":[152,154,196,252,263,266,293,1095,1132,1191,1247],"_links":{"self":[{"href":"https:\/\/projetocineb.com.br\/index.php?rest_route=\/wp\/v2\/posts\/4105"}],"collection":[{"href":"https:\/\/projetocineb.com.br\/index.php?rest_route=\/wp\/v2\/posts"}],"about":[{"href":"https:\/\/projetocineb.com.br\/index.php?rest_route=\/wp\/v2\/types\/post"}],"author":[{"embeddable":true,"href":"https:\/\/projetocineb.com.br\/index.php?rest_route=\/wp\/v2\/users\/2"}],"replies":[{"embeddable":true,"href":"https:\/\/projetocineb.com.br\/index.php?rest_route=%2Fwp%2Fv2%2Fcomments&post=4105"}],"version-history":[{"count":0,"href":"https:\/\/projetocineb.com.br\/index.php?rest_route=\/wp\/v2\/posts\/4105\/revisions"}],"wp:featuredmedia":[{"embeddable":true,"href":"https:\/\/projetocineb.com.br\/index.php?rest_route=\/wp\/v2\/media\/4116"}],"wp:attachment":[{"href":"https:\/\/projetocineb.com.br\/index.php?rest_route=%2Fwp%2Fv2%2Fmedia&parent=4105"}],"wp:term":[{"taxonomy":"category","embeddable":true,"href":"https:\/\/projetocineb.com.br\/index.php?rest_route=%2Fwp%2Fv2%2Fcategories&post=4105"},{"taxonomy":"post_tag","embeddable":true,"href":"https:\/\/projetocineb.com.br\/index.php?rest_route=%2Fwp%2Fv2%2Ftags&post=4105"}],"curies":[{"name":"wp","href":"https:\/\/api.w.org\/{rel}","templated":true}]}}