{"id":4127,"date":"2012-12-18T21:01:46","date_gmt":"2012-12-18T23:01:46","guid":{"rendered":"http:\/\/projetocineb.com.br\/?p=4127"},"modified":"2012-12-18T21:01:46","modified_gmt":"2012-12-18T23:01:46","slug":"jardim-nelia-2","status":"publish","type":"post","link":"https:\/\/projetocineb.com.br\/?p=4127","title":{"rendered":"JARDIM N\u00c9LIA"},"content":{"rendered":"<p>No come\u00e7o desse ano o CINEB realizou a primeira exibi\u00e7\u00e3o na quadra poliesportiva do Jardim N\u00e9lia, na regi\u00e3o de Itaim Paulista. Infelizmente, j\u00e1 que a atual gest\u00e3o da subprefeitura n\u00e3o designou seguran\u00e7a para a quadra, j\u00e1 no segundo m\u00eas ap\u00f3s ser inaugurada, as paredes foram pichadas e cabos de eletricidade roubados.<\/p>\n<figure id=\"attachment_4130\" aria-describedby=\"caption-attachment-4130\" style=\"width: 369px\" class=\"wp-caption aligncenter\"><a href=\"http:\/\/projetocineb.com.br\/wp-content\/uploads\/2012\/12\/DSC_00122.jpg\"><img fetchpriority=\"high\" decoding=\"async\" class=\"size-full wp-image-4130    \" title=\"Exibi\u00e7\u00e3o do CINEB no Jardim N\u00e9lia, zona leste de S\u00e3o Paulo\" src=\"http:\/\/projetocineb.com.br\/wp-content\/uploads\/2012\/12\/DSC_00122.jpg\" alt=\"Exibi\u00e7\u00e3o do CINEB no Jardim N\u00e9lia, zona leste de S\u00e3o Paulo\" width=\"369\" height=\"245\" \/><\/a><figcaption id=\"caption-attachment-4130\" class=\"wp-caption-text\">Exibi\u00e7\u00e3o do CINEB no Jardim N\u00e9lia, zona leste de S\u00e3o Paulo<\/figcaption><\/figure>\n<p><a href=\"http:\/\/projetocineb.com.br\/?p=3404\" target=\"_blank\">Clique aqui para ler o post da exibi\u00e7\u00e3o.<\/a><\/p>\n<figure id=\"attachment_4133\" aria-describedby=\"caption-attachment-4133\" style=\"width: 391px\" class=\"wp-caption aligncenter\"><a href=\"http:\/\/projetocineb.com.br\/wp-content\/uploads\/2012\/12\/DSC_0037.jpg\"><img decoding=\"async\" class=\"size-full wp-image-4133  \" title=\"Foto do p\u00fablico\" src=\"http:\/\/projetocineb.com.br\/wp-content\/uploads\/2012\/12\/DSC_0037.jpg\" alt=\"Foto do p\u00fablico\" width=\"391\" height=\"259\" \/><\/a><figcaption id=\"caption-attachment-4133\" class=\"wp-caption-text\">Foto do p\u00fablico<\/figcaption><\/figure>\n<p>Meses depois, ao voltarmos, a situa\u00e7\u00e3o continua semelhante. A parte bonita dessa hist\u00f3ria \u00e9 que mesmo com esse descaso da subprefeitura e da prefeitura, Edmilson Nobrega, conhecido como Wolverine, luta para que a comunidade ocupe cada vez mais este espa\u00e7o!<\/p>\n<figure id=\"attachment_4129\" aria-describedby=\"caption-attachment-4129\" style=\"width: 371px\" class=\"wp-caption aligncenter\"><a href=\"http:\/\/projetocineb.com.br\/wp-content\/uploads\/2012\/12\/DSC_0005.jpg\"><img decoding=\"async\" class=\"size-full wp-image-4129   \" title=\"O coordenador do CINEB, Cid\u00e1lio Vieira Santos, faz abertura da sess\u00e3o ao lado de Edmilson, o Wolverine.\" src=\"http:\/\/projetocineb.com.br\/wp-content\/uploads\/2012\/12\/DSC_0005.jpg\" alt=\"O coordenador do CINEB, Cid\u00e1lio Vieira Santos, faz abertura da sess\u00e3o ao lado de Edmilson, o Wolverine.\" width=\"371\" height=\"332\" \/><\/a><figcaption id=\"caption-attachment-4129\" class=\"wp-caption-text\">O coordenador do CINEB, Cid\u00e1lio Vieira Santos, faz abertura da sess\u00e3o ao lado de Edmilson, o Wolverine.<\/figcaption><\/figure>\n<p>\u201cMe sinto orgulhoso de ter minha comunidade reunida aqui\u201d, disse Edmilson durante a abertura do CINEB. \u201cE para as crian\u00e7as, saibam que isso faz parte da educa\u00e7\u00e3o, atrav\u00e9s da cultura e do esporte \u00e9 que vamos mudar nosso bairro\u201d.<\/p>\n<figure id=\"attachment_4134\" aria-describedby=\"caption-attachment-4134\" style=\"width: 377px\" class=\"wp-caption aligncenter\"><a href=\"http:\/\/projetocineb.com.br\/wp-content\/uploads\/2012\/12\/DSC_0040.jpg\"><img loading=\"lazy\" decoding=\"async\" class=\"size-full wp-image-4134  \" title=\"A pequena espectadora Caroline Vit\u00f3ria de 2 anos e seu pai, Edson Soares\" src=\"http:\/\/projetocineb.com.br\/wp-content\/uploads\/2012\/12\/DSC_0040.jpg\" alt=\"A pequena espectadora Caroline Vit\u00f3ria de 2 anos e seu pai, Edson Soares\" width=\"377\" height=\"248\" \/><\/a><figcaption id=\"caption-attachment-4134\" class=\"wp-caption-text\">A pequena espectadora Caroline Vit\u00f3ria de 2 anos e seu pai, Edson Soares<\/figcaption><\/figure>\n<p>Neste clima de luta por uma comunidade melhor, uma S\u00e3o Paulo mais justa e uma cultura brasileira mais reconhecida \u00e9 que encerramos a \u00faltima exibi\u00e7\u00e3o de 2012 do CINEB!<\/p>\n<figure id=\"attachment_4135\" aria-describedby=\"caption-attachment-4135\" style=\"width: 374px\" class=\"wp-caption aligncenter\"><a href=\"http:\/\/projetocineb.com.br\/wp-content\/uploads\/2012\/12\/DSC_0044xweb.jpg\"><img loading=\"lazy\" decoding=\"async\" class=\"size-full wp-image-4135    \" title=\"No final da exibi\u00e7\u00e3o, os sortudos e alguns espectadores se juntaram para nossa \u00faltima foto de encerramento do CINEB 2012!\" src=\"http:\/\/projetocineb.com.br\/wp-content\/uploads\/2012\/12\/DSC_0044xweb.jpg\" alt=\"No final da exibi\u00e7\u00e3o, os sortudos e alguns espectadores se juntaram para nossa \u00faltima foto de encerramento do CINEB 2012!\" width=\"374\" height=\"247\" \/><\/a><figcaption id=\"caption-attachment-4135\" class=\"wp-caption-text\">No final da exibi\u00e7\u00e3o, os sortudos e alguns espectadores se juntaram para nossa \u00faltima foto de encerramento do CINEB 2012!<\/figcaption><\/figure>\n<p>Este foi um ano de muitas vit\u00f3rias, 35 exibi\u00e7\u00f5es em diversas comunidade de S\u00e3o Paulo, somando desde 2007 mais de 30 mil espectadores. Curtas metragens, longas metragens, pr\u00e9-estreias, debates com diretores&#8230; quanta coisa foi apresentada ao p\u00fablico do CINEB este ano.<\/p>\n<p>E em 2013 teremos mais, claro!<\/p>\n","protected":false},"excerpt":{"rendered":"<p>No come\u00e7o desse ano o CINEB realizou a primeira exibi\u00e7\u00e3o na quadra poliesportiva do Jardim N\u00e9lia, na regi\u00e3o de Itaim[&#8230;]<\/p>\n","protected":false},"author":2,"featured_media":0,"comment_status":"open","ping_status":"open","sticky":false,"template":"","format":"standard","meta":[],"categories":[7],"tags":[152,154,242,263,266,351,690,1132,1247],"_links":{"self":[{"href":"https:\/\/projetocineb.com.br\/index.php?rest_route=\/wp\/v2\/posts\/4127"}],"collection":[{"href":"https:\/\/projetocineb.com.br\/index.php?rest_route=\/wp\/v2\/posts"}],"about":[{"href":"https:\/\/projetocineb.com.br\/index.php?rest_route=\/wp\/v2\/types\/post"}],"author":[{"embeddable":true,"href":"https:\/\/projetocineb.com.br\/index.php?rest_route=\/wp\/v2\/users\/2"}],"replies":[{"embeddable":true,"href":"https:\/\/projetocineb.com.br\/index.php?rest_route=%2Fwp%2Fv2%2Fcomments&post=4127"}],"version-history":[{"count":0,"href":"https:\/\/projetocineb.com.br\/index.php?rest_route=\/wp\/v2\/posts\/4127\/revisions"}],"wp:attachment":[{"href":"https:\/\/projetocineb.com.br\/index.php?rest_route=%2Fwp%2Fv2%2Fmedia&parent=4127"}],"wp:term":[{"taxonomy":"category","embeddable":true,"href":"https:\/\/projetocineb.com.br\/index.php?rest_route=%2Fwp%2Fv2%2Fcategories&post=4127"},{"taxonomy":"post_tag","embeddable":true,"href":"https:\/\/projetocineb.com.br\/index.php?rest_route=%2Fwp%2Fv2%2Ftags&post=4127"}],"curies":[{"name":"wp","href":"https:\/\/api.w.org\/{rel}","templated":true}]}}