{"id":4209,"date":"2013-03-22T14:44:27","date_gmt":"2013-03-22T17:44:27","guid":{"rendered":"http:\/\/projetocineb.com.br\/?p=4209"},"modified":"2013-03-22T14:44:27","modified_gmt":"2013-03-22T17:44:27","slug":"selo-cineb-lanca-sua-2a-e-3a-edicao","status":"publish","type":"post","link":"https:\/\/projetocineb.com.br\/?p=4209","title":{"rendered":"Selo CINEB Lan\u00e7a sua 2\u00aa e 3\u00aa edi\u00e7\u00e3o"},"content":{"rendered":"<p>O projeto CINEB, circuito gratuito de exibi\u00e7\u00e3o de filmes brasileiros em comunidades da Grande S\u00e3o Paulo, realizado pelo Sindicato dos Banc\u00e1rios de S\u00e3o Paulo, Osasco e Regi\u00e3o e produzido pela Brazucah, lan\u00e7a os DVDs 2 e 3 do SELO CINEB DO CINEMA BRASILEIRO.<\/p>\n<p>Essa iniciativa, premiada pela Secretaria de Economia Criativa do Governo Federal, \u00e9 uma proposta que preza pela economia solid\u00e1ria e pre\u00e7o justo e prop\u00f5e uma nova maneira de distribui\u00e7\u00e3o de curtas metragens, onde o Sindicato dos Banc\u00e1rios subsidia a produ\u00e7\u00e3o dos DVDs e quem adquire, contribui com R$ 5 reais. Deste valor, cada diretor\/produtor recebe R$1 real por DVD e as comunidades participantes desta distribui\u00e7\u00e3o, tamb\u00e9m recebem R$1 real.<\/p>\n<p>O <strong>DVD 2<\/strong> \u00e9 composto pelos filmes:\u00a0 <strong>Procura-se<\/strong>, de Iber\u00ea Carvalho, <strong>Seu Arlindo vai \u00e0 Loucura<\/strong>, de Raoni Reis, <strong>A Bicicleta do Vov\u00f4,<\/strong> de Henrique Dantas e <strong>Com os p\u00e9s na Cabe\u00e7a de <\/strong>Tiago Scorza e \u00a0Gabriela Liuzzi Dalmasso. J\u00e1 o<strong> DVD 3, <\/strong><strong>\u00e9 composto pelos curtas: BMW Vermelha<\/strong> de Edu Ramos e Reinaldo Pinheiro , <strong>Cine Holi\u00fady &#8211; O Astista Contra o Caba do Mal<\/strong> de Halder Gomes, <strong>Tain\u00e1 Kan<\/strong> de Adriana Figueiredo e <strong>O Filho do Vizinho<\/strong> de Alex Vidigal e ambos j\u00e1 est\u00e3o dispon\u00edveis no projeto CINEB.<\/p>\n<p>Caso queira adquirir um dos nossos DVDs, compare\u00e7a a uma das sess\u00f5es do CINEB em S\u00e3o Paulo, Osasco e Regi\u00e3o. Maiores informa\u00e7\u00f5es em:<\/p>\n<p><strong>CINEB<\/strong><\/p>\n<p><strong>FACEBOOK:<\/strong> <a href=\"http:\/\/www.facebook.com\/cinemabrasileiro\">www.facebook.com\/cinemabrasileiro<\/a><\/p>\n<p><strong>BLOG:<\/strong> <a href=\"http:\/\/projetocineb.com.br\">http:\/\/projetocineb.com.br<\/a><\/p>\n","protected":false},"excerpt":{"rendered":"<p>O projeto CINEB, circuito gratuito de exibi\u00e7\u00e3o de filmes brasileiros em comunidades da Grande S\u00e3o Paulo, realizado pelo Sindicato dos[&#8230;]<\/p>\n","protected":false},"author":2,"featured_media":4211,"comment_status":"open","ping_status":"open","sticky":false,"template":"","format":"standard","meta":[],"categories":[2,7],"tags":[252,1102,1104],"_links":{"self":[{"href":"https:\/\/projetocineb.com.br\/index.php?rest_route=\/wp\/v2\/posts\/4209"}],"collection":[{"href":"https:\/\/projetocineb.com.br\/index.php?rest_route=\/wp\/v2\/posts"}],"about":[{"href":"https:\/\/projetocineb.com.br\/index.php?rest_route=\/wp\/v2\/types\/post"}],"author":[{"embeddable":true,"href":"https:\/\/projetocineb.com.br\/index.php?rest_route=\/wp\/v2\/users\/2"}],"replies":[{"embeddable":true,"href":"https:\/\/projetocineb.com.br\/index.php?rest_route=%2Fwp%2Fv2%2Fcomments&post=4209"}],"version-history":[{"count":0,"href":"https:\/\/projetocineb.com.br\/index.php?rest_route=\/wp\/v2\/posts\/4209\/revisions"}],"wp:featuredmedia":[{"embeddable":true,"href":"https:\/\/projetocineb.com.br\/index.php?rest_route=\/wp\/v2\/media\/4211"}],"wp:attachment":[{"href":"https:\/\/projetocineb.com.br\/index.php?rest_route=%2Fwp%2Fv2%2Fmedia&parent=4209"}],"wp:term":[{"taxonomy":"category","embeddable":true,"href":"https:\/\/projetocineb.com.br\/index.php?rest_route=%2Fwp%2Fv2%2Fcategories&post=4209"},{"taxonomy":"post_tag","embeddable":true,"href":"https:\/\/projetocineb.com.br\/index.php?rest_route=%2Fwp%2Fv2%2Ftags&post=4209"}],"curies":[{"name":"wp","href":"https:\/\/api.w.org\/{rel}","templated":true}]}}