{"id":432,"date":"2010-02-28T05:47:30","date_gmt":"2010-02-28T05:47:30","guid":{"rendered":"http:\/\/projetocineb.com.br\/?p=432"},"modified":"2010-02-28T05:47:30","modified_gmt":"2010-02-28T05:47:30","slug":"bras","status":"publish","type":"post","link":"https:\/\/projetocineb.com.br\/?p=432","title":{"rendered":"BR\u00c1S"},"content":{"rendered":"<p style=\"text-align: center;\">\n<figure id=\"attachment_477\" aria-describedby=\"caption-attachment-477\" style=\"width: 432px\" class=\"wp-caption aligncenter\"><a title=\"200 pessoas lotaram o sal\u00e3o da Igreja S\u00e3o J\u00e1o Batista do Br\u00e1s\" href=\"http:\/\/projetocineb.com.br\/wp-content\/uploads\/2010\/02\/BRAS01.jpg\"><img fetchpriority=\"high\" decoding=\"async\" class=\"size-full wp-image-477 \" title=\"200 pessoas lotaram o sal\u00e3o da Igreja S\u00e3o Jo\u00e3o Batista do Br\u00e1s\" src=\"http:\/\/projetocineb.com.br\/wp-content\/uploads\/2010\/02\/BRAS01.jpg\" alt=\"\" width=\"432\" height=\"287\" \/><\/a><figcaption id=\"caption-attachment-477\" class=\"wp-caption-text\">200 pessoas lotaram o sal\u00e3o da Igreja S\u00e3o Jo\u00e3o Batista do Br\u00e1s<\/figcaption><\/figure>\n<p><span style=\"color: #0000ff;\">200 pessoas<\/span> lotaram completamente do <span style=\"color: #0000ff;\">sal\u00e3o da <a href=\"http:\/\/www.saojoaobatistadobras.com.br\/\" target=\"_blank\">Igreja S\u00e3o Jo\u00e3o Batista do Br\u00e1s<\/a><\/span>, regi\u00e3o central de S\u00e3o Paulo, onde aconteceu mais um Cine B, realizado pelo Sindicato dos Banc\u00e1rios de S\u00e3o Paulo, Osasco e Regi\u00e3o, e Brazucah Produ\u00e7\u00f5es. \u00c9 a <span style=\"color: #0000ff;\">segunda vez<\/span> que o Projeto visita esta comunidade do Br\u00e1s.<\/p>\n<p>Adalberto de Oliveira de Jesus foi quem agitou esta sess\u00e3o para a comunidade.\u00a0 <span style=\"color: #0000ff;\">\u201cH\u00e1 um tempo recebi um convite para ir num Cine B num bairro vizinho e fui. Noutra vez levei o Padre Marcelo, que cuida aqui da Igreja e ele adorou a id\u00e9ia\u201d, disse Adalberto<\/span>.<\/p>\n<p>E provando mais uma vez o que disse Luiz Cl\u00e1udio Marcolino, presidente do Sindicato dos Banc\u00e1rios, a segunda sess\u00e3o faz mais sucesso que a primeira. \u201cNa outra sess\u00e3o teve um numero semelhante de espectadores, mas muitos vinham ainda com o p\u00e9 atr\u00e1s, porque n\u00e3o conheciam o projeto. Mas dessa vez a comunidade j\u00e1 estava mais atenta, mais gente veio pedir os ingressos. O trabalho que o Cid\u00e1lio Vieira faz de enviar cartas pelo correio sobre as sess\u00f5es cativa as pessoas\u201d, disse o Padre Marcelo.<\/p>\n<p style=\"text-align: center;\"><a href=\"http:\/\/projetocineb.com.br\/wp-content\/uploads\/2010\/02\/DSC00874_01WEB.jpg\"><img decoding=\"async\" class=\"aligncenter size-full wp-image-436\" title=\"Foto tirada de uma das pesquisas respondidas nesta sess\u00e3o do Cine B no Br\u00e1s\" src=\"http:\/\/projetocineb.com.br\/wp-content\/uploads\/2010\/02\/DSC00874_01WEB.jpg\" alt=\"\" width=\"432\" height=\"176\" \/><\/a><\/p>\n<p>Nesta sess\u00e3o em particular ouvi e li <span style=\"color: #0000ff;\">muitos elogios e pedidos para a volta do Cine B na comunidade<\/span>. Para mim foi a prova de que o Cine B vem transformando a vida de muitas pessoas de S\u00e3o Paulo e regi\u00e3o.<\/p>\n<p>Miro Tavares, um dos moradores do bairro, encontrei por acaso quando tentava bater uma foto do Mauro, motorista da M&amp;C que fornece ao Cine B equipamentos de \u00e1udio e v\u00eddeo. Miro saiu sorrindo e fui falar com ele. <span style=\"color: #0000ff;\">\u201cVim na outra sess\u00e3o do Cine B e gostei muito do projeto. A\u00ed fiquei sabendo que ia ter mais essa exibi\u00e7\u00e3o, pela carta que o Cid\u00e1lio nos envia e vim\u201d, disse Miro Tavares<\/span>.<\/p>\n<p style=\"text-align: center;\"><a href=\"http:\/\/projetocineb.com.br\/wp-content\/uploads\/2010\/02\/DSC00872_01WEB.jpg\"><img decoding=\"async\" class=\"aligncenter size-full wp-image-437\" title=\"O simp\u00e1tico Miro Tavares aguardando por sua pipoquinha\" src=\"http:\/\/projetocineb.com.br\/wp-content\/uploads\/2010\/02\/DSC00872_01WEB.jpg\" alt=\"\" width=\"432\" height=\"338\" \/><\/a><\/p>\n<p>Ao final do Cine B, Fernanda Cecili Silva Torres, de 13 anos, estava sentada esperando a m\u00e3e ajudar na limpeza do sal\u00e3o. Ela disse ter gostado muito do filme, que a hist\u00f3ria havia sido muito emocionante. <span style=\"color: #0000ff;\">\u201cUm dos melhores filmes que j\u00e1 vi\u201d, disse Fernanda<\/span>.<\/p>\n<p>Antes de come\u00e7ar a exibi\u00e7\u00e3o eu havia conversado com as duas. M\u00e3e e filha s\u00e3o super cin\u00e9filas. Disseram ir pouco ao cinema, mas alugam muitos DVDs. \u201cAdoro cinema, acho uma del\u00edcia assistir os filmes\u201d, disse Rosa Madalena Silva, m\u00e3e de Fernanda.<\/p>\n<p><span style=\"color: #0000ff;\">\u201cParticularmente gosto muito da produ\u00e7\u00e3o de Tropa de Elite. Achei o filme muito bem feito. Mas me cansa ver sempre os diretores brasileiros mostrando a nossa realidade com muita desgra\u00e7a. Mostram a favela como se l\u00e1 s\u00f3 acontecesse coisa ruim. Falta mostrar o Brasil bonito! Por isso meus filmes nacionais prediletos s\u00e3o tipo <\/span><em><span style=\"color: #0000ff;\">Lisbela e o prisioneiro<\/span><\/em><span style=\"color: #0000ff;\">, ou mesmo <\/span><em><span style=\"color: #0000ff;\">Besouro<\/span><\/em><span style=\"color: #0000ff;\">, que fala dos Orix\u00e1s e \u00e9 lindo\u201d, disse Rosa<\/span>.<\/p>\n<p style=\"text-align: center;\"><a href=\"http:\/\/projetocineb.com.br\/wp-content\/uploads\/2010\/02\/DSC00838_01WEB.jpg\"><img loading=\"lazy\" decoding=\"async\" class=\"aligncenter size-full wp-image-438\" title=\"Fernanda Cecili Silva Torres e sua m\u00e3e Rosa Madalena Silva, cin\u00e9filas de alta categoria\" src=\"http:\/\/projetocineb.com.br\/wp-content\/uploads\/2010\/02\/DSC00838_01WEB.jpg\" alt=\"\" width=\"432\" height=\"306\" \/><\/a><\/p>\n<p>A coordenadora de Catequese Irm\u00e3 Anselma disse gostar muito do cinema nacional, mas reconhece que h\u00e1 muito preconceito dos pr\u00f3prios brasileiros com os filmes feitos por aqui. \u201cAs pessoas ainda t\u00eam lembran\u00e7as dos filmes de 70, 80, em que havia muito erotismo e viol\u00eancia. Mas hoje nosso cinema est\u00e1 mudado, com hist\u00f3rias que provocam reflex\u00e3o. Mas as pessoas ainda d\u00e3o mais valor aos filmes estrangeiros\u201d, disse Irm\u00e3 Anselma.<\/p>\n<p><span style=\"color: #0000ff;\"><strong>E pra isso que o Cine B est\u00e1 na \u00e1rea, para mostrar a excelente qualidade de nossos cineastas, atores e t\u00e9cnicos do cinema <\/strong><\/span><em><span style=\"color: #0000ff;\"><strong>brazucah<\/strong><\/span><\/em><span style=\"color: #0000ff;\"><strong>!<\/strong><\/span><\/p>\n<p style=\"text-align: center;\"><span style=\"color: #0000ff;\"><strong><a href=\"http:\/\/projetocineb.com.br\/wp-content\/uploads\/2010\/02\/DSC00842_01WEB.jpg\"><img loading=\"lazy\" decoding=\"async\" class=\"aligncenter size-full wp-image-439\" title=\"Irm\u00e3 Anselma, acompanhada de N\u00e1dia Lucchine, e sua tia Maria de Lourdes no fundo, com sua amiga Helenice Jesus da Silva\" src=\"http:\/\/projetocineb.com.br\/wp-content\/uploads\/2010\/02\/DSC00842_01WEB.jpg\" alt=\"\" width=\"432\" height=\"344\" \/><\/a><br \/>\n<\/strong><\/span><\/p>\n<h2><span style=\"color: #008000;\">MEM\u00d3RIA CINEMATOGR\u00c1FICA<\/span><\/h2>\n<p>\u201cO <a href=\"http:\/\/pt.wikipedia.org\/wiki\/Br%C3%A1s_(distrito_de_S%C3%A3o_Paulo)\" target=\"_blank\">Br\u00e1s<\/a> era um bairro glamoroso de S\u00e3o Paulo, tinham diversas lojas caras espalhadas por essa regi\u00e3o. E tamb\u00e9m muitos cinemas. Inclusive este sal\u00e3o da Igreja S\u00e3o Jo\u00e3o Batista do Br\u00e1s era um grande cinema, atr\u00e1s tinha um estacionamento de charretes. A nossa par\u00f3quia j\u00e1 tem 100 anos! H\u00e1 muita hist\u00f3ria neste bairro\u201d, disse Leandro Toneli, administrador paroquial da Igreja.<\/p>\n<p style=\"text-align: center;\"><a href=\"http:\/\/projetocineb.com.br\/wp-content\/uploads\/2010\/02\/DSC00843_01WEB.jpg\"><img loading=\"lazy\" decoding=\"async\" class=\"aligncenter size-full wp-image-440\" title=\"Leandro Toneli, administrador paroquial e o Padre Marcelo\" src=\"http:\/\/projetocineb.com.br\/wp-content\/uploads\/2010\/02\/DSC00843_01WEB.jpg\" alt=\"\" width=\"424\" height=\"432\" \/><\/a><\/p>\n<p><span style=\"color: #0000ff;\">\u201cTinha o Cine Roque, o Cine Fontana, o Piratininga, o Cine Politiano e o Cine Universo. Mas desde a d\u00e9cada de 60 veio decaindo o movimento e foram fechando. Hoje aqui por perto, s\u00f3 o S\u00e3o Luiz, mas acho que j\u00e1 est\u00e1 fechando\u201d, disse Adalgisa Batista do Nascimento<\/span>.<\/p>\n<p>Sua amiga \u00a0foi muito em todos os cinemas da regi\u00e3o. \u201cVivia no cinema. Hoje fico triste porque as crian\u00e7as aqui da do bairro n\u00e3o tem nada para fazer. Nada de lazer e cultura. Isso \u00e9 muito ruim\u201d, disse Marlene.<\/p>\n<p>Ambas gostam de assistir a filmes nacionais pela TV Cultura e TV Aparecida (\u201cque passa \u00f3timos filmes religiosos\u201d, disse Adalgisa). Segundo elas, hoje enfrentam uma dist\u00e2ncia dos cinemas que desanima. Acabam desistindo e ficam em casa.<\/p>\n<p style=\"text-align: center;\"><a href=\"http:\/\/projetocineb.com.br\/wp-content\/uploads\/2010\/02\/DSC00841_01WEB.jpg\"><img loading=\"lazy\" decoding=\"async\" class=\"aligncenter size-full wp-image-441\" title=\"Adalgisa Batista do Nascimento e Marlene Cantorino Saez\" src=\"http:\/\/projetocineb.com.br\/wp-content\/uploads\/2010\/02\/DSC00841_01WEB.jpg\" alt=\"\" width=\"432\" height=\"365\" \/><\/a><\/p>\n<h2><span style=\"color: #008000;\">CONSELHO TUTELAR<\/span><\/h2>\n<p><span style=\"color: #0000ff;\">Adalberto de Oliveira de Jesus, que agitou esta sess\u00e3o do Cine B no Br\u00e1s, \u00e9 conselheiro tutelar da Mooca, que abrange os bairros (\u00c1gua Rasa, Br\u00e1s, Bel\u00e9m, Mooca, Pari e Tatuap\u00e9)<\/span>. Sua fun\u00e7\u00e3o \u00e9 \u00e9 garantir os\u00a0Direitos da Crian\u00e7a e do Adolescente de acordo com o ECA, atrav\u00e9s de\u00a0requisi\u00e7\u00e3o de servi\u00e7o junto ao Poder P\u00fablico, orientando os Pais e\u00a0respons\u00e1veis e quando necess\u00e1rio fazer a medida de prote\u00e7\u00e3o em caso de\u00a0risco pessoal da crian\u00e7a ou do adolescente em situa\u00e7\u00e3o de maus tratos\u00a0ou viol\u00eancia, \u201cMeu trabalho \u00e9 garantir e fiscalizar a pol\u00edtica p\u00fablica, fazendo cumprir a Lei estabelecida para a crian\u00e7a e o adolescente como sujeito de direito.\u00a0O Cine B \u00e9 o reflexo de como a Comunidade tem um papel important\u00edssimo\u00a0na vida de nossas crian\u00e7as e adolescentes. O nosso objetivo \u00e9\u00a0solucionar o problema e manter o jovem em um ambiente saud\u00e1vel, disse\u00a0Adalberto.<\/p>\n<p>Mas segundo ele falta investimento e vontade pol\u00edtica para que o trabalho continue sendo bem feito. \u201cJ\u00e1 fizemos mais. O governo do Gilberto Kassab distanciou os \u00f3rg\u00e3os de prote\u00e7\u00e3o aos direitos da crian\u00e7a e do adolescente das comunidades. Hoje algumas pessoas precisam se deslocar muito para ir ao Conselho Tutelar. Eles ficam pensando mais na pol\u00edtica partid\u00e1ria e n\u00e3o se disp\u00f5e a ajudar o investimento federal. A\u00ed d\u00e1 nisso\u201d, disse o conselheiro Adalberto.<\/p>\n<p>Para ele \u00e9 fundamental que o pr\u00f3ximo governante de S\u00e3o Paulo esteja interessado em trabalhar os direitos da crian\u00e7a e do adolescente com mais seriedade. <span style=\"color: #0000ff;\">\u201cPrecisamos de investimento, transpar\u00eancia no or\u00e7amento. Hoje temos diversas m\u00e3es que n\u00e3o encontraram vagas nas creches da comunidade. Isso \u00e9 cr\u00edtico\u201d, disse Adalberto<\/span>.<\/p>\n<p style=\"text-align: center;\"><a href=\"http:\/\/projetocineb.com.br\/wp-content\/uploads\/2010\/02\/DSC00837_01WEB1.jpg\"><img loading=\"lazy\" decoding=\"async\" class=\"aligncenter size-full wp-image-442\" title=\"Adalberto de Oliveira de Jesus\" src=\"http:\/\/projetocineb.com.br\/wp-content\/uploads\/2010\/02\/DSC00837_01WEB1.jpg\" alt=\"\" width=\"432\" height=\"401\" \/><\/a><\/p>\n<h2><span style=\"color: #008000;\">AGRADECIMENTOS<\/span><\/h2>\n<p>Agradecemos a <span style=\"color: #0000ff;\">Laura e Leandro<\/span> da Par\u00f3quia pela ajuda na distribui\u00e7\u00e3o dos ingressos deste Cine B!<\/p>\n<h2><span style=\"color: #008000;\">BINGO!<\/span><\/h2>\n<p>Dia 1<span style=\"color: #0000ff;\">3 de mar\u00e7o de 2010<\/span> no <span style=\"color: #0000ff;\">sal\u00e3o da Igreja Jo\u00e3o Batista do Br\u00e1s<\/span>, acontecer\u00e1 um bingo beneficente para que as obras do sal\u00e3o sejam finalizadas.\u00a0 Quem quiser participar \u00e9 s\u00f3 aparecer por l\u00e1 \u00e0s 19 horas. Se quiser adquirir suas fichas antecipadamente, v\u00e1 \u00e0 secretaria da par\u00f3quia. Maiores informa\u00e7\u00f5es pelo telefone <span style=\"color: #0000ff;\">2693-2645<\/span>.<\/p>\n<p><span style=\"color: #0000ff;\">\u201cAgora finalizaremos esta reforma construindo mais alguns banheiros para o sal\u00e3o\u201d, disse o Padre Marcelo<\/span>.<\/p>\n<h2><span style=\"color: #008000;\">CLICK<\/span><\/h2>\n<p style=\"text-align: center;\"><span style=\"color: #008000;\"><a href=\"http:\/\/projetocineb.com.br\/wp-content\/uploads\/2010\/02\/BRAS02.jpg\"><img loading=\"lazy\" decoding=\"async\" class=\"aligncenter size-full wp-image-478\" title=\"Luiz Cl\u00e1udio Marcolino, idealizador do Cine B, aparece no v\u00eddeo de abertura do evento\" src=\"http:\/\/projetocineb.com.br\/wp-content\/uploads\/2010\/02\/BRAS02.jpg\" alt=\"\" width=\"432\" height=\"287\" \/><\/a><br \/>\n<\/span><\/p>\n<p style=\"text-align: center;\"><a href=\"http:\/\/projetocineb.com.br\/wp-content\/uploads\/2010\/02\/DSC00839_01WEB.jpg\"><img loading=\"lazy\" decoding=\"async\" class=\"aligncenter size-full wp-image-443\" title=\"Jean Fabio Bezerra Freire e sua esposa Maria Lindineide Ferreira Freitas, aproveitando a segunda exibi\u00e7\u00e3o do Cine B na comunidade, para conferir bons filmes nacionais\" src=\"http:\/\/projetocineb.com.br\/wp-content\/uploads\/2010\/02\/DSC00839_01WEB.jpg\" alt=\"\" width=\"432\" height=\"482\" \/><\/a><\/p>\n<p style=\"text-align: center;\"><a href=\"http:\/\/projetocineb.com.br\/wp-content\/uploads\/2010\/02\/DSC00840_01WEB.jpg\"><img loading=\"lazy\" decoding=\"async\" class=\"aligncenter size-full wp-image-444\" title=\"As amigas Marina Silva Domingues e Joyce Angela Pereira e Silva que adoram um filme brasileiro\" src=\"http:\/\/projetocineb.com.br\/wp-content\/uploads\/2010\/02\/DSC00840_01WEB.jpg\" alt=\"\" width=\"432\" height=\"481\" \/><\/a><\/p>\n<p style=\"text-align: center;\"><a href=\"http:\/\/projetocineb.com.br\/wp-content\/uploads\/2010\/02\/DSC00868_01WEB.jpg\"><img loading=\"lazy\" decoding=\"async\" class=\"aligncenter size-full wp-image-445\" title=\"Seu Ant\u00f4nio, o pipoqueiro oficial do Cine B, teve que trabalhar bastante para atender as 200 pessoas desta sess\u00e3o\" src=\"http:\/\/projetocineb.com.br\/wp-content\/uploads\/2010\/02\/DSC00868_01WEB.jpg\" alt=\"\" width=\"432\" height=\"314\" \/><\/a><\/p>\n<p style=\"text-align: center;\"><span style=\"color: #008000;\"><a href=\"http:\/\/projetocineb.com.br\/wp-content\/uploads\/2010\/02\/DSC00845_01WEB.jpg\"><img loading=\"lazy\" decoding=\"async\" class=\"aligncenter size-full wp-image-446\" title=\"Pipoca e filmes brasileiro: Cine B nota 10 na comunidade do Br\u00e1s\" src=\"http:\/\/projetocineb.com.br\/wp-content\/uploads\/2010\/02\/DSC00845_01WEB.jpg\" alt=\"\" width=\"432\" height=\"330\" \/><\/a><br \/>\n<\/span><\/p>\n<p style=\"text-align: center;\"><a href=\"http:\/\/projetocineb.com.br\/wp-content\/uploads\/2010\/02\/DSC00857_01WEB1.jpg\"><img loading=\"lazy\" decoding=\"async\" class=\"aligncenter size-full wp-image-447\" title=\"O atencioso Padre Marcelo\" src=\"http:\/\/projetocineb.com.br\/wp-content\/uploads\/2010\/02\/DSC00857_01WEB1.jpg\" alt=\"\" width=\"432\" height=\"477\" \/><\/a><\/p>\n<p style=\"text-align: center;\"><a href=\"http:\/\/projetocineb.com.br\/wp-content\/uploads\/2010\/02\/DSC00875_01WEB.jpg\"><img loading=\"lazy\" decoding=\"async\" class=\"aligncenter size-full wp-image-448\" title=\"Publica\u00e7\u00e3o da Par\u00f3quia local\" src=\"http:\/\/projetocineb.com.br\/wp-content\/uploads\/2010\/02\/DSC00875_01WEB.jpg\" alt=\"\" width=\"432\" height=\"360\" \/><\/a><\/p>\n<p style=\"text-align: center;\"><a href=\"http:\/\/projetocineb.com.br\/wp-content\/uploads\/2010\/02\/DSC00863_01WEB.jpg\"><img loading=\"lazy\" decoding=\"async\" class=\"aligncenter size-full wp-image-449\" title=\"Marlene Maria Maia preenche a ficha de avalia\u00e7\u00e3o do Cine B, enquanto sua sorridente filha, Maria Luiza de 5 anos, me nota tirando uma foto\" src=\"http:\/\/projetocineb.com.br\/wp-content\/uploads\/2010\/02\/DSC00863_01WEB.jpg\" alt=\"\" width=\"432\" height=\"355\" \/><\/a><\/p>\n<p style=\"text-align: center;\"><a href=\"http:\/\/projetocineb.com.br\/wp-content\/uploads\/2010\/02\/DSC00864_01WEB.jpg\"><img loading=\"lazy\" decoding=\"async\" class=\"aligncenter size-full wp-image-450\" title=\"Tamb\u00e9m tirei foto do marido de Marlene, Marcelino Coelho Pereira que elogiou a exibi\u00e7\u00e3o do Cine B, junto de sua filha Yara Lais Maia Coelho de 8 anos\" src=\"http:\/\/projetocineb.com.br\/wp-content\/uploads\/2010\/02\/DSC00864_01WEB.jpg\" alt=\"\" width=\"432\" height=\"352\" \/><\/a><\/p>\n<p style=\"text-align: center;\">\n<p style=\"text-align: center;\"><a href=\"http:\/\/projetocineb.com.br\/wp-content\/uploads\/2010\/02\/DSC00884_01WEB.jpg\"><img loading=\"lazy\" decoding=\"async\" class=\"aligncenter size-full wp-image-452\" title=\"Val\u00e9ria Aparecida Pereira da Silva adorou o filme Ver\u00f4nica e pediu a volta do Cine B &quot;o quanto antes&quot;. Na foto posa com a camiseta ganha no sorteio, ao lado de sua filha Sarah Regina Pereira da Silva de 7 anos\" src=\"http:\/\/projetocineb.com.br\/wp-content\/uploads\/2010\/02\/DSC00884_01WEB.jpg\" alt=\"\" width=\"432\" height=\"284\" \/><\/a><\/p>\n<p style=\"text-align: center;\"><a href=\"http:\/\/projetocineb.com.br\/wp-content\/uploads\/2010\/02\/BRAS03.jpg\"><img loading=\"lazy\" decoding=\"async\" class=\"aligncenter size-full wp-image-479\" title=\"Momento da entrevista com Dona Adalgisa e dona Marlene\" src=\"http:\/\/projetocineb.com.br\/wp-content\/uploads\/2010\/02\/BRAS03.jpg\" alt=\"\" width=\"432\" height=\"287\" \/><\/a><\/p>\n<p style=\"text-align: center;\">\n<p style=\"text-align: center;\"><a href=\"http:\/\/projetocineb.com.br\/wp-content\/uploads\/2010\/02\/DSC00882_01WEB.jpg\"><img loading=\"lazy\" decoding=\"async\" class=\"aligncenter size-full wp-image-453\" title=\"Os sortudos da comunidade do Br\u00e1s que faturaram camisteas do Cine B e canecas da exposi\u00e7\u00e3o Corpo Humano\" src=\"http:\/\/projetocineb.com.br\/wp-content\/uploads\/2010\/02\/DSC00882_01WEB.jpg\" alt=\"\" width=\"432\" height=\"239\" \/><\/a><\/p>\n<h2><span style=\"color: #008000;\">PR\u00d3XIMA SESS\u00c3O<\/span><\/h2>\n<p>Meus queridos, nos vemos em <span style=\"color: #0000ff;\">mar\u00e7o<\/span>. Mas, n\u00e3o se preocupem, que ainda apare\u00e7o pra colocar aqui a programa\u00e7\u00e3o do Cine B e passar outras not\u00edcias saborosas como a pipoca do seu Ant\u00f4nio.<\/p>\n<p><em>T\u00e9<\/em> +<\/p>\n<p>0~0<\/p>\n","protected":false},"excerpt":{"rendered":"<p>200 pessoas lotaram completamente do sal\u00e3o da Igreja S\u00e3o Jo\u00e3o Batista do Br\u00e1s, regi\u00e3o central de S\u00e3o Paulo, onde aconteceu[&#8230;]<\/p>\n","protected":false},"author":2,"featured_media":0,"comment_status":"open","ping_status":"open","sticky":false,"template":"","format":"standard","meta":[],"categories":[2],"tags":[148,237,242,266,398,470,626,760,803,810,1209],"_links":{"self":[{"href":"https:\/\/projetocineb.com.br\/index.php?rest_route=\/wp\/v2\/posts\/432"}],"collection":[{"href":"https:\/\/projetocineb.com.br\/index.php?rest_route=\/wp\/v2\/posts"}],"about":[{"href":"https:\/\/projetocineb.com.br\/index.php?rest_route=\/wp\/v2\/types\/post"}],"author":[{"embeddable":true,"href":"https:\/\/projetocineb.com.br\/index.php?rest_route=\/wp\/v2\/users\/2"}],"replies":[{"embeddable":true,"href":"https:\/\/projetocineb.com.br\/index.php?rest_route=%2Fwp%2Fv2%2Fcomments&post=432"}],"version-history":[{"count":0,"href":"https:\/\/projetocineb.com.br\/index.php?rest_route=\/wp\/v2\/posts\/432\/revisions"}],"wp:attachment":[{"href":"https:\/\/projetocineb.com.br\/index.php?rest_route=%2Fwp%2Fv2%2Fmedia&parent=432"}],"wp:term":[{"taxonomy":"category","embeddable":true,"href":"https:\/\/projetocineb.com.br\/index.php?rest_route=%2Fwp%2Fv2%2Fcategories&post=432"},{"taxonomy":"post_tag","embeddable":true,"href":"https:\/\/projetocineb.com.br\/index.php?rest_route=%2Fwp%2Fv2%2Ftags&post=432"}],"curies":[{"name":"wp","href":"https:\/\/api.w.org\/{rel}","templated":true}]}}