{"id":4705,"date":"2013-05-06T17:00:15","date_gmt":"2013-05-06T20:00:15","guid":{"rendered":"http:\/\/projetocineb.com.br\/?p=4705"},"modified":"2013-05-06T17:00:15","modified_gmt":"2013-05-06T20:00:15","slug":"selo-cineb-do-cinema-brasileiro","status":"publish","type":"post","link":"https:\/\/projetocineb.com.br\/?p=4705","title":{"rendered":"Selo CINEB do Cinema Brasileiro"},"content":{"rendered":"<p>Em todas as sess\u00f5es do CINEB 2013, voc\u00ea pode adquirir uma das edi\u00e7\u00f5es do Selo CINEB do Cinema Brasileiro.<\/p>\n<p>O Selo, para quem n\u00e3o conhece, surgiu da ideia de facilitar o acesso do p\u00fablico \u00e0s obras de curtas metragens exibidos sempre<\/p>\n<p>no in\u00edcio de cada sess\u00e3o do projeto e para integrar os DVDs, foram escolhidos os t\u00edtulos que mais agradaram as pessoas que<\/p>\n<p>conferiram as exibi\u00e7\u00f5es desde o in\u00edcio do CINEB.<\/p>\n<p>Confira abaixo os t\u00edtulos que comp\u00f5em cada Selo e como adquirir o seu \ud83d\ude09<\/p>\n<p>&nbsp;<\/p>\n<p><strong>Selo 1<\/strong><\/p>\n<p><strong>VIDA MARIA<\/strong><\/p>\n<p>Diretor: M\u00e1rcio Ramos<\/p>\n<p><strong>HISTORIETAS ASSOMBRADAS (PARA CRIAN\u00c7AS MALCRIADAS)<\/strong><\/p>\n<p>Diretor: Victor Hugo Borges<\/p>\n<p><strong>O TROCO<\/strong><\/p>\n<p>Diretor: Andr\u00e9 Rolim<\/p>\n<p><strong>O XADREZ DAS CORES<\/strong><\/p>\n<p>Diretor: Marcos Schiavon<\/p>\n<p><strong>A MULA TEIMOSA E O CONTROLE REMOTO<\/strong><\/p>\n<p>Diretor: H\u00e9lio Villela Nunes<\/p>\n<p><strong>\u00a0Selo 2<\/strong><\/p>\n<p><strong>PROCURA-SE<\/strong><\/p>\n<p>Diretor: Iber\u00ea Carvalho<\/p>\n<p><strong>SEU ARLINDO VAI \u00c0 LOUCURA<\/strong><\/p>\n<p>Diretor: Raoni Reis Novo<\/p>\n<p><strong>A BICICLETA DO VOV\u00d4<\/strong><\/p>\n<p>Diretor: Henrique Dantas<\/p>\n<p><strong>COM OS P\u00c9S NA CABE\u00c7A<\/strong><\/p>\n<p>Diretor: Henrique Dantas<\/p>\n<p><strong>Selo 3<\/strong><\/p>\n<p><strong>BMW VERMELHA<\/strong><\/p>\n<p>Diretor: Edu Ramos, Reinaldo Pinheiro<\/p>\n<p><strong>CINE HOLI\u00daDY &#8211; O ASTISTA CONTRA O CABA DO MAL<\/strong><\/p>\n<p>Diretor: Halder Gomes<\/p>\n<p><strong>TAINA KAN<\/strong><\/p>\n<p>Diretor: Adriana FIgueiredo<\/p>\n<p><strong>O FILHO DO VIZINHO<\/strong><\/p>\n<p>Diretor: Alex Vidigal<\/p>\n<p>&nbsp;<\/p>\n<p>COMO ADQUIRIR O SEU?<\/p>\n<p>Al\u00e9m de comparecer em uma de nossas sess\u00f5es, voc\u00ea pode enviar um e-mail para cidalio@brazucah.com.br e pedir o seu!<\/p>\n","protected":false},"excerpt":{"rendered":"<p>Em todas as sess\u00f5es do CINEB 2013, voc\u00ea pode adquirir uma das edi\u00e7\u00f5es do Selo CINEB do Cinema Brasileiro. O[&#8230;]<\/p>\n","protected":false},"author":2,"featured_media":4706,"comment_status":"open","ping_status":"open","sticky":false,"template":"","format":"standard","meta":[],"categories":[5],"tags":[237,252,357,1107,1114],"_links":{"self":[{"href":"https:\/\/projetocineb.com.br\/index.php?rest_route=\/wp\/v2\/posts\/4705"}],"collection":[{"href":"https:\/\/projetocineb.com.br\/index.php?rest_route=\/wp\/v2\/posts"}],"about":[{"href":"https:\/\/projetocineb.com.br\/index.php?rest_route=\/wp\/v2\/types\/post"}],"author":[{"embeddable":true,"href":"https:\/\/projetocineb.com.br\/index.php?rest_route=\/wp\/v2\/users\/2"}],"replies":[{"embeddable":true,"href":"https:\/\/projetocineb.com.br\/index.php?rest_route=%2Fwp%2Fv2%2Fcomments&post=4705"}],"version-history":[{"count":0,"href":"https:\/\/projetocineb.com.br\/index.php?rest_route=\/wp\/v2\/posts\/4705\/revisions"}],"wp:featuredmedia":[{"embeddable":true,"href":"https:\/\/projetocineb.com.br\/index.php?rest_route=\/wp\/v2\/media\/4706"}],"wp:attachment":[{"href":"https:\/\/projetocineb.com.br\/index.php?rest_route=%2Fwp%2Fv2%2Fmedia&parent=4705"}],"wp:term":[{"taxonomy":"category","embeddable":true,"href":"https:\/\/projetocineb.com.br\/index.php?rest_route=%2Fwp%2Fv2%2Fcategories&post=4705"},{"taxonomy":"post_tag","embeddable":true,"href":"https:\/\/projetocineb.com.br\/index.php?rest_route=%2Fwp%2Fv2%2Ftags&post=4705"}],"curies":[{"name":"wp","href":"https:\/\/api.w.org\/{rel}","templated":true}]}}