{"id":4716,"date":"2013-05-07T01:08:03","date_gmt":"2013-05-07T04:08:03","guid":{"rendered":"http:\/\/projetocineb.com.br\/?p=4716"},"modified":"2013-05-07T01:08:03","modified_gmt":"2013-05-07T04:08:03","slug":"cineb-no-1o-de-maio-da-cut","status":"publish","type":"post","link":"https:\/\/projetocineb.com.br\/?p=4716","title":{"rendered":"CINEB no 1\u00ba de Maio da CUT"},"content":{"rendered":"<p align=\"right\"><strong>Por Paulo Castro<\/strong><\/p>\n<p>\u00a0O CINE B marcou presen\u00e7a num dos feriados mais importantes do mundo: neste 1\u00ba de Maio tivemos uma tenda exclusiva montada no ato organizado pela Central \u00danica dos Trabalhadores, a CUT, no Graja\u00fa, zona sul de S\u00e3o Paulo.<\/p>\n<p>&nbsp;<\/p>\n<p>&nbsp;<\/p>\n<figure id=\"attachment_4718\" aria-describedby=\"caption-attachment-4718\" style=\"width: 800px\" class=\"wp-caption aligncenter\"><a href=\"http:\/\/projetocineb.com.br\/wp-content\/uploads\/2013\/05\/49.jpg\"><img fetchpriority=\"high\" decoding=\"async\" class=\"size-full wp-image-4718\" title=\"\" src=\"http:\/\/projetocineb.com.br\/wp-content\/uploads\/2013\/05\/49.jpg\" alt=\"\" width=\"800\" height=\"600\" \/><\/a><figcaption id=\"caption-attachment-4718\" class=\"wp-caption-text\">Tenda vista do lado de dentro. A lota\u00e7\u00e3o de cada sess\u00e3o era de 70 pessoas<\/figcaption><\/figure>\n<p>Pela 5\u00ba ano consecutivo, a CUT realizou este evento na regi\u00e3o em homenagem ao dia do trabalhador. Durante todo o dia, a popula\u00e7\u00e3o pode aproveitar servi\u00e7os de sa\u00fade &#8211; como aferir a glicose, press\u00e3o arterial, orienta\u00e7\u00e3o sobre preven\u00e7\u00e3o e tratamento de doen\u00e7as, etc &#8211; de est\u00e9tica &#8211; como tratar o p\u00e9 com pod\u00f3logos e corte de cabelo &#8211; tendas com comidas e bebidas variadas, al\u00e9m de lazer e cultura com brinquedos para a crian\u00e7ada, shows e, a novidade deste ano, o cinema brasileiro levado pelo CINE B. (Acesse <a href=\"http:\/\/www.spbancarios.com.br\/Noticias.aspx?id=4443\">AQUI<\/a> a mat\u00e9ria sobre tudo que rolou no evento)<\/p>\n<figure id=\"attachment_4719\" aria-describedby=\"caption-attachment-4719\" style=\"width: 800px\" class=\"wp-caption aligncenter\"><a href=\"http:\/\/projetocineb.com.br\/wp-content\/uploads\/2013\/05\/62.jpg\"><img decoding=\"async\" class=\"size-full wp-image-4719\" title=\"\" src=\"http:\/\/projetocineb.com.br\/wp-content\/uploads\/2013\/05\/62.jpg\" alt=\"\" width=\"800\" height=\"600\" \/><\/a><figcaption id=\"caption-attachment-4719\" class=\"wp-caption-text\">O p\u00fablico faz fila para cuidar dos p\u00e9s. Um dos servi\u00e7os gratuitos oferecidos \u00e0 popula\u00e7\u00e3o<\/figcaption><\/figure>\n<p>Ao longo da tarde, em dez exibi\u00e7\u00f5es, o CINE B projetou 12 curtas-metragens, que fazem parte do Selo CINE B do Cinema Brasileiro, para um p\u00fablico de mais de 500 pessoas que lotou a\u00a0 tenda do cinema nacional. Foi uma correria para todos n\u00f3s: enquanto uma sess\u00e3o ainda acontecia, uma fila de pessoas para a pr\u00f3xima j\u00e1 se formava em frente ao carrinho de pipoca do Seu Ant\u00f4nio, nosso pipoqueiro oficial.<\/p>\n<p>&nbsp;<\/p>\n<figure id=\"attachment_4720\" aria-describedby=\"caption-attachment-4720\" style=\"width: 800px\" class=\"wp-caption aligncenter\"><a href=\"http:\/\/projetocineb.com.br\/wp-content\/uploads\/2013\/05\/60.jpg\"><img decoding=\"async\" class=\"size-full wp-image-4720\" title=\"\" src=\"http:\/\/projetocineb.com.br\/wp-content\/uploads\/2013\/05\/60.jpg\" alt=\"\" width=\"800\" height=\"600\" \/><\/a><figcaption id=\"caption-attachment-4720\" class=\"wp-caption-text\">Antes de cada exibi\u00e7\u00e3o, o p\u00fablico ganhou a pipoca deliciosa do seu Ant\u00f4nio.<\/figcaption><\/figure>\n<p>E quem apareceu para saudar o CINE B durante uma das sess\u00f5es foram os companheiros do Sindicato dos Banc\u00e1rios de S\u00e3o Paulo. Esteve l\u00e1 a presidenta Juv\u00e2ndia Moreira, o deputado estadual e ex-presidente Luiz Cl\u00e1udio Marcolino, a secret\u00e1ria de finan\u00e7as, Rita de C\u00e1ssia Berlofa, e os diretores executivos Daniel Reis, Raquel Kacelnikas e Maria Rosani.<\/p>\n<figure id=\"attachment_4721\" aria-describedby=\"caption-attachment-4721\" style=\"width: 800px\" class=\"wp-caption aligncenter\"><a href=\"http:\/\/projetocineb.com.br\/wp-content\/uploads\/2013\/05\/77.jpg\"><img loading=\"lazy\" decoding=\"async\" class=\"size-full wp-image-4721\" title=\"\" src=\"http:\/\/projetocineb.com.br\/wp-content\/uploads\/2013\/05\/77.jpg\" alt=\"\" width=\"800\" height=\"487\" \/><\/a><figcaption id=\"caption-attachment-4721\" class=\"wp-caption-text\">Cid\u00e1lio Vieira Santos (Coord. do CINE B), Juv\u00e2ndia Moreira (Presidenta. do Sind. dos Banc\u00e1rios), Daniel Reis e Maria Rosani (diretores exec. do Sindicato) e, \u00e0 esquerda, o deputado estadual Luiz Cl\u00e1udio Marcolino<\/figcaption><\/figure>\n<p>A presidenta Juv\u00e2ndia estava muito empolgada com a sess\u00e3o lotada pelos moradores do bairro do Graja\u00fa e regi\u00e3o e feliz por estar em uma exibi\u00e7\u00e3o do CINE B: &#8220;\u00c9 muito bom a gente conseguir trazer curtas-metragens brasileiros aqui para voc\u00eas da zona sul&#8221;. Juv\u00e2ndia destacou a import\u00e2ncia daquele ato da CUT e os motivos da luta do feriado de 1\u00ba de Maio: &#8220;O trabalhador precisa de casa, comida, sa\u00fade, trabalho, lazer e cultura. E o CINE B traz cultura e cinema para todos voc\u00eas&#8221;.<\/p>\n<figure id=\"attachment_4722\" aria-describedby=\"caption-attachment-4722\" style=\"width: 800px\" class=\"wp-caption aligncenter\"><a href=\"http:\/\/projetocineb.com.br\/wp-content\/uploads\/2013\/05\/33.jpg\"><img loading=\"lazy\" decoding=\"async\" class=\"size-full wp-image-4722\" title=\"\" src=\"http:\/\/projetocineb.com.br\/wp-content\/uploads\/2013\/05\/33.jpg\" alt=\"\" width=\"800\" height=\"600\" \/><\/a><figcaption id=\"caption-attachment-4722\" class=\"wp-caption-text\">A presidenta Juv\u00e2ndia com algumas das pessoas que nunca foram ao cinema presentes no ato da CUT<\/figcaption><\/figure>\n<p>O deputado Luiz Cl\u00e1udio Marcolino, um dos principais idealizadores do ato na zonal sul, disse: &#8220;Todas as atividades de presta\u00e7\u00e3o de servi\u00e7o, lazer e cultura desenvolvidas hoje, de forma gratuita, aqui nas comemora\u00e7\u00f5es do dia do trabalhador, tem como fun\u00e7\u00e3o aproximar a cultura e voc\u00eas da zona sul&#8221;. Rita Berlofa agradeceu a presen\u00e7a de todos e desejou &#8220;um feliz dia do trabalhador e da trabalhadora&#8221;.<\/p>\n<p>&nbsp;<\/p>\n<figure id=\"attachment_4723\" aria-describedby=\"caption-attachment-4723\" style=\"width: 800px\" class=\"wp-caption aligncenter\"><a href=\"http:\/\/projetocineb.com.br\/wp-content\/uploads\/2013\/05\/30.jpg\"><img loading=\"lazy\" decoding=\"async\" class=\"size-full wp-image-4723\" title=\"\" src=\"http:\/\/projetocineb.com.br\/wp-content\/uploads\/2013\/05\/30.jpg\" alt=\"\" width=\"800\" height=\"600\" \/><\/a><figcaption id=\"caption-attachment-4723\" class=\"wp-caption-text\">Deputado Luiz Cl\u00e1udio Marcolino ao lado da crian\u00e7ada que marcou presen\u00e7a em peso em todas as sess\u00f5es por l\u00e1.<\/figcaption><\/figure>\n<p>E que dia feliz mesmo. Passaram pelo CINE B,neste feriado, pelo menos 7 pessoas da regi\u00e3o que nunca tinham ido ao cinema.<\/p>\n<p>S\u00e3o elas: a dom\u00e9stica Maria Severia Dias, a dona de casa Eliane Paro, o motorista Rosenaldo Souza, a dom\u00e9stica Marinalva Maria Santos, as aposentadas Hilda da Silva e Maria Barbosa Nascimento, al\u00e9m da costureira Maria Helena Silva.<\/p>\n<p>&nbsp;<\/p>\n<figure id=\"attachment_4724\" aria-describedby=\"caption-attachment-4724\" style=\"width: 534px\" class=\"wp-caption aligncenter\"><a href=\"http:\/\/projetocineb.com.br\/wp-content\/uploads\/2013\/05\/78.jpg\"><img loading=\"lazy\" decoding=\"async\" class=\"size-full wp-image-4724\" title=\"\" src=\"http:\/\/projetocineb.com.br\/wp-content\/uploads\/2013\/05\/78.jpg\" alt=\"\" width=\"534\" height=\"800\" \/><\/a><figcaption id=\"caption-attachment-4724\" class=\"wp-caption-text\">Algumas das pessoas que nunca foram ao cinema: Eliana Paro, Marinalva Santos, Maria Barbosa e Maria Severina<\/figcaption><\/figure>\n<p>Enfim, este 1\u00ba de Maio foi um dia muito especial pra n\u00f3s do CINE B. Estreamos em um grande ato comemorativo p\u00fablico, popular, social e cultural. Levamos o cinema nacional a muitos brasileiros que pouco vem a nossa produ\u00e7\u00e3o audiovisual, ainda mais curtas-metragens. Lotamos todas as sess\u00f5es durante a tarde e tamb\u00e9m sorteamos brindes do CINE B, revistas e dezenas de agendas comemorativas aos 90 anos do Sindicato dos Banc\u00e1rios. Por falar neles, adoramos a presen\u00e7a dos amigos e grandes apoiadores do nosso projeto: a presidenta Juv\u00e2ndia Moreira e o deputado Luiz Cl\u00e1udio Marcolino.<\/p>\n<figure id=\"attachment_4725\" aria-describedby=\"caption-attachment-4725\" style=\"width: 450px\" class=\"wp-caption aligncenter\"><a href=\"http:\/\/projetocineb.com.br\/wp-content\/uploads\/2013\/05\/32.jpg\"><img loading=\"lazy\" decoding=\"async\" class=\"size-full wp-image-4725\" title=\"\" src=\"http:\/\/projetocineb.com.br\/wp-content\/uploads\/2013\/05\/32.jpg\" alt=\"\" width=\"450\" height=\"600\" \/><\/a><figcaption id=\"caption-attachment-4725\" class=\"wp-caption-text\">A pedagoga Eliane Pereira com os filhos. Ela j\u00e1 conhecia o curta VIDA MARIA:&quot;Acho muito bom este curta, ele reflete a quest\u00e3o da oportunidade e da falta dela, e como isso se repete de m\u00e3e pra filha&quot;.<\/figcaption><\/figure>\n<p>&nbsp;<\/p>\n<figure id=\"attachment_4726\" aria-describedby=\"caption-attachment-4726\" style=\"width: 450px\" class=\"wp-caption aligncenter\"><a href=\"http:\/\/projetocineb.com.br\/wp-content\/uploads\/2013\/05\/13.jpg\"><img loading=\"lazy\" decoding=\"async\" class=\"size-full wp-image-4726\" title=\"\" src=\"http:\/\/projetocineb.com.br\/wp-content\/uploads\/2013\/05\/13.jpg\" alt=\"\" width=\"450\" height=\"600\" \/><\/a><figcaption id=\"caption-attachment-4726\" class=\"wp-caption-text\">A banc\u00e1ria Rosangela da Silvia gostou bastante do projeto, tanto \u00e9 que viu 2 sess\u00f5es: &quot;Achei muito bacana em saber que o Sindicato dos Banc\u00e1rios patrocina um projeto como este&quot;.<\/figcaption><\/figure>\n<p>&nbsp;<\/p>\n<figure id=\"attachment_4727\" aria-describedby=\"caption-attachment-4727\" style=\"width: 800px\" class=\"wp-caption aligncenter\"><a href=\"http:\/\/projetocineb.com.br\/wp-content\/uploads\/2013\/05\/9.jpg\"><img loading=\"lazy\" decoding=\"async\" class=\"size-full wp-image-4727\" title=\"\" src=\"http:\/\/projetocineb.com.br\/wp-content\/uploads\/2013\/05\/9.jpg\" alt=\"\" width=\"800\" height=\"600\" \/><\/a><figcaption id=\"caption-attachment-4727\" class=\"wp-caption-text\">O casal assistente de produ\u00e7\u00e3o do CINE B, F\u00e1bio Gon\u00e7alves e Thais Oliveira. &quot;Muito legal poder trabalhar aqui hoje neste ato e ajudar levar este projeto para tantas pessoas&quot;, disse Thais.<\/figcaption><\/figure>\n<p>&nbsp;<\/p>\n<figure id=\"attachment_4728\" aria-describedby=\"caption-attachment-4728\" style=\"width: 800px\" class=\"wp-caption aligncenter\"><a href=\"http:\/\/projetocineb.com.br\/wp-content\/uploads\/2013\/05\/16.jpg\"><img loading=\"lazy\" decoding=\"async\" class=\"size-full wp-image-4728\" title=\"\" src=\"http:\/\/projetocineb.com.br\/wp-content\/uploads\/2013\/05\/16.jpg\" alt=\"\" width=\"800\" height=\"600\" \/><\/a><figcaption id=\"caption-attachment-4728\" class=\"wp-caption-text\">O pessoal da ONG JUNTOS, onde o CINE B sempre gosta de levar cinema.<\/figcaption><\/figure>\n<p>Obrigado a todos que foram, que prestigiaram o cinema nacional, que se emocionaram e riram com os curtas do Selo CINE B do Cinema Brasileiro, que curtiram a pipoca mais gostosa do peda\u00e7o, que comemoraram com a CUT o dia do trabalhador. Obrigado Sindicato dos Banc\u00e1rios e Brazucah Produ\u00e7\u00f5es por levarem o nosso cinema \u00e0 popula\u00e7\u00e3o que realmente se identifica com ele.<\/p>\n<p>&nbsp;<\/p>\n<figure id=\"attachment_4729\" aria-describedby=\"caption-attachment-4729\" style=\"width: 450px\" class=\"wp-caption aligncenter\"><a href=\"http:\/\/projetocineb.com.br\/wp-content\/uploads\/2013\/05\/2.jpg\"><img loading=\"lazy\" decoding=\"async\" class=\"size-full wp-image-4729\" title=\"\" src=\"http:\/\/projetocineb.com.br\/wp-content\/uploads\/2013\/05\/2.jpg\" alt=\"\" width=\"450\" height=\"600\" \/><\/a><figcaption id=\"caption-attachment-4729\" class=\"wp-caption-text\">P\u00fablico fecha a \u00faltima sess\u00e3o de curtas do CINE B no ato da CUT<\/figcaption><\/figure>\n<p>Um grande abra\u00e7o a todos e at\u00e9 a pr\u00f3xima. E que seja logo.<\/p>\n<p>Acesse todas as fotos desta sess\u00e3o no nosso <a href=\"http:\/\/www.flickr.com\/photos\/cinebprojeto\/page7\/\">FLICKR<\/a><\/p>\n<p>OUTROS CLICKS<\/p>\n<p><a href=\"http:\/\/projetocineb.com.br\/wp-content\/uploads\/2013\/05\/diversas-1.jpg\"><img loading=\"lazy\" decoding=\"async\" class=\"aligncenter size-full wp-image-4730\" title=\"\" src=\"http:\/\/projetocineb.com.br\/wp-content\/uploads\/2013\/05\/diversas-1.jpg\" alt=\"\" width=\"450\" height=\"600\" \/><\/a><\/p>\n<p><a href=\"http:\/\/projetocineb.com.br\/wp-content\/uploads\/2013\/05\/diversas-2.jpg\"><img loading=\"lazy\" decoding=\"async\" class=\"aligncenter size-full wp-image-4731\" title=\"\" src=\"http:\/\/projetocineb.com.br\/wp-content\/uploads\/2013\/05\/diversas-2.jpg\" alt=\"\" width=\"800\" height=\"600\" \/><\/a><a href=\"http:\/\/projetocineb.com.br\/wp-content\/uploads\/2013\/05\/diversas-3.jpg\"><img loading=\"lazy\" decoding=\"async\" class=\"aligncenter size-full wp-image-4732\" title=\"\" src=\"http:\/\/projetocineb.com.br\/wp-content\/uploads\/2013\/05\/diversas-3.jpg\" alt=\"\" width=\"800\" height=\"600\" \/><\/a><\/p>\n<p><a href=\"http:\/\/projetocineb.com.br\/wp-content\/uploads\/2013\/05\/diversas-4.jpg\"><img loading=\"lazy\" decoding=\"async\" class=\"aligncenter size-full wp-image-4733\" title=\"\" src=\"http:\/\/projetocineb.com.br\/wp-content\/uploads\/2013\/05\/diversas-4.jpg\" alt=\"\" width=\"800\" height=\"600\" \/><\/a><a href=\"http:\/\/projetocineb.com.br\/wp-content\/uploads\/2013\/05\/diversas-5.jpg\"><img loading=\"lazy\" decoding=\"async\" class=\"aligncenter size-full wp-image-4734\" title=\"\" src=\"http:\/\/projetocineb.com.br\/wp-content\/uploads\/2013\/05\/diversas-5.jpg\" alt=\"\" width=\"800\" height=\"600\" \/><\/a><a href=\"http:\/\/projetocineb.com.br\/wp-content\/uploads\/2013\/05\/diversas-6.jpg\"><img loading=\"lazy\" decoding=\"async\" class=\"aligncenter size-full wp-image-4735\" title=\"\" src=\"http:\/\/projetocineb.com.br\/wp-content\/uploads\/2013\/05\/diversas-6.jpg\" alt=\"\" width=\"800\" height=\"600\" \/><\/a><\/p>\n<p>&nbsp;<\/p>\n<p>&nbsp;<\/p>\n<p>&nbsp;<\/p>\n<p>&nbsp;<\/p>\n","protected":false},"excerpt":{"rendered":"<p>Por Paulo Castro \u00a0O CINE B marcou presen\u00e7a num dos feriados mais importantes do mundo: neste 1\u00ba de Maio tivemos[&#8230;]<\/p>\n","protected":false},"author":2,"featured_media":4717,"comment_status":"open","ping_status":"open","sticky":false,"template":"","format":"standard","meta":[],"categories":[2],"tags":[15,84,237,279,360,718,1131,1169],"_links":{"self":[{"href":"https:\/\/projetocineb.com.br\/index.php?rest_route=\/wp\/v2\/posts\/4716"}],"collection":[{"href":"https:\/\/projetocineb.com.br\/index.php?rest_route=\/wp\/v2\/posts"}],"about":[{"href":"https:\/\/projetocineb.com.br\/index.php?rest_route=\/wp\/v2\/types\/post"}],"author":[{"embeddable":true,"href":"https:\/\/projetocineb.com.br\/index.php?rest_route=\/wp\/v2\/users\/2"}],"replies":[{"embeddable":true,"href":"https:\/\/projetocineb.com.br\/index.php?rest_route=%2Fwp%2Fv2%2Fcomments&post=4716"}],"version-history":[{"count":0,"href":"https:\/\/projetocineb.com.br\/index.php?rest_route=\/wp\/v2\/posts\/4716\/revisions"}],"wp:featuredmedia":[{"embeddable":true,"href":"https:\/\/projetocineb.com.br\/index.php?rest_route=\/wp\/v2\/media\/4717"}],"wp:attachment":[{"href":"https:\/\/projetocineb.com.br\/index.php?rest_route=%2Fwp%2Fv2%2Fmedia&parent=4716"}],"wp:term":[{"taxonomy":"category","embeddable":true,"href":"https:\/\/projetocineb.com.br\/index.php?rest_route=%2Fwp%2Fv2%2Fcategories&post=4716"},{"taxonomy":"post_tag","embeddable":true,"href":"https:\/\/projetocineb.com.br\/index.php?rest_route=%2Fwp%2Fv2%2Ftags&post=4716"}],"curies":[{"name":"wp","href":"https:\/\/api.w.org\/{rel}","templated":true}]}}