{"id":4750,"date":"2013-05-07T15:24:05","date_gmt":"2013-05-07T18:24:05","guid":{"rendered":"http:\/\/projetocineb.com.br\/?p=4750"},"modified":"2013-05-07T15:24:05","modified_gmt":"2013-05-07T18:24:05","slug":"pela-2a-vez-o-cine-b-volta-a-comunidade-da-agua-branca","status":"publish","type":"post","link":"https:\/\/projetocineb.com.br\/?p=4750","title":{"rendered":"PELA 2\u00aa VEZ O CINE B VOLTA \u00c0 COMUNIDADE DA \u00c1GUA BRANCA"},"content":{"rendered":"<p align=\"right\"><strong>Por Paulo Castro<\/strong><\/p>\n<p>E olha o CINE B voltando pela segunda vez \u00e0 comunidade da \u00c1gua Branca, zona oeste de S\u00e3o Paulo, para mais uma sess\u00e3o DO CINEB, Desta vez com exibi\u00e7\u00e3o de curtas-metragens do Selo CINE B do Cinema Brasileiro.<\/p>\n<p>Fomos recebidos na ONG Instituto Rogacionista, respons\u00e1vel por um CCA ( Centro da Crian\u00e7a e Adolescente) e um CEDESP (Centro de Desenvolvimento Social e Produtivo) &#8211; oferece capacita\u00e7\u00e3o profissional em confeitaria, inform\u00e1tica, el\u00e9trica residencial e auxiliar administrativo. Ao todo, o instituto atente 360 jovens e adultos de at\u00e9 29 anos.<\/p>\n<p>Paulo Ara\u00fajo Novaes, que coordena o CEDESP, fala da oportunidade \u00fanica de ter uma sess\u00e3o de cinema por l\u00e1: &#8220;Quando eu anunciei para a crian\u00e7ada que o CINE B vinha pra c\u00e1, eles ficaram todos euf\u00f3ricos. Ainda comentam da \u00faltima vez que vieram aqui&#8221; (Acesse <a href=\"http:\/\/projetocineb.com.br\/?p=1923\">AQUI<\/a> o link da \u00faltima sess\u00e3o na \u00c1gua Branca. Paulo ainda destaca o bacana de exibirmos filmes brasileiros por l\u00e1: &#8220;O CINE B \u00e9 uma forma de mostrar o lado feliz, alegre e engra\u00e7ado do nosso pa\u00eds, e n\u00e3o a parte triste. E o formato do curta-metragem acho que \u00e9 muito bom para as crian\u00e7as, pois pela curta dura\u00e7\u00e3o consegue prender a aten\u00e7\u00e3o delas por mais tempo.&#8221;<\/p>\n<p><a href=\"http:\/\/projetocineb.com.br\/wp-content\/uploads\/2013\/05\/14.jpg\"><img fetchpriority=\"high\" decoding=\"async\" class=\"size-full wp-image-4755\" title=\"\" src=\"http:\/\/projetocineb.com.br\/wp-content\/uploads\/2013\/05\/14.jpg\" alt=\"\" width=\"800\" height=\"600\" \/><\/a><\/p>\n<div class=\"mceTemp mceIEcenter\">\n<dl id=\"attachment_4755\" class=\"wp-caption aligncenter\" style=\"width: 810px;\">\n<dd class=\"wp-caption-dd\">Na abertura da sess\u00e3o, Cid\u00e1lio Vieira Santos, Paulo Ara\u00fajo Novaes, Jackeline Machado, e Dulcin\u00e9a Pastrello<\/dd>\n<\/dl>\n<\/div>\n<p>A banc\u00e1ria e moradora da regi\u00e3o, Jackeline Machado, que tamb\u00e9m \u00e9 secret\u00e1ria de imprensa da Federa\u00e7\u00e3o dos Banc\u00e1rios (FETEC-SP FEDERA\u00c7\u00c3O DOS BANC\u00c1RIOS DA CUT), esteve presente na sess\u00e3o e estava muito animada com a nossa presen\u00e7a: &#8220;O CINE B traz cinema para esta comunidade que n\u00e3o vai por diversos motivos, seja dinheiro, informa\u00e7\u00e3o ou h\u00e1bito. O bom da sess\u00e3o de hoje \u00e9 que n\u00e3o s\u00f3 traz filmes brasileiros para eles que n\u00e3o veem, como tamb\u00e9m traz a ideia da exibi\u00e7\u00e3o do conte\u00fado brasileiro de forma popular. A provoca\u00e7\u00e3o que fica \u00e9: por que n\u00e3o se tem mais projetos ou iniciativas como esta?&#8221;. Jackeline elogiou o Sindicato dos Banc\u00e1rios pela iniciativa do CINE B: &#8220;Faz parte da nossa milit\u00e2ncia atuar fora dos limites da nossa categoria. Isto \u00e9 um olhar para a cidadania&#8221;.<\/p>\n<p><a href=\"http:\/\/projetocineb.com.br\/wp-content\/uploads\/2013\/05\/1.jpg\"><img decoding=\"async\" class=\"size-full wp-image-4760\" title=\"\" src=\"http:\/\/projetocineb.com.br\/wp-content\/uploads\/2013\/05\/1.jpg\" alt=\"\" width=\"800\" height=\"600\" \/><\/a><\/p>\n<div class=\"mceTemp mceIEcenter\">\n<dl id=\"attachment_4760\" class=\"wp-caption aligncenter\" style=\"width: 810px;\">\n<dd class=\"wp-caption-dd\">Alunos do Instituto Rogacionista ganharam camisetas, agendinhas do Sindicato dos Banc\u00e1rios e o jornal do CINE B.<\/dd>\n<\/dl>\n<\/div>\n<p>Gabriel Oliveira, de 16 anos, estava presente l\u00e1 em 2011 quando o CINE B projetou o filme <em>Quincas Berro d&#8217;\u00c1gua<\/em>, e voltou para conferir os curtas: &#8220;Fiquei sabem que ia ter de novo, como gostei da primeira vez, resolvi vir de novo&#8221;. Na \u00e9poca ele estudava por l\u00e1, hoje s\u00f3 passa de visita, mas foi motivado ir l\u00e1 pra ver um filme brasileiro: &#8220;Para mim \u00e9 muito raro ver um filme nacional, h\u00e1 poucos lugares para conseguir achar um. Mas se tivesse mais sess\u00f5es assim, com certeza eu veria mais filmes brasileiros&#8221;.<\/p>\n<p>&nbsp;<\/p>\n<figure id=\"attachment_4761\" aria-describedby=\"caption-attachment-4761\" style=\"width: 800px\" class=\"wp-caption aligncenter\"><a href=\"http:\/\/projetocineb.com.br\/wp-content\/uploads\/2013\/05\/161.jpg\"><img decoding=\"async\" class=\"size-full wp-image-4761\" title=\"\" src=\"http:\/\/projetocineb.com.br\/wp-content\/uploads\/2013\/05\/161.jpg\" alt=\"\" width=\"800\" height=\"600\" \/><\/a><figcaption id=\"caption-attachment-4761\" class=\"wp-caption-text\">Gabriel Oliveira e o amigo Jo\u00e3o Pereira.<\/figcaption><\/figure>\n<p>Marli Am\u00e9rico, que estava com os filhos e a irm\u00e3, disse que achou muito boa a sess\u00e3o dos curtas porque &#8220;Alguns dos filmes tem a ver comigo. Aquele <em>Com os p\u00e9s na Cabe\u00e7a<\/em> me fez lembrar a minha inf\u00e2ncia&#8221;<\/p>\n<p>&nbsp;<\/p>\n<figure id=\"attachment_4762\" aria-describedby=\"caption-attachment-4762\" style=\"width: 800px\" class=\"wp-caption aligncenter\"><a href=\"http:\/\/projetocineb.com.br\/wp-content\/uploads\/2013\/05\/91.jpg\"><img loading=\"lazy\" decoding=\"async\" class=\"size-full wp-image-4762\" title=\"\" src=\"http:\/\/projetocineb.com.br\/wp-content\/uploads\/2013\/05\/91.jpg\" alt=\"\" width=\"800\" height=\"600\" \/><\/a><figcaption id=\"caption-attachment-4762\" class=\"wp-caption-text\">Marli Am\u00e9rico com os filhos e a irm\u00e3<\/figcaption><\/figure>\n<p>Tamb\u00e9m exibimos o curta <em>O Filho do Vizinho<\/em>, que recebeu o pr\u00eamio CINE B do 1\u00ba Festival de Curta-Metragem de Bras\u00edlia. E como tem sido em todas as \u00faltimas sess\u00f5es, <em>BMW Vermelha<\/em> tem sido o preferido da sess\u00e3o por ser o &#8220;mais engra\u00e7ado de todos&#8221;.<\/p>\n<figure id=\"attachment_4763\" aria-describedby=\"caption-attachment-4763\" style=\"width: 800px\" class=\"wp-caption aligncenter\"><a href=\"http:\/\/projetocineb.com.br\/wp-content\/uploads\/2013\/05\/23.jpg\"><img loading=\"lazy\" decoding=\"async\" class=\"size-full wp-image-4763\" title=\"\" src=\"http:\/\/projetocineb.com.br\/wp-content\/uploads\/2013\/05\/23.jpg\" alt=\"\" width=\"800\" height=\"532\" \/><\/a><figcaption id=\"caption-attachment-4763\" class=\"wp-caption-text\">Cena do curta O Filho do Vizinho, premiado no CINE B e um dos favoritos da noite<\/figcaption><\/figure>\n<p>Grande abra\u00e7o ao Padre L\u00e9dio Milanez, que nesta sess\u00e3o s\u00f3 pode aparecer no final, pois estava rezando uma missa, e \u00e0 coordenadora pedag\u00f3gica Dulcin\u00e9a Pastrello, que sempre nos recebe com muito carinho.<\/p>\n<p>Muito bom voltar \u00e0 \u00c1gua Branca e ao Instituto Rogacionista. Que venha mais CINE B e cinema brasileiro para a zona oeste.<\/p>\n<p>At\u00e9 a pr\u00f3xima pessoal. N\u00e3o esque\u00e7am de curtir a nossa p\u00e1gina no <a href=\"https:\/\/www.facebook.com\/cinemabrasileiro?ref=hl\">Facebook<\/a>.<\/p>\n<p>&nbsp;<\/p>\n<figure id=\"attachment_4764\" aria-describedby=\"caption-attachment-4764\" style=\"width: 800px\" class=\"wp-caption aligncenter\"><a href=\"http:\/\/projetocineb.com.br\/wp-content\/uploads\/2013\/05\/3.jpg\"><img loading=\"lazy\" decoding=\"async\" class=\"size-full wp-image-4764\" title=\"\" src=\"http:\/\/projetocineb.com.br\/wp-content\/uploads\/2013\/05\/3.jpg\" alt=\"\" width=\"800\" height=\"600\" \/><\/a><figcaption id=\"caption-attachment-4764\" class=\"wp-caption-text\">Ao final, houve sorteio de camisetas e outros brindes para o pessoal da \u00c1gua Branca.<\/figcaption><\/figure>\n<p>Outros clicks<\/p>\n<p>&nbsp;<\/p>\n<figure id=\"attachment_4765\" aria-describedby=\"caption-attachment-4765\" style=\"width: 800px\" class=\"wp-caption aligncenter\"><a href=\"http:\/\/projetocineb.com.br\/wp-content\/uploads\/2013\/05\/18.jpg\"><img loading=\"lazy\" decoding=\"async\" class=\"size-full wp-image-4765\" title=\"\" src=\"http:\/\/projetocineb.com.br\/wp-content\/uploads\/2013\/05\/18.jpg\" alt=\"\" width=\"800\" height=\"600\" \/><\/a><figcaption id=\"caption-attachment-4765\" class=\"wp-caption-text\">Pessoal acomodado antes da sess\u00e3o<\/figcaption><\/figure>\n<p>&nbsp;<\/p>\n<p>fotos\u00a0<a href=\"http:\/\/projetocineb.com.br\/wp-content\/uploads\/2013\/05\/15.jpg\"><img loading=\"lazy\" decoding=\"async\" class=\"aligncenter size-full wp-image-4766\" title=\"\" src=\"http:\/\/projetocineb.com.br\/wp-content\/uploads\/2013\/05\/15.jpg\" alt=\"\" width=\"800\" height=\"600\" \/><\/a><\/p>\n<p>&nbsp;<\/p>\n<p><a href=\"http:\/\/projetocineb.com.br\/wp-content\/uploads\/2013\/05\/19.jpg\"><img loading=\"lazy\" decoding=\"async\" class=\"aligncenter size-full wp-image-4767\" title=\"\" src=\"http:\/\/projetocineb.com.br\/wp-content\/uploads\/2013\/05\/19.jpg\" alt=\"\" width=\"800\" height=\"600\" \/><\/a><\/p>\n<p>&nbsp;<\/p>\n<figure id=\"attachment_4768\" aria-describedby=\"caption-attachment-4768\" style=\"width: 800px\" class=\"wp-caption aligncenter\"><a href=\"http:\/\/projetocineb.com.br\/wp-content\/uploads\/2013\/05\/7.jpg\"><img loading=\"lazy\" decoding=\"async\" class=\"size-full wp-image-4768\" title=\"\" src=\"http:\/\/projetocineb.com.br\/wp-content\/uploads\/2013\/05\/7.jpg\" alt=\"\" width=\"800\" height=\"600\" \/><\/a><figcaption id=\"caption-attachment-4768\" class=\"wp-caption-text\">Alguns dos sortudos que faturaram a camiseta do CINE B<\/figcaption><\/figure>\n<p>&nbsp;<\/p>\n<figure id=\"attachment_4769\" aria-describedby=\"caption-attachment-4769\" style=\"width: 800px\" class=\"wp-caption aligncenter\"><a href=\"http:\/\/projetocineb.com.br\/wp-content\/uploads\/2013\/05\/8.jpg\"><img loading=\"lazy\" decoding=\"async\" class=\"size-full wp-image-4769\" title=\"\" src=\"http:\/\/projetocineb.com.br\/wp-content\/uploads\/2013\/05\/8.jpg\" alt=\"\" width=\"800\" height=\"600\" \/><\/a><figcaption id=\"caption-attachment-4769\" class=\"wp-caption-text\">Gilson Correa aproveitou para levar a sobrinha Yazmin<\/figcaption><\/figure>\n<p>&nbsp;<\/p>\n<figure id=\"attachment_4770\" aria-describedby=\"caption-attachment-4770\" style=\"width: 800px\" class=\"wp-caption aligncenter\"><a href=\"http:\/\/projetocineb.com.br\/wp-content\/uploads\/2013\/05\/6.jpg\"><img loading=\"lazy\" decoding=\"async\" class=\"size-full wp-image-4770\" title=\"\" src=\"http:\/\/projetocineb.com.br\/wp-content\/uploads\/2013\/05\/6.jpg\" alt=\"\" width=\"800\" height=\"600\" \/><\/a><figcaption id=\"caption-attachment-4770\" class=\"wp-caption-text\">Ana Oliveira com as netas: &quot;Achei tudinho muito bonito. Eu gostei de todos os filmes&quot;<\/figcaption><\/figure>\n<p>&nbsp;<\/p>\n<figure id=\"attachment_4771\" aria-describedby=\"caption-attachment-4771\" style=\"width: 800px\" class=\"wp-caption aligncenter\"><a href=\"http:\/\/projetocineb.com.br\/wp-content\/uploads\/2013\/05\/5.jpg\"><img loading=\"lazy\" decoding=\"async\" class=\"size-full wp-image-4771\" title=\"\" src=\"http:\/\/projetocineb.com.br\/wp-content\/uploads\/2013\/05\/5.jpg\" alt=\"\" width=\"800\" height=\"600\" \/><\/a><figcaption id=\"caption-attachment-4771\" class=\"wp-caption-text\">Marinalva Gomes com o filho Gabriel<\/figcaption><\/figure>\n<figure id=\"attachment_4772\" aria-describedby=\"caption-attachment-4772\" style=\"width: 450px\" class=\"wp-caption aligncenter\"><a href=\"http:\/\/projetocineb.com.br\/wp-content\/uploads\/2013\/05\/21.jpg\"><img loading=\"lazy\" decoding=\"async\" class=\"size-full wp-image-4772\" title=\"\" src=\"http:\/\/projetocineb.com.br\/wp-content\/uploads\/2013\/05\/21.jpg\" alt=\"\" width=\"450\" height=\"600\" \/><\/a><figcaption id=\"caption-attachment-4772\" class=\"wp-caption-text\">A Diarista Luciana Silva com as filhas Ana Paula e Quiana<\/figcaption><\/figure>\n<p>&nbsp;<\/p>\n","protected":false},"excerpt":{"rendered":"<p>Por Paulo Castro E olha o CINE B voltando pela segunda vez \u00e0 comunidade da \u00c1gua Branca, zona oeste de[&#8230;]<\/p>\n","protected":false},"author":2,"featured_media":4759,"comment_status":"open","ping_status":"open","sticky":false,"template":"","format":"standard","meta":[],"categories":[2],"tags":[49,252,263,313,356,641],"_links":{"self":[{"href":"https:\/\/projetocineb.com.br\/index.php?rest_route=\/wp\/v2\/posts\/4750"}],"collection":[{"href":"https:\/\/projetocineb.com.br\/index.php?rest_route=\/wp\/v2\/posts"}],"about":[{"href":"https:\/\/projetocineb.com.br\/index.php?rest_route=\/wp\/v2\/types\/post"}],"author":[{"embeddable":true,"href":"https:\/\/projetocineb.com.br\/index.php?rest_route=\/wp\/v2\/users\/2"}],"replies":[{"embeddable":true,"href":"https:\/\/projetocineb.com.br\/index.php?rest_route=%2Fwp%2Fv2%2Fcomments&post=4750"}],"version-history":[{"count":0,"href":"https:\/\/projetocineb.com.br\/index.php?rest_route=\/wp\/v2\/posts\/4750\/revisions"}],"wp:featuredmedia":[{"embeddable":true,"href":"https:\/\/projetocineb.com.br\/index.php?rest_route=\/wp\/v2\/media\/4759"}],"wp:attachment":[{"href":"https:\/\/projetocineb.com.br\/index.php?rest_route=%2Fwp%2Fv2%2Fmedia&parent=4750"}],"wp:term":[{"taxonomy":"category","embeddable":true,"href":"https:\/\/projetocineb.com.br\/index.php?rest_route=%2Fwp%2Fv2%2Fcategories&post=4750"},{"taxonomy":"post_tag","embeddable":true,"href":"https:\/\/projetocineb.com.br\/index.php?rest_route=%2Fwp%2Fv2%2Ftags&post=4750"}],"curies":[{"name":"wp","href":"https:\/\/api.w.org\/{rel}","templated":true}]}}