{"id":4805,"date":"2013-05-08T17:49:01","date_gmt":"2013-05-08T20:49:01","guid":{"rendered":"http:\/\/projetocineb.com.br\/?p=4805"},"modified":"2013-05-08T17:49:01","modified_gmt":"2013-05-08T20:49:01","slug":"cineb-participa-de-debate-sobre-a-atual-situacao-dos-cinemas-de-rua-da-cidade","status":"publish","type":"post","link":"https:\/\/projetocineb.com.br\/?p=4805","title":{"rendered":"CINEB participa de debate sobre a atual situa\u00e7\u00e3o dos cinemas de rua da cidade"},"content":{"rendered":"<p>Como deixar um bairro mais inteligente e criativo por meio do cinema?<\/p>\n<p>E uma cidade inteira?<\/p>\n<p>Em evento realizado pelo site VilaMundo, a Brazucah Produ\u00e7\u00f5es prop\u00f5e essa discuss\u00e3o com a participa\u00e7\u00e3o de v\u00e1rios grupos e coletivos culturais da cidade.<\/p>\n<p>O\u00a0<a href=\"https:\/\/www.facebook.com\/cinemabrasileiro?ref=hl\">CINEB<\/a> marcar\u00e1 presen\u00e7a no debate, em conjunto com o N\u00facleo de Comunica\u00e7\u00e3o Alternativa (NCA), o Cine Favela, Matilha Cultural, Cine Degrau (OCA Ag\u00eancia de Criatividade), Cinescad\u00e3o, Fabcine, Cin\u00f3ia, DF5, Movimento pelo Cine Belas Artes, NUFRA, Perifacine Circuito Popular de Cinema entre outros.<\/p>\n<p>At\u00e9 25 de maio, eventos relacionados a outras linguagens aquecem o debate que culminar\u00e1 em um Grande Festival Multiartes na Vila Madalena.<\/p>\n<p>Olha ai o convite do Marco Costa, diretor da Brazucah Produ\u00e7\u00f5es para o\u00a0<a href=\"http:\/\/www.youtube.com\/watch?v=LJhDK8l2hQ4\">Evento VilaMundo<\/a> \ud83d\ude09<\/p>\n<p>Conhe\u00e7a a programa\u00e7\u00e3o completa no site do\u00a0<a href=\"http:\/\/vilamundo.org.br\/\">VilaMundo<\/a> e participe!<\/p>\n<p>O evento tamb\u00e9m est\u00e1 no <a href=\"https:\/\/www.facebook.com\/events\/257035474443142\/\">Facebook<\/a>, confirme sua presen\u00e7a e convide tamb\u00e9m os amigos.<\/p>\n<p><strong>Informa\u00e7\u00f5es:<\/strong><\/p>\n<p><strong>Mostra VilaMundo debate: A atual situa\u00e7\u00e3o dos cinemas de rua da cidade\u00a0<\/strong><\/p>\n<p><strong>Data: 08\/05\/2013<\/strong><\/p>\n<p><strong>Hor\u00e1rio: 19h30<\/strong><\/p>\n<p><strong>Local: Biblioteca Alceu Amoroso Lima<\/strong><\/p>\n<p><strong>Endere\u00e7o: Rua Henrique Schaumann 777, Pinheiros &#8211; S\u00e3o Paulo<\/strong><\/p>\n<p>&nbsp;<\/p>\n","protected":false},"excerpt":{"rendered":"<p>Como deixar um bairro mais inteligente e criativo por meio do cinema? E uma cidade inteira? Em evento realizado pelo[&#8230;]<\/p>\n","protected":false},"author":2,"featured_media":4806,"comment_status":"open","ping_status":"open","sticky":false,"template":"","format":"standard","meta":[],"categories":[5],"tags":[252,268,375,821,967,1233],"_links":{"self":[{"href":"https:\/\/projetocineb.com.br\/index.php?rest_route=\/wp\/v2\/posts\/4805"}],"collection":[{"href":"https:\/\/projetocineb.com.br\/index.php?rest_route=\/wp\/v2\/posts"}],"about":[{"href":"https:\/\/projetocineb.com.br\/index.php?rest_route=\/wp\/v2\/types\/post"}],"author":[{"embeddable":true,"href":"https:\/\/projetocineb.com.br\/index.php?rest_route=\/wp\/v2\/users\/2"}],"replies":[{"embeddable":true,"href":"https:\/\/projetocineb.com.br\/index.php?rest_route=%2Fwp%2Fv2%2Fcomments&post=4805"}],"version-history":[{"count":0,"href":"https:\/\/projetocineb.com.br\/index.php?rest_route=\/wp\/v2\/posts\/4805\/revisions"}],"wp:featuredmedia":[{"embeddable":true,"href":"https:\/\/projetocineb.com.br\/index.php?rest_route=\/wp\/v2\/media\/4806"}],"wp:attachment":[{"href":"https:\/\/projetocineb.com.br\/index.php?rest_route=%2Fwp%2Fv2%2Fmedia&parent=4805"}],"wp:term":[{"taxonomy":"category","embeddable":true,"href":"https:\/\/projetocineb.com.br\/index.php?rest_route=%2Fwp%2Fv2%2Fcategories&post=4805"},{"taxonomy":"post_tag","embeddable":true,"href":"https:\/\/projetocineb.com.br\/index.php?rest_route=%2Fwp%2Fv2%2Ftags&post=4805"}],"curies":[{"name":"wp","href":"https:\/\/api.w.org\/{rel}","templated":true}]}}