{"id":4811,"date":"2013-05-09T17:44:37","date_gmt":"2013-05-09T20:44:37","guid":{"rendered":"http:\/\/projetocineb.com.br\/?p=4811"},"modified":"2013-05-09T17:44:37","modified_gmt":"2013-05-09T20:44:37","slug":"coordenador-do-cineb-na-mostra-vila-mundo","status":"publish","type":"post","link":"https:\/\/projetocineb.com.br\/?p=4811","title":{"rendered":"Coordenador do CINEB na Mostra Vila Mundo"},"content":{"rendered":"<p><em>No \u00faltimo dia 08, o coordenador do CINEB &#8211; Cid\u00e1lio Vieira Santos &#8211; participou do debate, promovido pela Brazucah Produ\u00e7\u00f5es e pelo site <a href=\"http:\/\/vilamundo.org.br\/editoria\/mostra-vilamundo\/%20\/\">Vila Mundo<\/a>, sobre a experi\u00eancia de exibi\u00e7\u00f5es alternativas de cinema pela cidade de S\u00e3o Paulo. <\/em><\/p>\n<p>Para participar da mesa de discuss\u00e3o, foram convidados representantes de grupos e entidades que tem se destacado nesta atividade. Estiveram presentes no evento: CINE B, Rede Brazucah, Cine Favela, Movimento pelo Belas Artes, N\u00facleo de Comunica\u00e7\u00e3o Alternativa (NCA),\u00a0 Matilha Cultural,\u00a0 Cine Degrau (OCA Ag\u00eancia de Criatividade), Cinescad\u00e3o, Fabicine, Circuito Fora do Eixo, Cin\u00f3ia, DF5 , NUFRA e Perifacine Circuito Popular de Cinema.<\/p>\n<figure id=\"attachment_4813\" aria-describedby=\"caption-attachment-4813\" style=\"width: 800px\" class=\"wp-caption aligncenter\"><a href=\"http:\/\/projetocineb.com.br\/wp-content\/uploads\/2013\/05\/IMG_1291.jpg\"><img fetchpriority=\"high\" decoding=\"async\" class=\"size-full wp-image-4813\" title=\"\" src=\"http:\/\/projetocineb.com.br\/wp-content\/uploads\/2013\/05\/IMG_1291.jpg\" alt=\"\" width=\"800\" height=\"533\" \/><\/a><figcaption id=\"caption-attachment-4813\" class=\"wp-caption-text\">Representantes de grupos e entidades culturais debatem formas alternativas de exibi\u00e7\u00e3o cinematogr\u00e1fica<\/figcaption><\/figure>\n<p>Cid\u00e1lio Vieira Santos, coordenador do CINEB, destacou que o projeto \u00e9 &#8220;uma forma barata de distribui\u00e7\u00e3o e acesso ao curta-metragem brasileiro&#8221;. Ele citou a cria\u00e7\u00e3o do SELO CINEB &#8211; dvd de curtas que \u00e9 vendido a R$ 5,00. O pessoal do Cine Favela apontou que, al\u00e9m da exibi\u00e7\u00e3o de filmes, j\u00e1 realizaram a capacita\u00e7\u00e3o de 150 jovens para a produ\u00e7\u00e3o de conte\u00fado audiovisual: &#8220;Assim, acreditamos deixar uma marca cultural na comunidade, algo que fique l\u00e1 pra sempre&#8221;, disse Reginaldo de T\u00falio, presidente do Cine Favela, de Heli\u00f3polis.<\/p>\n<figure id=\"attachment_4814\" aria-describedby=\"caption-attachment-4814\" style=\"width: 800px\" class=\"wp-caption aligncenter\"><a href=\"http:\/\/projetocineb.com.br\/wp-content\/uploads\/2013\/05\/IMG_1216.jpg\"><img decoding=\"async\" class=\"size-full wp-image-4814\" title=\"\" src=\"http:\/\/projetocineb.com.br\/wp-content\/uploads\/2013\/05\/IMG_1216.jpg\" alt=\"\" width=\"800\" height=\"533\" \/><\/a><figcaption id=\"caption-attachment-4814\" class=\"wp-caption-text\">Cid\u00e1lio Vieira Santos, Coordenador do CINEB<\/figcaption><\/figure>\n<p>Al\u00e9m disso, em virtude da falta de espa\u00e7os para exibi\u00e7\u00e3o de conte\u00fados alternativos, os convidados apresentaram experi\u00eancias de proje\u00e7\u00e3o em lugares pouco comuns. Gabriel Zambon, do Circuito Fora do Eixo, Cin\u00f3ia e da DF5, falou das experi\u00eancias de proje\u00e7\u00e3o nestes lugares: &#8220;N\u00f3s j\u00e1 passamos filmes no Minhoc\u00e3o, na Cracol\u00e2ndia e embaixo de viadutos. A ideia \u00e9 reinventar o h\u00e1bito destes lugares, atingindo as pessoas que ali frequentam. &#8220;S\u00f3 realizando um trabalho deste que vemos a import\u00e2ncia que um projeto assim tem para a comunidade&#8221;, disse Douglas Santos, do Cine Degrau e da OCA.<\/p>\n<p>Daniel Fagundes, da NCA, falou da relev\u00e2ncia em se democratizar a exibi\u00e7\u00e3o: &#8220;Na verdade, o filme s\u00f3 cumpre sua fun\u00e7\u00e3o social quando completa o ciclo realiza\u00e7\u00e3o, produ\u00e7\u00e3o e exibi\u00e7\u00e3o&#8221;. Para ele, quando &#8220;a pr\u00f3pria comunidade produz conte\u00fado e pode se ver na tela, faz com que se preserve a cultura matriz daquela regi\u00e3o&#8221;.<\/p>\n<p><a href=\"http:\/\/projetocineb.com.br\/wp-content\/uploads\/2013\/05\/IMG_1231.jpg\"><img decoding=\"async\" class=\"aligncenter size-full wp-image-4815\" title=\"\" src=\"http:\/\/projetocineb.com.br\/wp-content\/uploads\/2013\/05\/IMG_1231.jpg\" alt=\"\" width=\"800\" height=\"533\" \/><\/a><\/p>\n<p>Marco Costa, s\u00f3cio-diretor da Brazucah,\u00a0 disse que o encontro &#8220;al\u00e9m de reunir grupos e projetos que tem colocado a m\u00e3o na massa no que tange \u00e0 distribui\u00e7\u00e3o e exibi\u00e7\u00e3o, conseguimos promover um interc\u00e2mbio entre todas estas experi\u00eancias&#8221;. E foi isso mesmo, pois havia projetos com mais de cinco anos de exist\u00eancia, outros ainda engatinhando, al\u00e9m de pessoas que s\u00f3 tinham vontade de come\u00e7ar. &#8220;Tenho espa\u00e7o, gente e disposi\u00e7\u00e3o para iniciar um projeto assim no meu bairro. Aqui, pude ter v\u00e1rias ideias de como come\u00e7ar&#8221;, disse D\u00e9bora Coutinho, da zona norte.<\/p>\n<figure id=\"attachment_4816\" aria-describedby=\"caption-attachment-4816\" style=\"width: 800px\" class=\"wp-caption aligncenter\"><a href=\"http:\/\/projetocineb.com.br\/wp-content\/uploads\/2013\/05\/IMG_1187.jpg\"><img loading=\"lazy\" decoding=\"async\" class=\"size-full wp-image-4816\" title=\"\" src=\"http:\/\/projetocineb.com.br\/wp-content\/uploads\/2013\/05\/IMG_1187.jpg\" alt=\"\" width=\"800\" height=\"533\" \/><\/a><figcaption id=\"caption-attachment-4816\" class=\"wp-caption-text\">Marco Costa, diretor da Brazucah Produ\u00e7\u00f5es<\/figcaption><\/figure>\n<figure id=\"attachment_4817\" aria-describedby=\"caption-attachment-4817\" style=\"width: 800px\" class=\"wp-caption aligncenter\"><a href=\"http:\/\/projetocineb.com.br\/wp-content\/uploads\/2013\/05\/IMG_1294.jpg\"><img loading=\"lazy\" decoding=\"async\" class=\"size-full wp-image-4817\" title=\"\" src=\"http:\/\/projetocineb.com.br\/wp-content\/uploads\/2013\/05\/IMG_1294.jpg\" alt=\"\" width=\"800\" height=\"533\" \/><\/a><figcaption id=\"caption-attachment-4817\" class=\"wp-caption-text\">Participantes da Mostra Vila Mundo<\/figcaption><\/figure>\n<p>&nbsp;<\/p>\n<p>Com as diversas experi\u00eancias presentes, ainda foi debatido as vantagens do apoio, ou n\u00e3o, do setor p\u00fablico \u00e0s exibi\u00e7\u00f5es. Afonso Lima, do Movimento pelo Belas Artes, apontou que &#8220;s\u00f3 com o recente interesse da secretaria municipal de cultura de S\u00e3o Paulo, o BA v\u00ea alguma esperan\u00e7a de voltar a funcionar&#8221;. J\u00e1 o Cine Favela disse estar cansado das promessas dos pol\u00edticos: &#8220;Se n\u00f3s fossemos esperar o que nos prometeram, a gente n\u00e3o tinha feito nada at\u00e9 agora&#8221;, desabafou Reginaldo.<\/p>\n<p>O debate foi bem produtivo para conhecimento das diversas atividades que ocorrem hoje na cidade, como tamb\u00e9m para sedimentar uma troca ainda maior entre os projetos e comunidades. Ao final, foi proposta a cria\u00e7\u00e3o de um grupo de email coletivo para que todos pudessem manter contato, se ajudar e a difundir as atividades que realizam.<\/p>\n<p>Por Paulo Castro<\/p>\n","protected":false},"excerpt":{"rendered":"<p>No \u00faltimo dia 08, o coordenador do CINEB &#8211; Cid\u00e1lio Vieira Santos &#8211; participou do debate, promovido pela Brazucah Produ\u00e7\u00f5es[&#8230;]<\/p>\n","protected":false},"author":2,"featured_media":4812,"comment_status":"open","ping_status":"open","sticky":false,"template":"","format":"standard","meta":[],"categories":[7],"tags":[35,242,248,804,823,826,853],"_links":{"self":[{"href":"https:\/\/projetocineb.com.br\/index.php?rest_route=\/wp\/v2\/posts\/4811"}],"collection":[{"href":"https:\/\/projetocineb.com.br\/index.php?rest_route=\/wp\/v2\/posts"}],"about":[{"href":"https:\/\/projetocineb.com.br\/index.php?rest_route=\/wp\/v2\/types\/post"}],"author":[{"embeddable":true,"href":"https:\/\/projetocineb.com.br\/index.php?rest_route=\/wp\/v2\/users\/2"}],"replies":[{"embeddable":true,"href":"https:\/\/projetocineb.com.br\/index.php?rest_route=%2Fwp%2Fv2%2Fcomments&post=4811"}],"version-history":[{"count":0,"href":"https:\/\/projetocineb.com.br\/index.php?rest_route=\/wp\/v2\/posts\/4811\/revisions"}],"wp:featuredmedia":[{"embeddable":true,"href":"https:\/\/projetocineb.com.br\/index.php?rest_route=\/wp\/v2\/media\/4812"}],"wp:attachment":[{"href":"https:\/\/projetocineb.com.br\/index.php?rest_route=%2Fwp%2Fv2%2Fmedia&parent=4811"}],"wp:term":[{"taxonomy":"category","embeddable":true,"href":"https:\/\/projetocineb.com.br\/index.php?rest_route=%2Fwp%2Fv2%2Fcategories&post=4811"},{"taxonomy":"post_tag","embeddable":true,"href":"https:\/\/projetocineb.com.br\/index.php?rest_route=%2Fwp%2Fv2%2Ftags&post=4811"}],"curies":[{"name":"wp","href":"https:\/\/api.w.org\/{rel}","templated":true}]}}