{"id":4850,"date":"2013-05-15T17:22:18","date_gmt":"2013-05-15T20:22:18","guid":{"rendered":"http:\/\/projetocineb.com.br\/?p=4850"},"modified":"2013-05-15T17:22:18","modified_gmt":"2013-05-15T20:22:18","slug":"primeira-sessao-do-cineb-nas-universidades-2013","status":"publish","type":"post","link":"https:\/\/projetocineb.com.br\/?p=4850","title":{"rendered":"Primeira sess\u00e3o do CINEB nas Universidades 2013"},"content":{"rendered":"<p>Olha o CINEB UNIVERSIDADES fazendo a sua primeira exibi\u00e7\u00e3o do ano com direito a presen\u00e7a dos diretores Beto Brant e Renato Ciasca!<\/p>\n<p>Na \u00faltima segunda-feira, dia 13, mais de 250 pessoas assistiram ao filme <em>Eu Receberia as Piores Not\u00edcias dos Seus Lindos L\u00e1bios, <\/em>que contou com duas sess\u00f5es, uma pela manh\u00e3 e outra a tarde, na FATEC BARUERI. Nesta unidade, 804 alunos frequentam os cursos nas \u00e1reas de Gest\u00e3o e Infraestrutura.<\/p>\n<p>&#8220;Desde o ano passado, j\u00e1 quer\u00edamos trazer o CINEB pra c\u00e1&#8221;, contou o diretor geral Evandro da Silva. Para ele, o cinema auxilia na proposta pedag\u00f3gica da faculdade: &#8220;Esta sess\u00e3o \u00e9 importante para a intera\u00e7\u00e3o entre os cursos, o que cumpre com o dever da FATEC de integra\u00e7\u00e3o e universaliza\u00e7\u00e3o do conhecimento. Al\u00e9m do mais, contribui na reflex\u00e3o e forma\u00e7\u00e3o cr\u00edtica dos alunos&#8221;, completa o diretor. Renata Giovanoni, professora do curso de Tecnologia em Com\u00e9rcio Exterior, acha que &#8220;o aluno poder se projetar no filme faz com que ele ligue a atividade acad\u00eamica com a vida profissional&#8221;, ponte que, segundo ela, \u00e9 uma das grandes dificuldades do curso.<\/p>\n<p>&nbsp;<\/p>\n<figure id=\"attachment_4853\" aria-describedby=\"caption-attachment-4853\" style=\"width: 800px\" class=\"wp-caption aligncenter\"><a href=\"http:\/\/projetocineb.com.br\/wp-content\/uploads\/2013\/05\/132.jpg\"><img fetchpriority=\"high\" decoding=\"async\" class=\"size-full wp-image-4853\" title=\"\" src=\"http:\/\/projetocineb.com.br\/wp-content\/uploads\/2013\/05\/132.jpg\" alt=\"\" width=\"800\" height=\"533\" \/><\/a><figcaption id=\"caption-attachment-4853\" class=\"wp-caption-text\">As professoras Carla Bootz, Regina Barbosa e Renata Giovanoni<\/figcaption><\/figure>\n<p>Ap\u00f3s a sess\u00e3o da tarde, os diretores dos sucessos <em>O Invasor <\/em>e <em>A\u00e7\u00e3o entre Amigos<\/em> foram para um bate-papo com os alunos. Brant e Ciasca iniciaram falando das dificuldades log\u00edsticas em se filmar no interior do Par\u00e1 com uma equipe de 40 profissionais: &#8220;Com a falta de infraestrutura que encontramos por l\u00e1, se houvesse uma chuva, poder\u00edamos demorar dias entre uma loca\u00e7\u00e3o e outra&#8221;, conta Brant. Ali\u00e1s, essas dificuldades chamaram bastante a aten\u00e7\u00e3o dos alunos do curso de Tecnologia em Transportes Terrestres, Ronaldo Souza e Airton Martins: &#8220;Nossa, imagino quanto planejamento voc\u00eas devem ter feito para conseguir realizar o filme. Est\u00e1 vendo, Airton, planejamento e mais planejamento!!!&#8221;, brincou Ronaldo com o amigo.<\/p>\n<p>&nbsp;<\/p>\n<figure id=\"attachment_4854\" aria-describedby=\"caption-attachment-4854\" style=\"width: 800px\" class=\"wp-caption aligncenter\"><a href=\"http:\/\/projetocineb.com.br\/wp-content\/uploads\/2013\/05\/252.jpg\"><img decoding=\"async\" class=\"size-full wp-image-4854\" title=\"\" src=\"http:\/\/projetocineb.com.br\/wp-content\/uploads\/2013\/05\/252.jpg\" alt=\"\" width=\"800\" height=\"533\" \/><\/a><figcaption id=\"caption-attachment-4854\" class=\"wp-caption-text\">Airton Martins, Renato Ciasca, Ronaldo Souza, Beto Brant e Marco Costa<\/figcaption><\/figure>\n<p>Embora o longa tenha como tema central o amor proibido entre um homem e uma mulher, a quest\u00e3o pol\u00edtico-social do filme tamb\u00e9m foi tema de curiosidade dos presentes. Beto Brant contou\u00a0 o porqu\u00ea optou por alterar o pano de fundo da hist\u00f3ria: &#8220;No texto original, Mar\u00e7al Aquino trata da quest\u00e3o do garimpo. Por\u00e9m, quando n\u00f3s fomos pra l\u00e1 pesquisar, percebemos que atualmente a quest\u00e3o do tr\u00e1fico de madeira \u00e9 muito mais impactante para aquelas pessoas. Tratamos de um assunto que mexe com muitos poderosos at\u00e9 hoje&#8221;.<\/p>\n<figure id=\"attachment_4855\" aria-describedby=\"caption-attachment-4855\" style=\"width: 400px\" class=\"wp-caption aligncenter\"><a href=\"http:\/\/projetocineb.com.br\/wp-content\/uploads\/2013\/05\/191.jpg\"><img decoding=\"async\" class=\"size-full wp-image-4855\" title=\"\" src=\"http:\/\/projetocineb.com.br\/wp-content\/uploads\/2013\/05\/191.jpg\" alt=\"\" width=\"400\" height=\"600\" \/><\/a><figcaption id=\"caption-attachment-4855\" class=\"wp-caption-text\">O diretor Beto Brant em debate ap\u00f3s o filme<\/figcaption><\/figure>\n<p>As estudantes do curso de Tecnologia em Com\u00e9rcio Exterior, Mar\u00edlia Moura e Kelen Cerqueira, s\u00e3o respons\u00e1veis pelo Cine Fatec de l\u00e1 e estavam animadas com a nossa presen\u00e7a: &#8220;Achei excelente poder ter os diretores aqui debatendo com a gente, pois isto diminui a dist\u00e2ncia entre a gente que v\u00ea e eles que produzem&#8221;, disse a jovem Kelen, de 18 anos. &#8220;No Cine Fatec tamb\u00e9m trazemos algu\u00e9m para debater conosco o tema do filme, assim acreditamos que nos ajuda a formar uma an\u00e1lise cr\u00edtica sobre as coisas&#8221;, completa Mar\u00edlia.<\/p>\n<p>&nbsp;<\/p>\n<figure id=\"attachment_4856\" aria-describedby=\"caption-attachment-4856\" style=\"width: 400px\" class=\"wp-caption aligncenter\"><a href=\"http:\/\/projetocineb.com.br\/wp-content\/uploads\/2013\/05\/27.jpg\"><img loading=\"lazy\" decoding=\"async\" class=\"size-full wp-image-4856\" title=\"\" src=\"http:\/\/projetocineb.com.br\/wp-content\/uploads\/2013\/05\/27.jpg\" alt=\"\" width=\"400\" height=\"600\" \/><\/a><figcaption id=\"caption-attachment-4856\" class=\"wp-caption-text\">As estudantes Mar\u00edlia Moura e Kelen Cerqueira s\u00e3o respons\u00e1veis pelo Cine Fatec<\/figcaption><\/figure>\n<p>Renato Ciasca tamb\u00e9m gostou bastante da sess\u00e3o na FATEC: &#8220;Geralmente, quando vamos em faculdades falar do filme, sempre somos questionados sobre aspectos da est\u00e9tica ou t\u00e9cnica de realiza\u00e7\u00e3o do filme. Aqui, as curiosidades foram mais sobre log\u00edstica de produ\u00e7\u00e3o e teor pol\u00edtico. \u00c9 muito bom poder diversificar o p\u00fablico do nosso filme&#8221;, contou animado.<\/p>\n<p>&nbsp;<\/p>\n<figure id=\"attachment_4857\" aria-describedby=\"caption-attachment-4857\" style=\"width: 800px\" class=\"wp-caption aligncenter\"><a href=\"http:\/\/projetocineb.com.br\/wp-content\/uploads\/2013\/05\/231.jpg\"><img loading=\"lazy\" decoding=\"async\" class=\"size-full wp-image-4857\" title=\"\" src=\"http:\/\/projetocineb.com.br\/wp-content\/uploads\/2013\/05\/231.jpg\" alt=\"\" width=\"800\" height=\"533\" \/><\/a><figcaption id=\"caption-attachment-4857\" class=\"wp-caption-text\">Diretores debatem filme ap\u00f3s a sess\u00e3o<\/figcaption><\/figure>\n<p>Muito bacana mesmo realizar esta primeira sess\u00e3o na FATEC BARUERI. E o CINEB UNIVERSIDADES n\u00e3o p\u00e1ra n\u00e3o: nosso pr\u00f3ximo encontro ser\u00e1 na ter\u00e7a-feira, 21, no CINUSP.<\/p>\n<p>Confira mais detalhes na nossa <a href=\"http:\/\/projetocineb.com.br\/?page_id=464\">PROGRAMA\u00c7\u00c3O<\/a>.<\/p>\n<p>Por Paulo Castro<\/p>\n<p>&nbsp;<\/p>\n<figure id=\"attachment_4858\" aria-describedby=\"caption-attachment-4858\" style=\"width: 800px\" class=\"wp-caption aligncenter\"><a href=\"http:\/\/projetocineb.com.br\/wp-content\/uploads\/2013\/05\/110.jpg\"><img loading=\"lazy\" decoding=\"async\" class=\"size-full wp-image-4858\" title=\"\" src=\"http:\/\/projetocineb.com.br\/wp-content\/uploads\/2013\/05\/110.jpg\" alt=\"\" width=\"800\" height=\"600\" \/><\/a><figcaption id=\"caption-attachment-4858\" class=\"wp-caption-text\">Alunos chegam para a sess\u00e3o da manh\u00e3<\/figcaption><\/figure>\n<p>&nbsp;<\/p>\n<figure id=\"attachment_4859\" aria-describedby=\"caption-attachment-4859\" style=\"width: 800px\" class=\"wp-caption aligncenter\"><a href=\"http:\/\/projetocineb.com.br\/wp-content\/uploads\/2013\/05\/41.jpg\"><img loading=\"lazy\" decoding=\"async\" class=\"size-full wp-image-4859\" title=\"\" src=\"http:\/\/projetocineb.com.br\/wp-content\/uploads\/2013\/05\/41.jpg\" alt=\"\" width=\"800\" height=\"600\" \/><\/a><figcaption id=\"caption-attachment-4859\" class=\"wp-caption-text\">Olha a pipoca do Seu Ant\u00f4nio fazendo sucesso<\/figcaption><\/figure>\n<p>&nbsp;<\/p>\n<figure id=\"attachment_4860\" aria-describedby=\"caption-attachment-4860\" style=\"width: 800px\" class=\"wp-caption aligncenter\"><a href=\"http:\/\/projetocineb.com.br\/wp-content\/uploads\/2013\/05\/93.jpg\"><img loading=\"lazy\" decoding=\"async\" class=\"size-full wp-image-4860\" title=\"\" src=\"http:\/\/projetocineb.com.br\/wp-content\/uploads\/2013\/05\/93.jpg\" alt=\"\" width=\"800\" height=\"600\" \/><\/a><figcaption id=\"caption-attachment-4860\" class=\"wp-caption-text\">Todos sentados para o in\u00edcio da sess\u00e3o da manh\u00e3<\/figcaption><\/figure>\n<figure id=\"attachment_4861\" aria-describedby=\"caption-attachment-4861\" style=\"width: 800px\" class=\"wp-caption aligncenter\"><a href=\"http:\/\/projetocineb.com.br\/wp-content\/uploads\/2013\/05\/101.jpg\"><img loading=\"lazy\" decoding=\"async\" class=\"size-full wp-image-4861\" title=\"\" src=\"http:\/\/projetocineb.com.br\/wp-content\/uploads\/2013\/05\/101.jpg\" alt=\"\" width=\"800\" height=\"600\" \/><\/a><figcaption id=\"caption-attachment-4861\" class=\"wp-caption-text\">Sortudos que faturaram brindes ap\u00f3s a sess\u00e3o<\/figcaption><\/figure>\n<figure id=\"attachment_4862\" aria-describedby=\"caption-attachment-4862\" style=\"width: 800px\" class=\"wp-caption aligncenter\"><a href=\"http:\/\/projetocineb.com.br\/wp-content\/uploads\/2013\/05\/124.jpg\"><img loading=\"lazy\" decoding=\"async\" class=\"size-full wp-image-4862\" title=\"\" src=\"http:\/\/projetocineb.com.br\/wp-content\/uploads\/2013\/05\/124.jpg\" alt=\"\" width=\"800\" height=\"533\" \/><\/a><figcaption id=\"caption-attachment-4862\" class=\"wp-caption-text\">Pessoal faz fila para pegar a pipoca e entrar na sess\u00e3o da tarde.<\/figcaption><\/figure>\n<figure id=\"attachment_4863\" aria-describedby=\"caption-attachment-4863\" style=\"width: 800px\" class=\"wp-caption aligncenter\"><a href=\"http:\/\/projetocineb.com.br\/wp-content\/uploads\/2013\/05\/141.jpg\"><img loading=\"lazy\" decoding=\"async\" class=\"size-full wp-image-4863\" title=\"\" src=\"http:\/\/projetocineb.com.br\/wp-content\/uploads\/2013\/05\/141.jpg\" alt=\"\" width=\"800\" height=\"533\" \/><\/a><figcaption id=\"caption-attachment-4863\" class=\"wp-caption-text\">Audit\u00f3rio cheio na sess\u00e3o da tarde<\/figcaption><\/figure>\n<figure id=\"attachment_4864\" aria-describedby=\"caption-attachment-4864\" style=\"width: 800px\" class=\"wp-caption aligncenter\"><a href=\"http:\/\/projetocineb.com.br\/wp-content\/uploads\/2013\/05\/173.jpg\"><img loading=\"lazy\" decoding=\"async\" class=\"size-full wp-image-4864\" title=\"\" src=\"http:\/\/projetocineb.com.br\/wp-content\/uploads\/2013\/05\/173.jpg\" alt=\"\" width=\"800\" height=\"533\" \/><\/a><figcaption id=\"caption-attachment-4864\" class=\"wp-caption-text\">Audit\u00f3rio cheio na sess\u00e3o da tarde<\/figcaption><\/figure>\n<figure id=\"attachment_4865\" aria-describedby=\"caption-attachment-4865\" style=\"width: 800px\" class=\"wp-caption aligncenter\"><a href=\"http:\/\/projetocineb.com.br\/wp-content\/uploads\/2013\/05\/181.jpg\"><img loading=\"lazy\" decoding=\"async\" class=\"size-full wp-image-4865\" title=\"\" src=\"http:\/\/projetocineb.com.br\/wp-content\/uploads\/2013\/05\/181.jpg\" alt=\"\" width=\"800\" height=\"533\" \/><\/a><figcaption id=\"caption-attachment-4865\" class=\"wp-caption-text\">Os alunos Lucas Novaes, Iara Tavares e Adna Duarte: &quot;Bem diferente passar este filme aqui. Gostei&quot;, disse Lucas<\/figcaption><\/figure>\n<p>&nbsp;<\/p>\n<figure id=\"attachment_4866\" aria-describedby=\"caption-attachment-4866\" style=\"width: 800px\" class=\"wp-caption aligncenter\"><a href=\"http:\/\/projetocineb.com.br\/wp-content\/uploads\/2013\/05\/224.jpg\"><img loading=\"lazy\" decoding=\"async\" class=\"size-full wp-image-4866\" title=\"\" src=\"http:\/\/projetocineb.com.br\/wp-content\/uploads\/2013\/05\/224.jpg\" alt=\"\" width=\"800\" height=\"533\" \/><\/a><figcaption id=\"caption-attachment-4866\" class=\"wp-caption-text\">Diretores debatem filme ap\u00f3s a sess\u00e3o<\/figcaption><\/figure>\n<figure id=\"attachment_4867\" aria-describedby=\"caption-attachment-4867\" style=\"width: 400px\" class=\"wp-caption aligncenter\"><a href=\"http:\/\/projetocineb.com.br\/wp-content\/uploads\/2013\/05\/241.jpg\"><img loading=\"lazy\" decoding=\"async\" class=\"size-full wp-image-4867\" title=\"\" src=\"http:\/\/projetocineb.com.br\/wp-content\/uploads\/2013\/05\/241.jpg\" alt=\"\" width=\"400\" height=\"600\" \/><\/a><figcaption id=\"caption-attachment-4867\" class=\"wp-caption-text\">Renato Ciasca e Beto Brant<\/figcaption><\/figure>\n<p>&nbsp;<\/p>\n<figure id=\"attachment_4868\" aria-describedby=\"caption-attachment-4868\" style=\"width: 800px\" class=\"wp-caption aligncenter\"><a href=\"http:\/\/projetocineb.com.br\/wp-content\/uploads\/2013\/05\/26.jpg\"><img loading=\"lazy\" decoding=\"async\" class=\"size-full wp-image-4868\" title=\"\" src=\"http:\/\/projetocineb.com.br\/wp-content\/uploads\/2013\/05\/26.jpg\" alt=\"\" width=\"800\" height=\"533\" \/><\/a><figcaption id=\"caption-attachment-4868\" class=\"wp-caption-text\">A professora Carla Bootz curtiu a sess\u00e3o com seus alunos<\/figcaption><\/figure>\n<p>&nbsp;<\/p>\n<p>&nbsp;<\/p>\n","protected":false},"excerpt":{"rendered":"<p>Olha o CINEB UNIVERSIDADES fazendo a sua primeira exibi\u00e7\u00e3o do ano com direito a presen\u00e7a dos diretores Beto Brant e[&#8230;]<\/p>\n","protected":false},"author":2,"featured_media":4851,"comment_status":"open","ping_status":"open","sticky":false,"template":"","format":"standard","meta":[],"categories":[2],"tags":[61,136,258,497,516,1052],"_links":{"self":[{"href":"https:\/\/projetocineb.com.br\/index.php?rest_route=\/wp\/v2\/posts\/4850"}],"collection":[{"href":"https:\/\/projetocineb.com.br\/index.php?rest_route=\/wp\/v2\/posts"}],"about":[{"href":"https:\/\/projetocineb.com.br\/index.php?rest_route=\/wp\/v2\/types\/post"}],"author":[{"embeddable":true,"href":"https:\/\/projetocineb.com.br\/index.php?rest_route=\/wp\/v2\/users\/2"}],"replies":[{"embeddable":true,"href":"https:\/\/projetocineb.com.br\/index.php?rest_route=%2Fwp%2Fv2%2Fcomments&post=4850"}],"version-history":[{"count":0,"href":"https:\/\/projetocineb.com.br\/index.php?rest_route=\/wp\/v2\/posts\/4850\/revisions"}],"wp:featuredmedia":[{"embeddable":true,"href":"https:\/\/projetocineb.com.br\/index.php?rest_route=\/wp\/v2\/media\/4851"}],"wp:attachment":[{"href":"https:\/\/projetocineb.com.br\/index.php?rest_route=%2Fwp%2Fv2%2Fmedia&parent=4850"}],"wp:term":[{"taxonomy":"category","embeddable":true,"href":"https:\/\/projetocineb.com.br\/index.php?rest_route=%2Fwp%2Fv2%2Fcategories&post=4850"},{"taxonomy":"post_tag","embeddable":true,"href":"https:\/\/projetocineb.com.br\/index.php?rest_route=%2Fwp%2Fv2%2Ftags&post=4850"}],"curies":[{"name":"wp","href":"https:\/\/api.w.org\/{rel}","templated":true}]}}