{"id":511,"date":"2010-03-28T02:17:14","date_gmt":"2010-03-28T05:17:14","guid":{"rendered":"http:\/\/projetocineb.com.br\/?p=511"},"modified":"2010-03-28T02:17:14","modified_gmt":"2010-03-28T05:17:14","slug":"cine-b-na-programacao-do-aniversario-de-embu-guacu","status":"publish","type":"post","link":"https:\/\/projetocineb.com.br\/?p=511","title":{"rendered":"CINE B NA PROGRAMA\u00c7\u00c3O DO ANIVERS\u00c1RIO DE EMBU-GUA\u00c7U"},"content":{"rendered":"<p><em>Fotos de Vivian\u00a0<span style=\"font-style: normal;\">Szelpal<\/span><\/em><\/p>\n<p>Embu-Gua\u00e7u est\u00e1 em festa! No dia <span style=\"color: #ff6600;\">25 de mar\u00e7o<\/span>, a <span style=\"color: #ff6600;\">cidade comemora 45 anos de emancipa\u00e7\u00e3o<\/span> pol\u00edtica administrativa, conquistada em 1965.<\/p>\n<p>O <span style=\"color: #ff6600;\">Cine B est\u00e1 na agenda de festividades<\/span> em comemora\u00e7\u00e3o do anivers\u00e1rio, e hoje a comunidade p\u00f4de conferir ao engra\u00e7ado <em><span style=\"color: #ff6600;\">Eu tu eles<\/span><\/em><span style=\"color: #ff6600;\">, de Andrucha Waddington\u00a0e <\/span><em><span style=\"color: #ff6600;\">Intervozes \u2013 Levante a sua voz<\/span><\/em><span style=\"color: #ff6600;\">, de Pedro Ekman<\/span>. <a href=\"http:\/\/www.vimeo.com\/7459748\" target=\"_blank\">Clique aqui para assistir ao curta documental<\/a>.<\/p>\n<p>Na abertura da sess\u00e3o, <span style=\"color: #ff6600;\">Luiz Cl\u00e1udio Marcolino, presidente do Sindicato dos Banc\u00e1rios Osasco e Regi\u00e3o agradeceu a receptividade da cidade <\/span>de Embu-Gua\u00e7u e ressaltou que est\u00e1 j\u00e1 \u00e9 a terceira vez do Cine B na cidade. \u201cPara n\u00f3s, do Sindicato, o Cine B \u00e9 um dos nossos projetos mais importantes, pois vai al\u00e9m do local de trabalho, propiciando cultura para toda a popula\u00e7\u00e3o\u201d, disse Luiz Cl\u00e1udio, que acrescentou as <span style=\"color: #ff6600;\">diversas vit\u00f3rias da categoria, que valem \u00e0 partir de 2010, como os seis meses de licen\u00e7a maternidade e a participa\u00e7\u00e3o nos lucros (PLR)<\/span>.<\/p>\n<figure id=\"attachment_512\" aria-describedby=\"caption-attachment-512\" style=\"width: 370px\" class=\"wp-caption aligncenter\"><a href=\"http:\/\/projetocineb.com.br\/wp-content\/uploads\/2010\/03\/DSC_0031WEB.jpg\"><img fetchpriority=\"high\" decoding=\"async\" class=\"size-full wp-image-512\" title=\"Luiz Cl\u00e1udio Marcolino, presidente do Sindicato dos Banc\u00e1rio de S\u00e3o Paulo, Osasco e Regi\u00e3o, na abertura do evento\" src=\"http:\/\/projetocineb.com.br\/wp-content\/uploads\/2010\/03\/DSC_0031WEB.jpg\" alt=\"\" width=\"370\" height=\"260\" \/><\/a><figcaption id=\"caption-attachment-512\" class=\"wp-caption-text\">Luiz Cl\u00e1udio Marcolino, presidente do Sindicato dos Banc\u00e1rio de S\u00e3o Paulo, Osasco e Regi\u00e3o, na abertura do evento<\/figcaption><\/figure>\n<p>O prefeito Clodoaldo, que veio acompanhado pelo secret\u00e1rio de \u00a0administra\u00e7\u00e3o e \u00a0finan\u00e7as, \u00a0Adaucto Dorigan, disse que tem sido muito importante para a prefeitura de Embu-Gua\u00e7u a intera\u00e7\u00e3o com o Sindicato dos Banc\u00e1rios. <span style=\"color: #ff6600;\">\u201cAgrade\u00e7o ao Luiz Cl\u00e1udio, pela terceira vinda deste projeto para nossa cidade. Ainda n\u00e3o temos um cinema por aqui, mas cada vez mais estamos nos fortalecendo culturalmente\u201d, disse o prefeito de Embu-Gua\u00e7u<\/span>, que parabenizou toda a equipe da Secretaria de Cultura da cidade, encabe\u00e7ada pelo <span style=\"color: #ff6600;\">Padre Jean como secret\u00e1rio de cultura<\/span>.<\/p>\n<figure id=\"attachment_513\" aria-describedby=\"caption-attachment-513\" style=\"width: 384px\" class=\"wp-caption aligncenter\"><a href=\"http:\/\/projetocineb.com.br\/wp-content\/uploads\/2010\/03\/DSC_0020_WEB.jpg\"><img decoding=\"async\" class=\"size-full wp-image-513\" title=\"O prefeito de Embu-Gua\u00e7u, Clodoaldo, entre Cid\u00e1lio e Luiz Cl\u00e1udio, na abertura do evento\" src=\"http:\/\/projetocineb.com.br\/wp-content\/uploads\/2010\/03\/DSC_0020_WEB.jpg\" alt=\"\" width=\"384\" height=\"222\" \/><\/a><figcaption id=\"caption-attachment-513\" class=\"wp-caption-text\">O prefeito de Embu-Gua\u00e7u, Clodoaldo, entre Cid\u00e1lio e Luiz Cl\u00e1udio, na abertura do evento<\/figcaption><\/figure>\n<p>Na abertura, tamb\u00e9m <span style=\"color: #808000;\"><span style=\"color: #000000;\">estavam<\/span> <\/span>presentes Zilda Martins Almeida, diretora de cultura de Embu-Gua\u00e7u e Jos\u00e9 Raimundo, presidente da c\u00e2mara local.<\/p>\n<h2><span style=\"color: #008000;\">O P\u00daBLICO<\/span><\/h2>\n<figure id=\"attachment_514\" aria-describedby=\"caption-attachment-514\" style=\"width: 384px\" class=\"wp-caption aligncenter\"><a href=\"http:\/\/projetocineb.com.br\/wp-content\/uploads\/2010\/03\/DSC_0047WEB.jpg\"><img decoding=\"async\" class=\"size-full wp-image-514\" title=\"Maria Filomena dos Santos Rocumback, Aurora Mendes Domingues Andrade,  Marlene Gomes de Oliveira, Cl\u00e1udia Oliveira Milandi e Tamara Barbosa, que hoje pela primeira vez foram ao cinema, atrav\u00e9s do Cine B\" src=\"http:\/\/projetocineb.com.br\/wp-content\/uploads\/2010\/03\/DSC_0047WEB.jpg\" alt=\"\" width=\"384\" height=\"179\" \/><\/a><figcaption id=\"caption-attachment-514\" class=\"wp-caption-text\">Maria Filomena dos Santos Rocumback, Aurora Mendes Domingues Andrade,  Marlene Gomes de Oliveira, Cl\u00e1udia Oliveira Milandi e Tamara Barbosa, que hoje pela primeira vez foram ao cinema, atrav\u00e9s do Cine B<\/figcaption><\/figure>\n<figure id=\"attachment_516\" aria-describedby=\"caption-attachment-516\" style=\"width: 384px\" class=\"wp-caption aligncenter\"><a href=\"http:\/\/projetocineb.com.br\/wp-content\/uploads\/2010\/03\/DSC_0014_WEB.jpg\"><img loading=\"lazy\" decoding=\"async\" class=\"size-full wp-image-516\" title=\"Cl\u00e1udio Francisco, acompanhou sua m\u00e3e, dona Severina Neves nesta exibi\u00e7\u00e3o. \u201cFiquei sabendo do Cine B pela coordenadora da feira de artesanato aqui da pra\u00e7a. Como meu marido n\u00e3o quis vir, trouxe meu filho\u201d, disse a artes\u00e3o Severina\" src=\"http:\/\/projetocineb.com.br\/wp-content\/uploads\/2010\/03\/DSC_0014_WEB.jpg\" alt=\"\" width=\"384\" height=\"291\" \/><\/a><figcaption id=\"caption-attachment-516\" class=\"wp-caption-text\">Cl\u00e1udio Francisco, acompanhou sua m\u00e3e, dona Severina Neves nesta exibi\u00e7\u00e3o. \u201cFiquei sabendo do Cine B pela coordenadora da feira de artesanato aqui da pra\u00e7a. Como meu marido n\u00e3o quis vir, trouxe meu filho\u201d, disse a artes\u00e3o Severina<\/figcaption><\/figure>\n<h2><span style=\"color: #008000;\">CINEMA NA UNIVERSIDADE<\/span><\/h2>\n<p>Mario Antonio Batista Alves e sua esposa \u00c9rica Vaz Domingues Alves s\u00e3o <span style=\"color: #ff6600;\">professores da primeira universidade de Embu-Gua\u00e7u<\/span>, a Uniararas, fundada em 2003. Mario elogiou a iniciativa do Sindicato dos Banc\u00e1rios de S\u00e3o Paulo, Osasco e Regi\u00e3o, que em parceria com a Brazucah Produ\u00e7\u00f5es leva o cinema brasileiro para todos os cantos da Grande S\u00e3o Paulo. <span style=\"color: #ff6600;\">\u201c\u00c9 a inclus\u00e3o de todas as comunidade, oferecendo acesso a cultura. Para Embu isso \u00e9 muito importante, porque ainda \u00e9 uma comunidade muito carente de cultura\u201d, disse o professor<\/span>.<\/p>\n<p><span style=\"color: #ff6600;\">\u00c9rica Vaz disse que o cinema nacional faz parte da educa\u00e7\u00e3o acad\u00eamica<\/span>, at\u00e9 de \u00e1reas inusitadas como pedagogia. \u201cAmanh\u00e3 trabalharemos esse filme em sala, por isso chamei os alunos. Trabalharemos diversas quest\u00f5es, como a concep\u00e7\u00e3o de vida do nordeste e a diversidade cultural existente em nosso Pa\u00eds\u201d, disse a professora.<\/p>\n<figure id=\"attachment_515\" aria-describedby=\"caption-attachment-515\" style=\"width: 389px\" class=\"wp-caption aligncenter\"><a href=\"http:\/\/projetocineb.com.br\/wp-content\/uploads\/2010\/03\/DSC_0035WEB.jpg\"><img loading=\"lazy\" decoding=\"async\" class=\"size-full wp-image-515\" title=\"Professores da Uniararas, Mario Antonio Batista e \u00c9rica Vaz\" src=\"http:\/\/projetocineb.com.br\/wp-content\/uploads\/2010\/03\/DSC_0035WEB.jpg\" alt=\"\" width=\"389\" height=\"259\" \/><\/a><figcaption id=\"caption-attachment-515\" class=\"wp-caption-text\">Professores da Uniararas, Mario Antonio Batista e \u00c9rica Vaz<\/figcaption><\/figure>\n<h2><span style=\"color: #008000;\">CLICKS<\/span><\/h2>\n<figure id=\"attachment_517\" aria-describedby=\"caption-attachment-517\" style=\"width: 405px\" class=\"wp-caption aligncenter\"><a href=\"http:\/\/projetocineb.com.br\/wp-content\/uploads\/2010\/03\/DSC_0003WEB.jpg\"><img loading=\"lazy\" decoding=\"async\" class=\"size-full wp-image-517\" title=\"C\u00e9lia Aparecida Vieira Alves trouxe seu neto, Wesley Marques Vieira Alves, de 11 anos, para pegar uns filminhos no Cine B, realizado pelo Sindicato dos Banc\u00e1rios e Brazucah Produ\u00e7\u00f5es\" src=\"http:\/\/projetocineb.com.br\/wp-content\/uploads\/2010\/03\/DSC_0003WEB.jpg\" alt=\"\" width=\"405\" height=\"317\" \/><\/a><figcaption id=\"caption-attachment-517\" class=\"wp-caption-text\">C\u00e9lia Aparecida Vieira Alves trouxe seu neto, Wesley Marques Vieira Alves, de 11 anos, para pegar uns filminhos no Cine B, realizado pelo Sindicato dos Banc\u00e1rios e Brazucah Produ\u00e7\u00f5es<\/figcaption><\/figure>\n<figure id=\"attachment_518\" aria-describedby=\"caption-attachment-518\" style=\"width: 384px\" class=\"wp-caption aligncenter\"><a href=\"http:\/\/projetocineb.com.br\/wp-content\/uploads\/2010\/03\/DSC_0002_WEB.jpg\"><img loading=\"lazy\" decoding=\"async\" class=\"size-full wp-image-518\" title=\"200 pessoas na sess\u00e3o em Embu-Gua\u00e7u\" src=\"http:\/\/projetocineb.com.br\/wp-content\/uploads\/2010\/03\/DSC_0002_WEB.jpg\" alt=\"\" width=\"384\" height=\"209\" \/><\/a><figcaption id=\"caption-attachment-518\" class=\"wp-caption-text\">200 pessoas na sess\u00e3o em Embu-Gua\u00e7u<\/figcaption><\/figure>\n<figure id=\"attachment_519\" aria-describedby=\"caption-attachment-519\" style=\"width: 384px\" class=\"wp-caption aligncenter\"><a href=\"http:\/\/projetocineb.com.br\/wp-content\/uploads\/2010\/03\/DSC_0006WEB.jpg\"><img loading=\"lazy\" decoding=\"async\" class=\"size-full wp-image-519\" title=\"Este Centro Cultural \u00e9 o tem movimentado a comunidade local com muita arte, atrav\u00e9s de eventos como o Cine B\" src=\"http:\/\/projetocineb.com.br\/wp-content\/uploads\/2010\/03\/DSC_0006WEB.jpg\" alt=\"\" width=\"384\" height=\"182\" \/><\/a><figcaption id=\"caption-attachment-519\" class=\"wp-caption-text\">Este Centro Cultural \u00e9 o tem movimentado a comunidade local com muita arte, atrav\u00e9s de eventos como o Cine B<\/figcaption><\/figure>\n<figure id=\"attachment_520\" aria-describedby=\"caption-attachment-520\" style=\"width: 384px\" class=\"wp-caption aligncenter\"><a href=\"http:\/\/projetocineb.com.br\/wp-content\/uploads\/2010\/03\/DSC_0030_WEB.jpg\"><img loading=\"lazy\" decoding=\"async\" class=\"size-full wp-image-520\" title=\"Vit\u00f3ria das mulheres que agora tem direito a seis meses de licen\u00e7a maternidade, direito conquistado pelo Sindicato dos Banc\u00e1rios de S\u00e3o Paulo, Osasco e Regi\u00e3o, na presid\u00eancia de Luiz Cl\u00e1ucio Marcolino\" src=\"http:\/\/projetocineb.com.br\/wp-content\/uploads\/2010\/03\/DSC_0030_WEB.jpg\" alt=\"\" width=\"384\" height=\"374\" \/><\/a><figcaption id=\"caption-attachment-520\" class=\"wp-caption-text\">Vit\u00f3ria das mulheres que agora tem direito a seis meses de licen\u00e7a maternidade, direito conquistado pelo Sindicato dos Banc\u00e1rios de S\u00e3o Paulo, Osasco e Regi\u00e3o, na presid\u00eancia de Luiz Cl\u00e1ucio Marcolino<\/figcaption><\/figure>\n<figure id=\"attachment_521\" aria-describedby=\"caption-attachment-521\" style=\"width: 403px\" class=\"wp-caption aligncenter\"><a href=\"http:\/\/projetocineb.com.br\/wp-content\/uploads\/2010\/03\/DSC_0049WEB.jpg\"><img loading=\"lazy\" decoding=\"async\" class=\"size-full wp-image-521\" title=\"Os sortudos da noite, que ganharam uma camiseta do Cine B, no sorteio desta noite\" src=\"http:\/\/projetocineb.com.br\/wp-content\/uploads\/2010\/03\/DSC_0049WEB.jpg\" alt=\"\" width=\"403\" height=\"224\" \/><\/a><figcaption id=\"caption-attachment-521\" class=\"wp-caption-text\">Os sortudos da noite, que ganharam uma camiseta do Cine B, no sorteio desta noite<\/figcaption><\/figure>\n","protected":false},"excerpt":{"rendered":"<p>Fotos de Vivian\u00a0Szelpal Embu-Gua\u00e7u est\u00e1 em festa! No dia 25 de mar\u00e7o, a cidade comemora 45 anos de emancipa\u00e7\u00e3o pol\u00edtica[&#8230;]<\/p>\n","protected":false},"author":2,"featured_media":0,"comment_status":"open","ping_status":"open","sticky":false,"template":"","format":"standard","meta":[],"categories":[2],"tags":[78,83,252,263,453,498,644,760,957,1132],"_links":{"self":[{"href":"https:\/\/projetocineb.com.br\/index.php?rest_route=\/wp\/v2\/posts\/511"}],"collection":[{"href":"https:\/\/projetocineb.com.br\/index.php?rest_route=\/wp\/v2\/posts"}],"about":[{"href":"https:\/\/projetocineb.com.br\/index.php?rest_route=\/wp\/v2\/types\/post"}],"author":[{"embeddable":true,"href":"https:\/\/projetocineb.com.br\/index.php?rest_route=\/wp\/v2\/users\/2"}],"replies":[{"embeddable":true,"href":"https:\/\/projetocineb.com.br\/index.php?rest_route=%2Fwp%2Fv2%2Fcomments&post=511"}],"version-history":[{"count":0,"href":"https:\/\/projetocineb.com.br\/index.php?rest_route=\/wp\/v2\/posts\/511\/revisions"}],"wp:attachment":[{"href":"https:\/\/projetocineb.com.br\/index.php?rest_route=%2Fwp%2Fv2%2Fmedia&parent=511"}],"wp:term":[{"taxonomy":"category","embeddable":true,"href":"https:\/\/projetocineb.com.br\/index.php?rest_route=%2Fwp%2Fv2%2Fcategories&post=511"},{"taxonomy":"post_tag","embeddable":true,"href":"https:\/\/projetocineb.com.br\/index.php?rest_route=%2Fwp%2Fv2%2Ftags&post=511"}],"curies":[{"name":"wp","href":"https:\/\/api.w.org\/{rel}","templated":true}]}}