{"id":534,"date":"2010-03-28T04:09:40","date_gmt":"2010-03-28T07:09:40","guid":{"rendered":"http:\/\/projetocineb.com.br\/?p=534"},"modified":"2010-03-28T04:09:40","modified_gmt":"2010-03-28T07:09:40","slug":"vila-rica","status":"publish","type":"post","link":"https:\/\/projetocineb.com.br\/?p=534","title":{"rendered":"VILA RICA"},"content":{"rendered":"<p><em>Fotos de Vivian\u00a0Szelpal<\/em><\/p>\n<p>Sensacional sess\u00e3o do Cine B em Vila Rica! <span style=\"color: #ff6600;\">200 pessoas<\/span> lotaram completamente o espa\u00e7o. Teve <span style=\"color: #ff6600;\">atividade especial para as crian\u00e7as<\/span>, enquanto os filmes eram exibidos para os mais crescidinhos. Esta sess\u00e3o do Cine B, realizada pelo Sindicato dos Banc\u00e1rios de S\u00e3o Paulo, Osasco e Regi\u00e3o e Brazucah Produ\u00e7\u00f5es, foi realizada na <span style=\"color: #ff6600;\">Associa\u00e7\u00e3o Amigos de Vila Rica<\/span>, na zona leste de S\u00e3o Paulo.<\/p>\n<p>Gra\u00e7as ao <span style=\"color: #ff6600;\">esfor\u00e7o de pessoas como Bia Moreno e o senhor Gentil Jos\u00e9 Ribas<\/span>, a comunidade de Vila Rica hoje desfruta de certa qualidade de vida. Gentil, o atual presidente da Associa\u00e7\u00e3o, disse ter ingressado na institui\u00e7\u00e3o em 1964, para cooperar com a evolu\u00e7\u00e3o da comunidade. Um ano depois se tornou presidente da Associa\u00e7\u00e3o e at\u00e9 hoje ocupa este mesmo cargo. \u201cNingu\u00e9m queria entrar no meu lugar, gostam de mim porque sempre resolvo tudo\u201d, disse Gentil.<\/p>\n<figure id=\"attachment_535\" aria-describedby=\"caption-attachment-535\" style=\"width: 384px\" class=\"wp-caption aligncenter\"><a href=\"http:\/\/projetocineb.com.br\/wp-content\/uploads\/2010\/03\/DSC_0047WEB5.jpg\"><img fetchpriority=\"high\" decoding=\"async\" class=\"size-full wp-image-535  \" title=\"Senhor Gentil, na abertura deste Cine B\" src=\"http:\/\/projetocineb.com.br\/wp-content\/uploads\/2010\/03\/DSC_0047WEB5.jpg\" alt=\"\" width=\"384\" height=\"347\" \/><\/a><figcaption id=\"caption-attachment-535\" class=\"wp-caption-text\">Senhor Gentil, na abertura deste Cine B<\/figcaption><\/figure>\n<p><span style=\"color: #ff6600;\">\u201cEle foi o grande respons\u00e1vel por hoje termos todas estas ruas asfaltadas. Ele era incans\u00e1vel, sempre no p\u00e9 dos pol\u00edticos, para conseguir melhoras aqui na regi\u00e3o\u201d, disse Bia Moreno<\/span>, que assumir\u00e1 no in\u00edcio do pr\u00f3ximo m\u00eas, seu mandato como presidente da Associa\u00e7\u00e3o Amigos de Vila Rica.<\/p>\n<p><span style=\"color: #ff6600;\">\u201cQuando entrei aqui n\u00e3o tinha nenhum associado. Hoje temos 514 pessoas que colaboram. O bairro n\u00e3o tinha esgoto, \u00e1gua encanada, luz. Fiz de tudo por nossa comunidade, ficava atr\u00e1s dos vereadores tr\u00eas vezes por semana, porque muitos n\u00e3o faziam pelo governo da \u00e9poca ser de oposi\u00e7\u00e3o, coisas assim.\u201d, disse Gentil<\/span>.<\/p>\n<figure id=\"attachment_536\" aria-describedby=\"caption-attachment-536\" style=\"width: 384px\" class=\"wp-caption aligncenter\"><a href=\"http:\/\/projetocineb.com.br\/wp-content\/uploads\/2010\/03\/DSC_0049WEB2.jpg\"><img decoding=\"async\" class=\"size-full wp-image-536  \" title=\"Bia Moreno, presidente da Associa\u00e7\u00e3o\" src=\"http:\/\/projetocineb.com.br\/wp-content\/uploads\/2010\/03\/DSC_0049WEB2.jpg\" alt=\"Bia Moreno, presidente da Associa\u00e7\u00e3o\" width=\"384\" height=\"502\" \/><\/a><figcaption id=\"caption-attachment-536\" class=\"wp-caption-text\">Bia Moreno, presidente da Associa\u00e7\u00e3o<\/figcaption><\/figure>\n<p>Bia Moreno j\u00e1 fez bastante pela Associa\u00e7\u00e3o. Realizou cursos de culin\u00e1ria, no qual um deles ensinava como reaproveitar partes dos alimentos que geralmente descartamos. Tamb\u00e9m \u00e9 dela a id\u00e9ia de reservar um espa\u00e7o com monitores para cuidar das crian\u00e7as em eventos mais direcionados para o p\u00fablico adulto.<span style=\"color: #ff6600;\"> \u201cH\u00e1 4 anos nem conhecia isso aqui. Um dia passei na frente e conheci o seu Gentil, que me convidou para participar\u201d, disse Bia<\/span>, que promove festas para todas as idades na sede. Dessa forma, ela arrecada dinheiro que \u00e9 reinvestido para a institui\u00e7\u00e3o.<\/p>\n<figure id=\"attachment_537\" aria-describedby=\"caption-attachment-537\" style=\"width: 384px\" class=\"wp-caption aligncenter\"><a href=\"http:\/\/projetocineb.com.br\/wp-content\/uploads\/2010\/03\/DSC_0037WEB.jpg\"><img decoding=\"async\" class=\"size-full wp-image-537  \" title=\"Bia Moreno e senhor Gentil\" src=\"http:\/\/projetocineb.com.br\/wp-content\/uploads\/2010\/03\/DSC_0037WEB.jpg\" alt=\"Bia Moreno e senhor Gentil\" width=\"384\" height=\"344\" \/><\/a><figcaption id=\"caption-attachment-537\" class=\"wp-caption-text\">Bia Moreno e senhor Gentil<\/figcaption><\/figure>\n<p>\u201cFa\u00e7o festa grandes, com seguran\u00e7a na porta e tudo mais. Hoje queremos oficializar nossa Associa\u00e7\u00e3o com o CNPJ e quero retomar as aulas de capoeira e criar um grupo de teatro\u201d, disse Bia. Entretanto, segundo ela, ainda a comunidade precisa melhorar muito na \u00e1rea de sa\u00fade, principalmente com os jovens, que tem tido filhos precocemente.<\/p>\n<p>A Associa\u00e7\u00e3o Amigos de Vila Rica atualmente cede seu espa\u00e7o para que o Programa M\u00e9dico da Fam\u00edlia, do Governo Federal, possa oferecer outras atividades que n\u00e3o cabem no espa\u00e7o do Posto de Sa\u00fade local. <span style=\"color: #ff6600;\">\u201cSess\u00f5es de fisioterapia e gin\u00e1stica\u201d<\/span>, disse Bia Moreno.<\/p>\n<h2><span style=\"color: #008000;\">CLICKS<\/span><\/h2>\n<figure id=\"attachment_538\" aria-describedby=\"caption-attachment-538\" style=\"width: 384px\" class=\"wp-caption aligncenter\"><a href=\"http:\/\/projetocineb.com.br\/wp-content\/uploads\/2010\/03\/DSC_0075WEB.jpg\"><img loading=\"lazy\" decoding=\"async\" class=\"size-full wp-image-538  \" title=\"Estrearam numa sala de cinema e ganharam um ingresso para assistir ao filme Hist\u00f3rias de amor duram 90 minutos, Nivaldo Correa dos Santos e Maria Luiza de Queiroz, que foi acompanhada de sua filha Vitoria Queiroz de Menezes. \u201cFoi minha filha que avisou que hoje ia ter cinema de gra\u00e7a no bairro\u201d, disse Maria\" src=\"http:\/\/projetocineb.com.br\/wp-content\/uploads\/2010\/03\/DSC_0075WEB.jpg\" alt=\"Estrearam numa sala de cinema e ganharam um ingresso para assistir ao filme Hist\u00f3rias de amor duram 90 minutos, Nivaldo Correa dos Santos e Maria Luiza de Queiroz, que foi acompanhada de sua filha Vitoria Queiroz de Menezes. \u201cFoi minha filha que avisou que hoje ia ter cinema de gra\u00e7a no bairro\u201d, disse Maria\" width=\"384\" height=\"409\" \/><\/a><figcaption id=\"caption-attachment-538\" class=\"wp-caption-text\">Estrearam numa sala de cinema e ganharam um ingresso para assistir ao filme Hist\u00f3rias de amor duram 90 minutos, Nivaldo Correa dos Santos e Maria Luiza de Queiroz, que foi acompanhada de sua filha Vitoria Queiroz de Menezes. \u201cFoi minha filha que avisou que hoje ia ter cinema de gra\u00e7a no bairro\u201d, disse Maria<\/figcaption><\/figure>\n<figure id=\"attachment_539\" aria-describedby=\"caption-attachment-539\" style=\"width: 384px\" class=\"wp-caption aligncenter\"><a href=\"http:\/\/projetocineb.com.br\/wp-content\/uploads\/2010\/03\/DSC_0073_WEB.jpg\"><img loading=\"lazy\" decoding=\"async\" class=\"size-full wp-image-539  \" title=\"Nilvaldo Correa dos Santos, morador do Jardim Colorado, nunca tinha assistido um filme no cinema\" src=\"http:\/\/projetocineb.com.br\/wp-content\/uploads\/2010\/03\/DSC_0073_WEB.jpg\" alt=\"Nilvaldo Correa dos Santos, morador do Jardim Colorado, nunca tinha assistido um filme no cinema\" width=\"384\" height=\"405\" \/><\/a><figcaption id=\"caption-attachment-539\" class=\"wp-caption-text\">Nilvaldo Correa dos Santos, morador do Jardim Colorado, nunca tinha assistido um filme no cinema<\/figcaption><\/figure>\n<figure id=\"attachment_540\" aria-describedby=\"caption-attachment-540\" style=\"width: 384px\" class=\"wp-caption aligncenter\"><a href=\"http:\/\/projetocineb.com.br\/wp-content\/uploads\/2010\/03\/DSC_0072WEB.jpg\"><img loading=\"lazy\" decoding=\"async\" class=\"size-full wp-image-540  \" title=\"Ot\u00e1vio Rodrigues da Silva, de 13 anos e sua irm\u00e3, B\u00e1rbara Rodrigues da Silva de 14, acompanhados de sua m\u00e3e Elaine Rodrigues Bezerra, que riu muito com a hist\u00f3ria de Eu tu eles\" src=\"http:\/\/projetocineb.com.br\/wp-content\/uploads\/2010\/03\/DSC_0072WEB.jpg\" alt=\"Ot\u00e1vio Rodrigues da Silva, de 13 anos e sua irm\u00e3, B\u00e1rbara Rodrigues da Silva de 14, acompanhados de sua m\u00e3e Elaine Rodrigues Bezerra, que riu muito com a hist\u00f3ria de Eu tu eles\" width=\"384\" height=\"256\" \/><\/a><figcaption id=\"caption-attachment-540\" class=\"wp-caption-text\">Ot\u00e1vio Rodrigues da Silva, de 13 anos e sua irm\u00e3, B\u00e1rbara Rodrigues da Silva de 14, acompanhados de sua m\u00e3e Elaine Rodrigues Bezerra, que riu muito com a hist\u00f3ria de Eu tu eles<\/figcaption><\/figure>\n<p>.<\/p>\n<figure id=\"attachment_541\" aria-describedby=\"caption-attachment-541\" style=\"width: 384px\" class=\"wp-caption aligncenter\"><a href=\"http:\/\/projetocineb.com.br\/wp-content\/uploads\/2010\/03\/DSC_0064WEB.jpg\"><img loading=\"lazy\" decoding=\"async\" class=\"size-full wp-image-541  \" title=\"Enquanto os adultos riem do engra\u00e7ado tri\u00e2ngulo amoroso nordestino de Eu tu eles, as crian\u00e7as brincam sem parar\" src=\"http:\/\/projetocineb.com.br\/wp-content\/uploads\/2010\/03\/DSC_0064WEB.jpg\" alt=\"Enquanto os adultos riem do engra\u00e7ado tri\u00e2ngulo amoroso nordestino de Eu tu eles, as crian\u00e7as brincam sem parar\" width=\"384\" height=\"234\" \/><\/a><figcaption id=\"caption-attachment-541\" class=\"wp-caption-text\">Enquanto os adultos riem do engra\u00e7ado tri\u00e2ngulo amoroso nordestino de Eu tu eles, as crian\u00e7as brincam sem parar<\/figcaption><\/figure>\n<figure id=\"attachment_542\" aria-describedby=\"caption-attachment-542\" style=\"width: 384px\" class=\"wp-caption aligncenter\"><a href=\"http:\/\/projetocineb.com.br\/wp-content\/uploads\/2010\/03\/DSC_0020WEB.jpg\"><img loading=\"lazy\" decoding=\"async\" class=\"size-full wp-image-542  \" title=\"Iolanda Briones, que ressaltou muito ressaltou a import\u00e2ncia da cultura brasileira receber aten\u00e7\u00e3o dos brasileiros\" src=\"http:\/\/projetocineb.com.br\/wp-content\/uploads\/2010\/03\/DSC_0020WEB.jpg\" alt=\"Iolanda Briones, que ressaltou muito ressaltou a import\u00e2ncia da cultura brasileira receber aten\u00e7\u00e3o dos brasileiros\" width=\"384\" height=\"328\" \/><\/a><figcaption id=\"caption-attachment-542\" class=\"wp-caption-text\">Iolanda Briones, que muito ressaltou a import\u00e2ncia da cultura brasileira receber aten\u00e7\u00e3o dos brasileiros<\/figcaption><\/figure>\n<figure id=\"attachment_543\" aria-describedby=\"caption-attachment-543\" style=\"width: 384px\" class=\"wp-caption aligncenter\"><a href=\"http:\/\/projetocineb.com.br\/wp-content\/uploads\/2010\/03\/DSC_0061WEB.jpg\"><img loading=\"lazy\" decoding=\"async\" class=\"size-full wp-image-543  \" title=\"Bia Moreno fez quest\u00e3o de distribuir saquinhos com pequenas lembrancinhas para que as crian\u00e7as se divertissem ainda mais\" src=\"http:\/\/projetocineb.com.br\/wp-content\/uploads\/2010\/03\/DSC_0061WEB.jpg\" alt=\"Bia Moreno fez quest\u00e3o de distribuir saquinhos com pequenas lembrancinhas para que as crian\u00e7as se divertissem ainda mais\" width=\"384\" height=\"422\" \/><\/a><figcaption id=\"caption-attachment-543\" class=\"wp-caption-text\">Bia Moreno fez quest\u00e3o de distribuir saquinhos com pequenas lembrancinhas para que as crian\u00e7as se divertissem ainda mais<\/figcaption><\/figure>\n<figure id=\"attachment_544\" aria-describedby=\"caption-attachment-544\" style=\"width: 384px\" class=\"wp-caption aligncenter\"><a href=\"http:\/\/projetocineb.com.br\/wp-content\/uploads\/2010\/03\/DSC_0053WEB.jpg\"><img loading=\"lazy\" decoding=\"async\" class=\"size-full wp-image-544  \" title=\"Fernando Branco Rodrigues, de 2 anos, que foi acompanhado de sua m\u00e3e, Alessandra Branco Alves, que pediu para que tir\u00e1ssemos uma foto do menininho\" src=\"http:\/\/projetocineb.com.br\/wp-content\/uploads\/2010\/03\/DSC_0053WEB.jpg\" alt=\"Fernando Branco Rodrigues, de 2 anos, que foi acompanhado de sua m\u00e3e, Alessandra Branco Alves, que pediu para que tir\u00e1ssemos uma foto do menininho\" width=\"384\" height=\"336\" \/><\/a><figcaption id=\"caption-attachment-544\" class=\"wp-caption-text\">Fernando Branco Rodrigues, de 2 anos, que foi acompanhado de sua m\u00e3e, Alessandra Branco Alves, que pediu para que tir\u00e1ssemos uma foto do menininho<\/figcaption><\/figure>\n<figure id=\"attachment_545\" aria-describedby=\"caption-attachment-545\" style=\"width: 384px\" class=\"wp-caption aligncenter\"><a href=\"http:\/\/projetocineb.com.br\/wp-content\/uploads\/2010\/03\/DSC_0071WEB.jpg\"><img loading=\"lazy\" decoding=\"async\" class=\"size-full wp-image-545  \" title=\"Seu Ant\u00f4nio j\u00e1 regozija de prest\u00edgio internacional depois de ter sua foto e hist\u00f3ria publicada na revista Movie, de mar\u00e7o. Aqui ele aparece ocupado, atendendo uma liga\u00e7\u00e3o atr\u00e1s da outra... gente chique \u00e9 outra coisa\" src=\"http:\/\/projetocineb.com.br\/wp-content\/uploads\/2010\/03\/DSC_0071WEB.jpg\" alt=\"Seu Ant\u00f4nio j\u00e1 regozija de prest\u00edgio internacional depois de ter sua foto e hist\u00f3ria publicada na revista Movie, de mar\u00e7o. Aqui ele aparece ocupado, atendendo uma liga\u00e7\u00e3o atr\u00e1s da outra... gente chique \u00e9 outra coisa\" width=\"384\" height=\"351\" \/><\/a><figcaption id=\"caption-attachment-545\" class=\"wp-caption-text\">Seu Ant\u00f4nio j\u00e1 regozija de prest\u00edgio internacional depois de ter sua foto e hist\u00f3ria publicada na revista Movie, de mar\u00e7o. Aqui ele aparece ocupado, atendendo uma liga\u00e7\u00e3o atr\u00e1s da outra... gente chique \u00e9 outra coisa<\/figcaption><\/figure>\n<figure id=\"attachment_551\" aria-describedby=\"caption-attachment-551\" style=\"width: 384px\" class=\"wp-caption aligncenter\"><a href=\"http:\/\/projetocineb.com.br\/wp-content\/uploads\/2010\/03\/DSC_0035WEB1.jpg\"><img loading=\"lazy\" decoding=\"async\" class=\"size-full wp-image-551  \" title=\"Cid\u00e1lio mostra a revista Movie de mar\u00e7o de 2010, que tem uma mat\u00e9ria de duas p\u00e1ginas sobre o Cine B\" src=\"http:\/\/projetocineb.com.br\/wp-content\/uploads\/2010\/03\/DSC_0035WEB1.jpg\" alt=\"Cid\u00e1lio mostra a revista Movie de mar\u00e7o de 2010, que tem uma mat\u00e9ria de duas p\u00e1ginas sobre o Cine B\" width=\"384\" height=\"326\" \/><\/a><figcaption id=\"caption-attachment-551\" class=\"wp-caption-text\">Cid\u00e1lio mostra a revista Movie de mar\u00e7o de 2010, que tem uma mat\u00e9ria de duas p\u00e1ginas sobre o Cine B<\/figcaption><\/figure>\n<figure id=\"attachment_546\" aria-describedby=\"caption-attachment-546\" style=\"width: 384px\" class=\"wp-caption aligncenter\"><a href=\"http:\/\/projetocineb.com.br\/wp-content\/uploads\/2010\/03\/DSC_0043WEB.jpg\"><img loading=\"lazy\" decoding=\"async\" class=\"size-full wp-image-546  \" title=\"Guiomar Aparecida do Nascimento, com seus filhos Mel Aparecida do Nascimento Martins Ferreira, de 7 anos e Giovani Luiz do Nascimento Martins Ferreira, de 4\" src=\"http:\/\/projetocineb.com.br\/wp-content\/uploads\/2010\/03\/DSC_0043WEB.jpg\" alt=\"Guiomar Aparecida do Nascimento, com seus filhos Mel Aparecida do Nascimento Martins Ferreira, de 7 anos e Giovani Luiz do Nascimento Martins Ferreira, de 4\" width=\"384\" height=\"228\" \/><\/a><figcaption id=\"caption-attachment-546\" class=\"wp-caption-text\">Guiomar Aparecida do Nascimento, com seus filhos Mel Aparecida do Nascimento Martins Ferreira, de 7 anos e Giovani Luiz do Nascimento Martins Ferreira, de 4<\/figcaption><\/figure>\n<figure id=\"attachment_547\" aria-describedby=\"caption-attachment-547\" style=\"width: 384px\" class=\"wp-caption aligncenter\"><a href=\"http:\/\/projetocineb.com.br\/wp-content\/uploads\/2010\/03\/DSC_0051WEB.jpg\"><img loading=\"lazy\" decoding=\"async\" class=\"size-full wp-image-547  \" title=\"Alderito Pedro da Silva, vice-presidente da Associa\u00e7\u00e3o, Alberto Moreno Barbosa do Sindicato dos Banc\u00e1rios de S\u00e3o Paulo, Osasco e Regi\u00e3o, Bia Moreno, Cid\u00e1lio Vieira Santos da Brazucah Produ\u00e7\u00f5es, senhor Gentil, e as professoras Sandra e Adriana, da Escola Roquete Pinto\" src=\"http:\/\/projetocineb.com.br\/wp-content\/uploads\/2010\/03\/DSC_0051WEB.jpg\" alt=\"Alderito Pedro da Silva, vice-presidente da Associa\u00e7\u00e3o, Alberto Moreno Barbosa do Sindicato dos Banc\u00e1rios de S\u00e3o Paulo, Osasco e Regi\u00e3o, Bia Moreno, Cid\u00e1lio Vieira Santos da Brazucah Produ\u00e7\u00f5es, senhor Gentil, e as professoras Sandra e Adriana, da Escola Roquete Pinto\" width=\"384\" height=\"247\" \/><\/a><figcaption id=\"caption-attachment-547\" class=\"wp-caption-text\">Alderito Pedro da Silva, vice-presidente da Associa\u00e7\u00e3o, Alberto Moreno Barbosa do Sindicato dos Banc\u00e1rios de S\u00e3o Paulo, Osasco e Regi\u00e3o, Bia Moreno, Cid\u00e1lio Vieira Santos da Brazucah Produ\u00e7\u00f5es, senhor Gentil, e as professoras Sandra e Adriana, da Escola Roquete Pinto<\/figcaption><\/figure>\n<figure id=\"attachment_548\" aria-describedby=\"caption-attachment-548\" style=\"width: 384px\" class=\"wp-caption aligncenter\"><a href=\"http:\/\/projetocineb.com.br\/wp-content\/uploads\/2010\/03\/DSC_0083WEB.jpg\"><img loading=\"lazy\" decoding=\"async\" class=\"size-full wp-image-548  \" title=\"Leonilda Gagliardo, que ficou sabendo desta sess\u00e3o com as cartinhas enviadas pelo Cid\u00e1lio. Ela \u00e9 tia da chacrete Suely Gagliardo. \u201cVou avis\u00e1-la da pr\u00e9-estr\u00e9ia do filme sobre a Rita Cadillac\u201d, disse a simp\u00e1tica senhora\" src=\"http:\/\/projetocineb.com.br\/wp-content\/uploads\/2010\/03\/DSC_0083WEB.jpg\" alt=\"Leonilda Gagliardo, que ficou sabendo desta sess\u00e3o com as cartinhas enviadas pelo Cid\u00e1lio. Ela \u00e9 tia da chacrete Suely Gagliardo. \u201cVou avis\u00e1-la da pr\u00e9-estr\u00e9ia do filme sobre a Rita Cadillac\u201d, disse a simp\u00e1tica senhora\" width=\"384\" height=\"302\" \/><\/a><figcaption id=\"caption-attachment-548\" class=\"wp-caption-text\">Leonilda Gagliardo, que ficou sabendo desta sess\u00e3o com as cartinhas enviadas pelo Cid\u00e1lio. Ela \u00e9 tia da chacrete Suely Gagliardo. \u201cVou avis\u00e1-la da pr\u00e9-estr\u00e9ia do filme sobre a Rita Cadillac\u201d, disse a simp\u00e1tica senhora<\/figcaption><\/figure>\n<figure id=\"attachment_549\" aria-describedby=\"caption-attachment-549\" style=\"width: 384px\" class=\"wp-caption aligncenter\"><a href=\"http:\/\/projetocineb.com.br\/wp-content\/uploads\/2010\/03\/DSC_0078WEB.jpg\"><img loading=\"lazy\" decoding=\"async\" class=\"size-full wp-image-549  \" title=\"Os sortudos da noite, que levaram para casa camisetas do Cine B e bolsas da campanha pela extens\u00e3o de 6 meses da licen\u00e7a maternidade, conquistada gra\u00e7as \u00e0 luta do Sindicato dos Banc\u00e1rios de S\u00e3o Paulo, Osasco e Regi\u00e3o\" src=\"http:\/\/projetocineb.com.br\/wp-content\/uploads\/2010\/03\/DSC_0078WEB.jpg\" alt=\"Os sortudos da noite, que levaram para casa camisetas do Cine B e bolsas da campanha pela extens\u00e3o de 6 meses da licen\u00e7a maternidade, conquistada gra\u00e7as \u00e0 luta do Sindicato dos Banc\u00e1rios de S\u00e3o Paulo, Osasco e Regi\u00e3o\" width=\"384\" height=\"215\" \/><\/a><figcaption id=\"caption-attachment-549\" class=\"wp-caption-text\">Os sortudos da noite, que levaram para casa camisetas do Cine B e bolsas da campanha pela extens\u00e3o de 6 meses da licen\u00e7a maternidade, conquistada gra\u00e7as \u00e0 luta do Sindicato dos Banc\u00e1rios de S\u00e3o Paulo, Osasco e Regi\u00e3o<\/figcaption><\/figure>\n<figure id=\"attachment_550\" aria-describedby=\"caption-attachment-550\" style=\"width: 384px\" class=\"wp-caption aligncenter\"><a href=\"http:\/\/projetocineb.com.br\/wp-content\/uploads\/2010\/03\/DSC_0007_WEB.jpg\"><img loading=\"lazy\" decoding=\"async\" class=\"size-full wp-image-550  \" title=\"Cartaz com filmes j\u00e1 exibidos pelo Cine B\" src=\"http:\/\/projetocineb.com.br\/wp-content\/uploads\/2010\/03\/DSC_0007_WEB.jpg\" alt=\"Cartaz com filmes j\u00e1 exibidos pelo Cine B\" width=\"384\" height=\"238\" \/><\/a><figcaption id=\"caption-attachment-550\" class=\"wp-caption-text\">Cartaz com filmes j\u00e1 exibidos pelo Cine B<\/figcaption><\/figure>\n<figure id=\"attachment_552\" aria-describedby=\"caption-attachment-552\" style=\"width: 384px\" class=\"wp-caption aligncenter\"><a href=\"http:\/\/projetocineb.com.br\/wp-content\/uploads\/2010\/03\/DSC_0001WEB.jpg\"><img loading=\"lazy\" decoding=\"async\" class=\"size-full wp-image-552  \" title=\"O espa\u00e7o antes de come\u00e7ar o evento\" src=\"http:\/\/projetocineb.com.br\/wp-content\/uploads\/2010\/03\/DSC_0001WEB.jpg\" alt=\"O espa\u00e7o antes de come\u00e7ar o evento\" width=\"384\" height=\"255\" \/><\/a><figcaption id=\"caption-attachment-552\" class=\"wp-caption-text\">O espa\u00e7o antes de come\u00e7ar o evento<\/figcaption><\/figure>\n<figure id=\"attachment_553\" aria-describedby=\"caption-attachment-553\" style=\"width: 384px\" class=\"wp-caption aligncenter\"><a href=\"http:\/\/projetocineb.com.br\/wp-content\/uploads\/2010\/03\/DSC_0023WEB.jpg\"><img loading=\"lazy\" decoding=\"async\" class=\"size-full wp-image-553  \" title=\"Estava ou n\u00e3o cheio?\" src=\"http:\/\/projetocineb.com.br\/wp-content\/uploads\/2010\/03\/DSC_0023WEB.jpg\" alt=\"Estava ou n\u00e3o cheio?\" width=\"384\" height=\"224\" \/><\/a><figcaption id=\"caption-attachment-553\" class=\"wp-caption-text\">E d\u00e1-lhe nosso p\u00fablico!<\/figcaption><\/figure>\n","protected":false},"excerpt":{"rendered":"<p>Fotos de Vivian\u00a0Szelpal Sensacional sess\u00e3o do Cine B em Vila Rica! 200 pessoas lotaram completamente o espa\u00e7o. Teve atividade especial[&#8230;]<\/p>\n","protected":false},"author":2,"featured_media":0,"comment_status":"open","ping_status":"open","sticky":false,"template":"","format":"standard","meta":[],"categories":[2,4],"tags":[154,242,263,266,1132,1229,1247],"_links":{"self":[{"href":"https:\/\/projetocineb.com.br\/index.php?rest_route=\/wp\/v2\/posts\/534"}],"collection":[{"href":"https:\/\/projetocineb.com.br\/index.php?rest_route=\/wp\/v2\/posts"}],"about":[{"href":"https:\/\/projetocineb.com.br\/index.php?rest_route=\/wp\/v2\/types\/post"}],"author":[{"embeddable":true,"href":"https:\/\/projetocineb.com.br\/index.php?rest_route=\/wp\/v2\/users\/2"}],"replies":[{"embeddable":true,"href":"https:\/\/projetocineb.com.br\/index.php?rest_route=%2Fwp%2Fv2%2Fcomments&post=534"}],"version-history":[{"count":0,"href":"https:\/\/projetocineb.com.br\/index.php?rest_route=\/wp\/v2\/posts\/534\/revisions"}],"wp:attachment":[{"href":"https:\/\/projetocineb.com.br\/index.php?rest_route=%2Fwp%2Fv2%2Fmedia&parent=534"}],"wp:term":[{"taxonomy":"category","embeddable":true,"href":"https:\/\/projetocineb.com.br\/index.php?rest_route=%2Fwp%2Fv2%2Fcategories&post=534"},{"taxonomy":"post_tag","embeddable":true,"href":"https:\/\/projetocineb.com.br\/index.php?rest_route=%2Fwp%2Fv2%2Ftags&post=534"}],"curies":[{"name":"wp","href":"https:\/\/api.w.org\/{rel}","templated":true}]}}