{"id":560,"date":"2010-03-30T23:11:49","date_gmt":"2010-03-31T02:11:49","guid":{"rendered":"http:\/\/projetocineb.com.br\/?p=560"},"modified":"2010-03-30T23:11:49","modified_gmt":"2010-03-31T02:11:49","slug":"jardim-ideal","status":"publish","type":"post","link":"https:\/\/projetocineb.com.br\/?p=560","title":{"rendered":"JARDIM IDEAL"},"content":{"rendered":"<p><em>Fotos de Vivian Szepal<\/em><\/p>\n<p><span style=\"color: #ff6600;\">Ot\u00e1vio Flor\u00eancio da Silva<\/span>, nasceu e foi criado no interior de Pernambuco. H\u00e1 22 anos vive em S\u00e3o Paulo, no Jardim Ideal, onde foi realizada a sess\u00e3o de hoje do Cine B. Ele nunca tinha ido ao cinema. <span style=\"color: #ff6600;\">\u201cNunca tinha ido at\u00e9 hoje, n\u00e9\u201d<\/span>, disse Ot\u00e1vio.<\/p>\n<p>Ele conta que gostou da experi\u00eancia, principalmente por ter assistido <em>Eu tu eles<\/em>, de Andrucha Waddington. <span style=\"color: #ff6600;\">\u201cA minha hist\u00f3ria est\u00e1 a\u00ed. O filme mostra direitinho como \u00e9 a vida no sert\u00e3o brabo, a mesma coisa que eles passam no filme eu passei. Aquela sequid\u00e3o, andava s\u00f3 de jumentinho e nossa casa era dessas de barro\u201d, disse Ot\u00e1vio<\/span>, que confessa ainda sentir saudades da terra onde nasceu.<\/p>\n<figure id=\"attachment_562\" aria-describedby=\"caption-attachment-562\" style=\"width: 384px\" class=\"wp-caption aligncenter\"><a href=\"http:\/\/projetocineb.com.br\/wp-content\/uploads\/2010\/03\/ideal01web.jpg\"><img fetchpriority=\"high\" decoding=\"async\" class=\"size-full wp-image-562\" title=\"Francisco Umberto Proludio, vice-presidente da Associa\u00e7\u00e3o e que n\u00e3o vai ia ao cinema &quot;h\u00e1 muito tempo&quot;, entre Lucia Dulce Diesel e Ot\u00e1vio Florencio da Silva, que nunca tinham ido ao cinema\" src=\"http:\/\/projetocineb.com.br\/wp-content\/uploads\/2010\/03\/ideal01web.jpg\" alt=\"\" width=\"384\" height=\"496\" \/><\/a><figcaption id=\"caption-attachment-562\" class=\"wp-caption-text\">Francisco Umberto Proludio, vice-presidente da Associa\u00e7\u00e3o e que n\u00e3o vai ia ao cinema &quot;h\u00e1 muito tempo&quot;, entre Lucia Dulce Diesel e Ot\u00e1vio Florencio da Silva, que nunca tinham ido ao cinema<\/figcaption><\/figure>\n<p style=\"text-align: center;\">\n<p>\u201cAs pessoas como eu tem tradi\u00e7\u00e3o em gostar de l\u00e1, de sempre ficar lembrando com saudade. Mas aqui est\u00e1 melhor pra gente. Mesmo com as dificuldades que existem, morar em S\u00e3o Paulo ainda \u00e9 mais confort\u00e1vel\u201d, disse Ot\u00e1vio.<\/p>\n<p><span style=\"color: #ff6600;\">E voc\u00ea? Sente saudade de sua terra de origem? <\/span>Onde voc\u00ea nasceu?<\/p>\n<p><span style=\"color: #ff6600;\">Conte-nos sua hist\u00f3ria!<\/span><\/p>\n<h2><span style=\"color: #008000;\">15 MIL EMPREGOS<\/span><\/h2>\n<p>Na abertura do Cine B de hoje, Luiz Cl\u00e1udio Marcolino, idealizador do Projeto e presidente do Sindicato dos Banc\u00e1rios de S\u00e3o Paulo, Osasco e Regi\u00e3o, disse estar muito feliz em exibir pela primeira vez, filmes brasileiros, na regi\u00e3o do Jardim Ideal. Ressaltou que al\u00e9m do Cine B, o Sindicato tem conquistado muitos outros benef\u00edcios aos trabalhadores e oferecido outras iniciativas de lazer, esporte e cultura. <span style=\"color: #ff6600;\">\u201cUma de nossas grande vit\u00f3rias foi conseguir o aumento de 15 mil empregos no Banco do Brasil, o que vai diminuir o tempo que os clientes passam nas filas e ajuda os banc\u00e1rios sobrecarregados de trabalhos\u201d, disse Luiz Cl\u00e1udio<\/span>. Para saber mais sobre o trabalho do <span style=\"color: #ff6600;\">Sindicato dos Banc\u00e1rios<\/span>, acesse <a href=\"http:\/\/www.spbancarios.com.br\/\">www.spbancarios.com.br<\/a>.<\/p>\n<h2><span style=\"color: #008000;\">ACEITAM-SE LIVROS<\/span><\/h2>\n<p>Antes da sess\u00e3o, peguei uma carona com o presidente da Associa\u00e7\u00e3o Amigos do Jardim Ideal, Francisco Chagas Ferreira, l\u00e1 no terminal Graja\u00fa, zona sul de S\u00e3o Paulo. No caminho viemos conversando sobre a comunidade. E quando chegamos na regi\u00e3o, Francisco confessou seu orgulho em ser um dos maiores respons\u00e1veis por estarmos entrando numa comunidade de ruas asfaltadas e postes de ilumina\u00e7\u00e3o.<\/p>\n<p>Segundo a assessora de Ricardo Berzoini (Deputado Federal pelo PT, ex-presidente do Sindicato dos Banc\u00e1rios), Concei\u00e7\u00e3o Lima, a regi\u00e3o do <span style=\"color: #ff6600;\">Graja\u00fa abriga 400 mil habitantes<\/span>. E o Jardim Ideal \u00e9 respons\u00e1vel por aproximadamente 2 mil pessoas, se calcularmos uma m\u00e9dia de tr\u00eas a quatro moradores em cada um dos 500 lotes existentes. Desde 1992, o Jardim Ideal foi fundado. Os loteamentos foram vendidos e cinco anos depois, foi criada a Associa\u00e7\u00e3o Amigos do Jardim Ideal, pelo Francisco e outros moradores. \u201cEu comprei o terreno e em mutir\u00e3o fizemos boas funda\u00e7\u00f5es e erguemos nossa sede, que ainda \u00e9 pequena, mas temos planos de aumentar o espa\u00e7o, construindo novos andares\u201d, disse Francisco, que depois de 9 anos de mandato, cumpre apenas mais um e passa o bast\u00e3o para outro morador da comunidade, com todas as contas do im\u00f3vel quitadas. \u201cO pr\u00f3ximo s\u00f3 vai se preocupar em administrar o que j\u00e1 fiizemos\u201d, disse Francisco.<\/p>\n<p><span style=\"color: #ff6600;\">Na Associa\u00e7\u00e3o \u00e9 feita a distribui\u00e7\u00e3o de leite, duas vezes por semana, para 200 fam\u00edlias do bairro<\/span>. O Programa do Governo Federal, M\u00e9dico da Fam\u00edlia, tamb\u00e9m atende no local. Al\u00e9m disso, est\u00e1 sendo criado um acervo de livros e revistas que j\u00e1 podem ser usados pelos associados. \u201cNossa biblioteca j\u00e1 funciona\u201d, disse Francisco. <span style=\"color: #ff6600;\">Para doar, ligue para a secretaria da Associa\u00e7\u00e3o (11 5933-2855) ou para o pr\u00f3prio Francisco (11 9180-7310)<\/span>.<\/p>\n<p>Concei\u00e7\u00e3o Lima aponta como a maior dificuldade em melhorar a comunidade local, a briga partid\u00e1ria. <span style=\"color: #ff6600;\">\u201cComo temos um prefeito de um partido que faz oposi\u00e7\u00e3o ao nosso, temos uma imensa dificuldade em conseguir o m\u00ednimo para a regi\u00e3o, Nossos postos de sa\u00fade ainda faltam profissionais e equipamentos para atender as pessoas\u201d, disse Concei\u00e7\u00e3o<\/span>, que tamb\u00e9m atua como L\u00edder comunit\u00e1ria do Jardim Changril\u00e1, onde mora. \u201cMas tamb\u00e9m atuo em favor do Jardim Ideal\u201d, disse.<\/p>\n<h2><span style=\"color: #008000;\">CLICKS<\/span><\/h2>\n<figure id=\"attachment_563\" aria-describedby=\"caption-attachment-563\" style=\"width: 384px\" class=\"wp-caption aligncenter\"><a href=\"http:\/\/projetocineb.com.br\/wp-content\/uploads\/2010\/03\/ideal03web.jpg\"><img decoding=\"async\" class=\"size-full wp-image-563  \" title=\"Moradores do Jardim Ideal, zona sul de S\u00e3o Paulo, Jose Ivo e Marta Patr\u00edcia\" src=\"http:\/\/projetocineb.com.br\/wp-content\/uploads\/2010\/03\/ideal03web.jpg\" alt=\"Moradores do Jardim Ideal, zona sul de S\u00e3o Paulo, Jose Ivo e Marta Patr\u00edcia\" width=\"384\" height=\"309\" \/><\/a><figcaption id=\"caption-attachment-563\" class=\"wp-caption-text\">Moradores do Jardim Ideal, zona sul de S\u00e3o Paulo, Jose Ivo e Marta Patr\u00edcia<\/figcaption><\/figure>\n<figure id=\"attachment_564\" aria-describedby=\"caption-attachment-564\" style=\"width: 384px\" class=\"wp-caption aligncenter\"><a href=\"http:\/\/projetocineb.com.br\/wp-content\/uploads\/2010\/03\/ideal04web.jpg\"><img decoding=\"async\" class=\"size-full wp-image-564  \" title=\"Geraldino Natalicio Sobrado, Quitera Terezinha Sobrado e suas duas filhas L\u00eddia e Let\u00edcia Quiteria Sobrado, com a filha do presidente da Associa\u00e7\u00e3o, Caroline Carvalho Ferreira e seu namorado Rodolfo Gomes Pereira\" src=\"http:\/\/projetocineb.com.br\/wp-content\/uploads\/2010\/03\/ideal04web.jpg\" alt=\"Geraldino Natalicio Sobrado, Quitera Terezinha Sobrado e suas duas filhas L\u00eddia e Let\u00edcia Quiteria Sobrado, com a filha do presidente da Associa\u00e7\u00e3o, Caroline Carvalho Ferreira e seu namorado Rodolfo Gomes Pereira\" width=\"384\" height=\"274\" \/><\/a><figcaption id=\"caption-attachment-564\" class=\"wp-caption-text\">Geraldino Natalicio Sobrado, Quitera Terezinha Sobrado e suas duas filhas L\u00eddia e Let\u00edcia Quiteria Sobrado, com a filha do presidente da Associa\u00e7\u00e3o, Caroline Carvalho Ferreira e seu namorado Rodolfo Gomes Pereira<\/figcaption><\/figure>\n","protected":false},"excerpt":{"rendered":"<p>Fotos de Vivian Szepal Ot\u00e1vio Flor\u00eancio da Silva, nasceu e foi criado no interior de Pernambuco. H\u00e1 22 anos vive[&#8230;]<\/p>\n","protected":false},"author":2,"featured_media":0,"comment_status":"open","ping_status":"open","sticky":false,"template":"","format":"standard","meta":[],"categories":[2],"tags":[79,112,154,242,266,498,683,1095,1132,1251],"_links":{"self":[{"href":"https:\/\/projetocineb.com.br\/index.php?rest_route=\/wp\/v2\/posts\/560"}],"collection":[{"href":"https:\/\/projetocineb.com.br\/index.php?rest_route=\/wp\/v2\/posts"}],"about":[{"href":"https:\/\/projetocineb.com.br\/index.php?rest_route=\/wp\/v2\/types\/post"}],"author":[{"embeddable":true,"href":"https:\/\/projetocineb.com.br\/index.php?rest_route=\/wp\/v2\/users\/2"}],"replies":[{"embeddable":true,"href":"https:\/\/projetocineb.com.br\/index.php?rest_route=%2Fwp%2Fv2%2Fcomments&post=560"}],"version-history":[{"count":0,"href":"https:\/\/projetocineb.com.br\/index.php?rest_route=\/wp\/v2\/posts\/560\/revisions"}],"wp:attachment":[{"href":"https:\/\/projetocineb.com.br\/index.php?rest_route=%2Fwp%2Fv2%2Fmedia&parent=560"}],"wp:term":[{"taxonomy":"category","embeddable":true,"href":"https:\/\/projetocineb.com.br\/index.php?rest_route=%2Fwp%2Fv2%2Fcategories&post=560"},{"taxonomy":"post_tag","embeddable":true,"href":"https:\/\/projetocineb.com.br\/index.php?rest_route=%2Fwp%2Fv2%2Ftags&post=560"}],"curies":[{"name":"wp","href":"https:\/\/api.w.org\/{rel}","templated":true}]}}