{"id":618,"date":"2010-04-11T02:28:06","date_gmt":"2010-04-11T05:28:06","guid":{"rendered":"http:\/\/projetocineb.com.br\/?p=618"},"modified":"2010-04-11T02:28:06","modified_gmt":"2010-04-11T05:28:06","slug":"jd-brasilia-ong-juntos","status":"publish","type":"post","link":"https:\/\/projetocineb.com.br\/?p=618","title":{"rendered":"JD BRAS\u00cdLIA &#8211; ONG JUNTOS"},"content":{"rendered":"<p><em>Fotos de Vivian Szepal<\/em><\/p>\n<p><span style=\"color: #ff6600;\">320 crian\u00e7as de 6 a 14 anos, 300 idosos e 60 jovens de 15 a 24 anos participam de 9 projetos simult\u00e2neos impulsionados por 43 funcion\u00e1rios e 6 oficineiros<\/span>. Ao ver a fachada da ONG JUNTOS (Jardins Unidos num Trabalho de Obras Sociais) e entra no espa\u00e7o, n\u00e3o imagina que neste lugar relativamente pequeno acontecem tantas atividades para este grande contingente de participantes. H\u00e1 <span style=\"color: #ff6600;\">30 anos esta institui\u00e7\u00e3o, criada por moradores do bairro, atende as fam\u00edlias carentes da regi\u00e3o<\/span>.<\/p>\n<p>\u201cQualquer morador da regi\u00e3o da sub-prefeitura de Itaquera pode participar de nossas atividades\u201d, disse Humberto Canavesi, diretor administrativo da ONG JUNTOS.<\/p>\n<p>H\u00e1 53 anos como morador da regi\u00e3o, ele conta que viu seu bairro crescer e ganhar boa estrutura para moradia por causa do trabalho realizado em conjunto pelos moradores. <span style=\"color: #ff6600;\">\u201cAntes as ruas n\u00e3o eram asfaltadas, n\u00e3o tinham postes de ilumina\u00e7\u00e3o, rede de esgoto e s\u00f3 uma linha de \u00f4nibus levava o pessoal daqui para o centro de S\u00e3o Paulo. Hoje, j\u00e1 estamos bem diferentes, temos tudo o que antes n\u00e3o t\u00ednhamos e tamb\u00e9m contamos com a esta\u00e7\u00e3o de metr\u00f4 Arthur Alvim\u201d, disse Humberto<\/span>.<\/p>\n<p>A JUNTOS, que fica na zona leste da capital, recebe verba mensal da Prefeitura para o pagamento dos funcion\u00e1rios e compra de bens n\u00e3o dur\u00e1veis. Por isso, atualmente, bazares e festas s\u00e3o realizados no espa\u00e7o em certos finais de semana para arrecadar dinheiro da constru\u00e7\u00e3o do segundo andar do im\u00f3vel, que possibilitar\u00e1 a amplia\u00e7\u00e3o do projeto para receber mais jovens interessados nos cursos profissionalizantes. \u201cJ\u00e1 temos uma lista de espera com mais de 30 jovens interessados, somos muito procurados na regi\u00e3o porque j\u00e1 inserimos diversas pessoas no mercado de trabalho\u201d, disse Daniel Frutuoso Garcia, diretor do Centro para Juventude da ONG.<\/p>\n<p>Segundo ele, 80% dos jovens participantes dos cursos profissionalizantes vivem no Jardim Eliane, que fica pr\u00f3ximo \u00e0 ONG. Esta comunidade ainda lida com o desafio de afastar os jovens do crime organizado. \u201cTemos o objetivo de tirar esses jovens e crian\u00e7as da rua, enquanto n\u00e3o est\u00e3o na escola. Todas as nossas atividades n\u00e3o tem o objetivo de complementar a escola, mas sim afastar as crian\u00e7as de coisas ruins\u201d, disse Daniel.<\/p>\n<p>Para crian\u00e7as, cursos de esportes como capoeira e aulas de artesanato s\u00e3o ministrados com sucesso. Para os jovens, cursos de montagem e manuten\u00e7\u00e3o de computadores, el\u00e9trica e outros s\u00e3o oferecidos. \u201cPara complementar estas atividades e ajud\u00e1-los a de fato entrar no mercado, a ONG tamb\u00e9m oferece aulas de escrita e matem\u00e1tica pois alguns jovens largaram a escola\u201d, disse o diretor administrativo Humberto.<\/p>\n<p>Daniel Frutuoso, entretanto, explica que a cada ano que passa, diminui o n\u00famero de adolescentes longe das salas de aula.\u00a0 <span style=\"color: #ff6600;\">\u201cHoje, 95% dos jovens aqui matriculados est\u00e3o na escola\u201d, disse Daniel<\/span>.<\/p>\n<p>Para a terceira idade, aulas como dan\u00e7a de sal\u00e3o, artesanato, gin\u00e1stica e sess\u00f5es de musicoterapia s\u00e3o oferecidos de segunda a sexta, como forma de manter ativos os mais amadurecidos da comunidade.<\/p>\n<p>E foi nesse ambiente repleto de boas id\u00e9ias, \u00f3tima organiza\u00e7\u00e3o e um competente grupo de ativistas urbanos, que o <span style=\"color: #ff6600;\">Cine B marcou sua primeira exibi\u00e7\u00e3o no Jardim Bras\u00edlia, com um p\u00fablico de 180 pessoas que lotaram completamente o sal\u00e3o da ONG JUNTOS<\/span>.<\/p>\n<p>E vale ressaltar que os grupos da melhor idade JUNTOS com Alegria e JUNTOS pela Igualdade estiveram presentes levando muita anima\u00e7\u00e3o junto com os jovens que participam das atividades da ONG. Esta foi uma das sess\u00f5es do Cine B que mais reuniu sobre um mesmo teto, tantas diferen\u00e7as de idade, o que, para n\u00f3s, \u00e9 motivo de sobra para comemorar a sess\u00e3o!<\/p>\n<p><span style=\"color: #ff6600;\">\u201cPara uma cidade como S\u00e3o Paulo, um evento como este parece at\u00e9 imposs\u00edvel, com cinema brasileiro e pipoca de gra\u00e7a, mas \u00e9 muito bom que exista e queremos que o Cine B volte. Tem gente que ainda nunca foi ao cinema e isso \u00e9 muito ruim, porque o cinema nos ensina a ver o mundo de uma forma diferente\u201d, disse o presidente da ONG, Edson Antonio Frnacisquetti<\/span>.<\/p>\n<p>Cristiane da Silva Souza, diretora do Centro para Crian\u00e7a e Adolescente do JUNTOS 3, grande respons\u00e1vel por levar esta exibi\u00e7\u00e3o do Cine B para a ONG, ao lado de Daniel Frutuoso e Daiane Boseapiol, da Brazucah Produ\u00e7\u00f5es, agradeceu toda equipe do Cine B por esta sess\u00e3o.<\/p>\n<p>E n\u00f3s, agradecemos a receptividade e parabenizamos todos que estiveram presentes e a dire\u00e7\u00e3o deste belo projeto social. Tamb\u00e9m \u00e9 bom agradecer pelo delicioso almo\u00e7o servido para a nossa equipe, logo que chegamos no local. Estava uma del\u00edcia!<\/p>\n<figure id=\"attachment_623\" aria-describedby=\"caption-attachment-623\" style=\"width: 384px\" class=\"wp-caption aligncenter\"><a href=\"http:\/\/projetocineb.com.br\/wp-content\/uploads\/2010\/04\/DSC_0113web.jpg\"><img fetchpriority=\"high\" decoding=\"async\" class=\"size-full wp-image-623   \" title=\"Carla, Cid\u00e1lio Viera Santos da Brazucah Produ\u00e7\u00f5es, Humberto, Daniel Frutuoso e o presidente \" src=\"http:\/\/projetocineb.com.br\/wp-content\/uploads\/2010\/04\/DSC_0113web.jpg\" alt=\"Carla, Cid\u00e1lio Viera Santos da Brazucah Produ\u00e7\u00f5es, Humberto, Daniel Frutuoso e o presidente \" width=\"384\" height=\"234\" \/><\/a><figcaption id=\"caption-attachment-623\" class=\"wp-caption-text\">Carla Daiane Boscariol e Cid\u00e1lio Viera Santos da Brazucah Produ\u00e7\u00f5es, Humberto Canavesi, Daniel Frutuoso e o presidente Edson Antonio Francisquetti<\/figcaption><\/figure>\n<h2><span style=\"color: #008000;\">CLIKS<\/span><\/h2>\n<figure id=\"attachment_619\" aria-describedby=\"caption-attachment-619\" style=\"width: 384px\" class=\"wp-caption aligncenter\"><a href=\"http:\/\/projetocineb.com.br\/wp-content\/uploads\/2010\/04\/DSC_0077web.jpg\"><img decoding=\"async\" class=\"size-full wp-image-619  \" title=\"Idalzina de F\u00e1tima Romero Lamas, Durvalina Sacioto Viegas, Nair Bueno Gama e Benedita Martins Catarino do JUNTOS com Alegria, que desenvolve atividades de culin\u00e1ria e artesanato\" src=\"http:\/\/projetocineb.com.br\/wp-content\/uploads\/2010\/04\/DSC_0077web.jpg\" alt=\"Idalzina de F\u00e1tima Romero Lamas, Durvalina Sacioto Viegas, Nair Bueno Gama e Benedita Martins Catarino do JUNTOS com Alegria, que desenvolve atividades de culin\u00e1ria e artesanato\" width=\"384\" height=\"262\" \/><\/a><figcaption id=\"caption-attachment-619\" class=\"wp-caption-text\">Idalzina de F\u00e1tima Romero Lamas, Durvalina Sacioto Viegas, Nair Bueno Gama e Benedita Martins Catarino do JUNTOS com Alegria, que desenvolve atividades de culin\u00e1ria e artesanato<\/figcaption><\/figure>\n<figure id=\"attachment_624\" aria-describedby=\"caption-attachment-624\" style=\"width: 384px\" class=\"wp-caption aligncenter\"><a href=\"http:\/\/projetocineb.com.br\/wp-content\/uploads\/2010\/04\/DSC_0071web.jpg\"><img decoding=\"async\" class=\"size-full wp-image-624  \" title=\"Nosso pipoqueiro oficial Seu Ant\u00f4nio apresentando o novo saquinho de pipoca do Cine B\" src=\"http:\/\/projetocineb.com.br\/wp-content\/uploads\/2010\/04\/DSC_0071web.jpg\" alt=\"Nosso pipoqueiro oficial Seu Ant\u00f4nio apresentando o novo saquinho de pipoca do Cine B\" width=\"384\" height=\"339\" \/><\/a><figcaption id=\"caption-attachment-624\" class=\"wp-caption-text\">Nosso pipoqueiro oficial Seu Ant\u00f4nio apresentando o novo saquinho de pipoca do Cine B<\/figcaption><\/figure>\n<figure id=\"attachment_620\" aria-describedby=\"caption-attachment-620\" style=\"width: 384px\" class=\"wp-caption aligncenter\"><a href=\"http:\/\/projetocineb.com.br\/wp-content\/uploads\/2010\/04\/DSC_0082web.jpg\"><img loading=\"lazy\" decoding=\"async\" class=\"size-full wp-image-620  \" title=\"Bruna Borges Ferrareto, com sua irm\u00e3 Mayara Borges acompanhada do namorado Emanuel de Araujo Gon\u00e7alve\" src=\"http:\/\/projetocineb.com.br\/wp-content\/uploads\/2010\/04\/DSC_0082web.jpg\" alt=\"Bruna Borges Ferrareto, com sua irm\u00e3 Mayara Borges acompanhada do namorado Emanuel de Araujo Gon\u00e7alve\" width=\"384\" height=\"256\" \/><\/a><figcaption id=\"caption-attachment-620\" class=\"wp-caption-text\">Bruna Borges Ferrareto, com sua irm\u00e3 Mayara Borges acompanhada do namorado Emanuel de Araujo Gon\u00e7alve<\/figcaption><\/figure>\n<figure id=\"attachment_625\" aria-describedby=\"caption-attachment-625\" style=\"width: 384px\" class=\"wp-caption aligncenter\"><a href=\"http:\/\/projetocineb.com.br\/wp-content\/uploads\/2010\/04\/DSC_0091web.jpg\"><img loading=\"lazy\" decoding=\"async\" class=\"size-full wp-image-625  \" title=\"180 pessoas neste Cine B no Jardim Bras\u00edlia\" src=\"http:\/\/projetocineb.com.br\/wp-content\/uploads\/2010\/04\/DSC_0091web.jpg\" alt=\"180 pessoas neste Cine B no Jardim Bras\u00edlia\" width=\"384\" height=\"232\" \/><\/a><figcaption id=\"caption-attachment-625\" class=\"wp-caption-text\">180 pessoas neste Cine B no Jardim Bras\u00edlia<\/figcaption><\/figure>\n<figure id=\"attachment_621\" aria-describedby=\"caption-attachment-621\" style=\"width: 384px\" class=\"wp-caption aligncenter\"><a href=\"http:\/\/projetocineb.com.br\/wp-content\/uploads\/2010\/04\/DSC_0085web.jpg\"><img loading=\"lazy\" decoding=\"async\" class=\"size-full wp-image-621  \" title=\"Matheus de Araujo Gon\u00e7alves, Eduardo Nascimento da Silva e Gustavo Ribeiro, adoram a filmes nacionais e n\u00e3o tiveram dificuldade alguma em elencar uma lista dos preferidos como \u201c\u00d3, pai \u00f3\u201d, Meu nome n\u00e3o \u00e9 Jonny e Central do Brasil\" src=\"http:\/\/projetocineb.com.br\/wp-content\/uploads\/2010\/04\/DSC_0085web.jpg\" alt=\"Matheus de Araujo Gon\u00e7alves, Eduardo Nascimento da Silva e Gustavo Ribeiro, adoram a filmes nacionais e n\u00e3o tiveram dificuldade alguma em elencar uma lista dos preferidos como \u201c\u00d3, pai \u00f3\u201d, Meu nome n\u00e3o \u00e9 Jonny e Central do Brasil\" width=\"384\" height=\"272\" \/><\/a><figcaption id=\"caption-attachment-621\" class=\"wp-caption-text\">Matheus de Araujo Gon\u00e7alves, Eduardo Nascimento da Silva e Gustavo Ribeiro, adoram a filmes nacionais e n\u00e3o tiveram dificuldade alguma em elencar uma lista dos preferidos como \u201c\u00d3, pai \u00f3\u201d, Meu nome n\u00e3o \u00e9 Jonny e Central do Brasil<\/figcaption><\/figure>\n<figure id=\"attachment_626\" aria-describedby=\"caption-attachment-626\" style=\"width: 384px\" class=\"wp-caption aligncenter\"><a href=\"http:\/\/projetocineb.com.br\/wp-content\/uploads\/2010\/04\/DSC_0123web.jpg\"><img loading=\"lazy\" decoding=\"async\" class=\"size-full wp-image-626  \" title=\"Carla Daiane Boseapiol, da Brazucah Produ\u00e7\u00f5es\" src=\"http:\/\/projetocineb.com.br\/wp-content\/uploads\/2010\/04\/DSC_0123web.jpg\" alt=\"Carla Daiane Boseapiol, da Brazucah Produ\u00e7\u00f5es\" width=\"384\" height=\"370\" \/><\/a><figcaption id=\"caption-attachment-626\" class=\"wp-caption-text\">Carla Daiane Boseapiol, da Brazucah Produ\u00e7\u00f5es<\/figcaption><\/figure>\n<figure id=\"attachment_622\" aria-describedby=\"caption-attachment-622\" style=\"width: 384px\" class=\"wp-caption aligncenter\"><a href=\"http:\/\/projetocineb.com.br\/wp-content\/uploads\/2010\/04\/DSC_0097web.jpg\"><img loading=\"lazy\" decoding=\"async\" class=\"size-full wp-image-622  \" title=\"Cleber de Oliveira Barros cobrindo Fabiana Maria da Silva com saquinhos de pipoca, Elisa Aparecida, Camila Antunes de Souza e sua irm\u00e3 Ana Caroline Antunes Souza com a av\u00f3 Cinira Correia Antunes\" src=\"http:\/\/projetocineb.com.br\/wp-content\/uploads\/2010\/04\/DSC_0097web.jpg\" alt=\"Cleber de Oliveira Barros cobrindo Fabiana Maria da Silva com saquinhos de pipoca, Elisa Aparecida, Camila Antunes de Souza e sua irm\u00e3 Ana Caroline Antunes Souza com a av\u00f3 Cinira Correia Antunes\" width=\"384\" height=\"181\" \/><\/a><figcaption id=\"caption-attachment-622\" class=\"wp-caption-text\">Cleber de Oliveira Barros cobrindo Fabiana Maria da Silva com saquinhos de pipoca, Elisa Aparecida, Camila Antunes de Souza e sua irm\u00e3 Ana Caroline Antunes Souza com a av\u00f3 Cinira Correia Antunes<\/figcaption><\/figure>\n<figure id=\"attachment_627\" aria-describedby=\"caption-attachment-627\" style=\"width: 384px\" class=\"wp-caption aligncenter\"><a href=\"http:\/\/projetocineb.com.br\/wp-content\/uploads\/2010\/04\/DSC_0127web.jpg\"><img loading=\"lazy\" decoding=\"async\" class=\"size-full wp-image-627   \" title=\"Luiz Cl\u00e1udio Marcolino no tel\u00e3o do Cine B\" src=\"http:\/\/projetocineb.com.br\/wp-content\/uploads\/2010\/04\/DSC_0127web.jpg\" alt=\"Luiz Cl\u00e1udio Marcolino no tel\u00e3o do Cine B\" width=\"384\" height=\"272\" \/><\/a><figcaption id=\"caption-attachment-627\" class=\"wp-caption-text\">Luiz Cl\u00e1udio Marcolino, idealizador do Cine B, fala sobre o projeto no tel\u00e3o<\/figcaption><\/figure>\n<figure id=\"attachment_628\" aria-describedby=\"caption-attachment-628\" style=\"width: 384px\" class=\"wp-caption aligncenter\"><a href=\"http:\/\/projetocineb.com.br\/wp-content\/uploads\/2010\/04\/DSC_0133web.jpg\"><img loading=\"lazy\" decoding=\"async\" class=\"size-full wp-image-628  \" title=\"Muita anima\u00e7\u00e3o dos jovens e dos mais experientes ;)\" src=\"http:\/\/projetocineb.com.br\/wp-content\/uploads\/2010\/04\/DSC_0133web.jpg\" alt=\"Muita anima\u00e7\u00e3o dos jovens e dos mais experientes ;)\" width=\"384\" height=\"275\" \/><\/a><figcaption id=\"caption-attachment-628\" class=\"wp-caption-text\">Muita anima\u00e7\u00e3o dos jovens e dos mais experientes \ud83d\ude09<\/figcaption><\/figure>\n<figure id=\"attachment_629\" aria-describedby=\"caption-attachment-629\" style=\"width: 384px\" class=\"wp-caption aligncenter\"><a href=\"http:\/\/projetocineb.com.br\/wp-content\/uploads\/2010\/04\/DSC_0139web.jpg\"><img loading=\"lazy\" decoding=\"async\" class=\"size-full wp-image-629  \" title=\"E viva o Cine B!\" src=\"http:\/\/projetocineb.com.br\/wp-content\/uploads\/2010\/04\/DSC_0139web.jpg\" alt=\"E viva o Cine B!\" width=\"384\" height=\"201\" \/><\/a><figcaption id=\"caption-attachment-629\" class=\"wp-caption-text\">E viva o Cine B!<\/figcaption><\/figure>\n","protected":false},"excerpt":{"rendered":"<p>Fotos de Vivian Szepal 320 crian\u00e7as de 6 a 14 anos, 300 idosos e 60 jovens de 15 a 24[&#8230;]<\/p>\n","protected":false},"author":2,"featured_media":0,"comment_status":"open","ping_status":"open","sticky":false,"template":"","format":"standard","meta":[],"categories":[2],"tags":[154,242,266,470,498,674,760,887,1095,1132,1247],"_links":{"self":[{"href":"https:\/\/projetocineb.com.br\/index.php?rest_route=\/wp\/v2\/posts\/618"}],"collection":[{"href":"https:\/\/projetocineb.com.br\/index.php?rest_route=\/wp\/v2\/posts"}],"about":[{"href":"https:\/\/projetocineb.com.br\/index.php?rest_route=\/wp\/v2\/types\/post"}],"author":[{"embeddable":true,"href":"https:\/\/projetocineb.com.br\/index.php?rest_route=\/wp\/v2\/users\/2"}],"replies":[{"embeddable":true,"href":"https:\/\/projetocineb.com.br\/index.php?rest_route=%2Fwp%2Fv2%2Fcomments&post=618"}],"version-history":[{"count":0,"href":"https:\/\/projetocineb.com.br\/index.php?rest_route=\/wp\/v2\/posts\/618\/revisions"}],"wp:attachment":[{"href":"https:\/\/projetocineb.com.br\/index.php?rest_route=%2Fwp%2Fv2%2Fmedia&parent=618"}],"wp:term":[{"taxonomy":"category","embeddable":true,"href":"https:\/\/projetocineb.com.br\/index.php?rest_route=%2Fwp%2Fv2%2Fcategories&post=618"},{"taxonomy":"post_tag","embeddable":true,"href":"https:\/\/projetocineb.com.br\/index.php?rest_route=%2Fwp%2Fv2%2Ftags&post=618"}],"curies":[{"name":"wp","href":"https:\/\/api.w.org\/{rel}","templated":true}]}}