{"id":632,"date":"2010-04-11T18:03:16","date_gmt":"2010-04-11T21:03:16","guid":{"rendered":"http:\/\/projetocineb.com.br\/?p=632"},"modified":"2010-04-11T18:03:16","modified_gmt":"2010-04-11T21:03:16","slug":"vila-brasilina-brinco-da-marquesa","status":"publish","type":"post","link":"https:\/\/projetocineb.com.br\/?p=632","title":{"rendered":"VILA BRASILINA &#8211; BRINCO DA MARQUESA"},"content":{"rendered":"<p><em>Fotos de Vivian Szelpal<\/em><\/p>\n<p>Pela <span style=\"color: #ff6600;\">segunda vez o Cine B realizado pelo Sindicato dos Banc\u00e1rios de S\u00e3o Paulo, Osasco e Regi\u00e3o e Brazucah Produ\u00e7\u00f5es, exibe bons filmes nacionais para a comunidade da Vila Brasilina<\/span>, no espa\u00e7o do GRBES <span style=\"color: #ff6600;\">Brinco da Marquesa<\/span>.<\/p>\n<p>Esta escola que este ano de 2010 ficou em <span style=\"color: #ff6600;\">quarto lugar na classifica\u00e7\u00e3o da Uni\u00e3o das Escolas de Samba de S\u00e3o Paulo<\/span> hoje promove al\u00e9m da cultura musical, o cinema brasileiro com Eu TU Eles. <span style=\"color: #ff6600;\">\u201cPara n\u00f3s este \u00e9 o principal evento cultural que pretendemos desenvolver a cada seis meses, plano que demos in\u00edcio no final do ano passado&#8221;, disse Rubinho, diretor de eventos e cultura do Brinco<\/span>.<\/p>\n<p>Em outubro do ano passado pela primeira vez o Cine B foi exibido no espa\u00e7o do Brinco da Marquesa. Era um momento de renova\u00e7\u00e3o para todo o grupo do Brinco, porque a nova diretoria tomava posse e apresentava propostas de melhoria no uso do espa\u00e7o. <span style=\"color: #ff6600;\">\u201c\u00c9 uma comunidade muito carente, que sempre precisa de mais op\u00e7\u00f5es de cultura e lazer\u201d, disse Ana Lucia de Camargo, assessora do Sindicato dos Banc\u00e1rios<\/span>.<\/p>\n<p>\u201cAno passado entramos muito motivado. Diminu\u00edmos o ritmo quando n\u00e3o conseguimos entrar no programa Pontos de Cultura. Agora vamos com calma, conseguindo aos poucos o investimento necess\u00e1rio para melhorar a nossa estrutura\u201d, disse Rubinho, diretor de eventos de cultura do Brinco da Marquesa. Segundo ele, dentro de alguns meses ser\u00e1 realizada a festa Feijoada com Pagode Amigos do Presidente, a qual arrecadar\u00e1 dinheiro para a finaliza\u00e7\u00e3o das obras da sede e in\u00edcio do planejamento para o desfile de 2011.<\/p>\n<p><span style=\"color: #ff6600;\">Para novas bandas de pagode, a dica \u00e9 se inscrever para tocar no dia da festa. \u201cQueremos dar oportunidade para que novos artistas se apresentem em nosso espa\u00e7o, por isso, as inscri\u00e7\u00f5es est\u00e3o abertas\u201d, disse Rubinho<\/span>.<\/p>\n<p>Para se inscrever, ligue para a <span style=\"color: #ff6600;\">secretaria do Brinco (2264.0025), ou ent\u00e3o para: 9595-2388 ou 7424-7440. Falar com\u00a0Rubens<\/span>.<\/p>\n<h2><span style=\"color: #008000;\">ESPECIALMENTE<\/span><\/h2>\n<p>Agradecemos a presen\u00e7a de <span style=\"color: #ff6600;\">Terezinha Martins, conselheira de sa\u00fade da Vila Brasilina<\/span>, que levou muitos espectadores para esta sess\u00e3o. Tamb\u00e9m ressaltamos a presen\u00e7a de <span style=\"color: #ff6600;\">Caroline Terrazas<\/span>, diretora de uma unidade b\u00e1sica de sa\u00fade, localizada na zona rural sul de S\u00e3o Paulo, que conheceu o Cine B atrav\u00e9s da reportagem do programa Zoom, da TV Cultura. Ela veio acompanhada de seu sogro,\u00a0<span style=\"color: #ff6600;\">Arthur Tonini<\/span>, que \u00e9 morador da comunidade de Perus. Ele j\u00e1 conhecia o Cine B porque foi na sess\u00e3o que promovemos no bairro.<\/p>\n<h2><span style=\"color: #008000;\">CLIKS<\/span><\/h2>\n<p><span style=\"color: #008000;\"> <\/span><\/p>\n<figure id=\"attachment_654\" aria-describedby=\"caption-attachment-654\" style=\"width: 358px\" class=\"wp-caption aligncenter\"><a href=\"http:\/\/projetocineb.com.br\/wp-content\/uploads\/2010\/04\/foto03.jpg\"><img fetchpriority=\"high\" decoding=\"async\" class=\"size-full wp-image-654 \" title=\"Ana L\u00facia de Camargo, assessora do Sindicato, com Cid\u00e1lio Vieira Santos da Brazucah Produ\u00e7\u00f5es\" src=\"http:\/\/projetocineb.com.br\/wp-content\/uploads\/2010\/04\/foto03.jpg\" alt=\"Ana L\u00facia de Camargo, assessora do Sindicato, com Cid\u00e1lio Vieira Santos da Brazucah Produ\u00e7\u00f5es\" width=\"358\" height=\"300\" \/><\/a><figcaption id=\"caption-attachment-654\" class=\"wp-caption-text\">Ana L\u00facia de Camargo, assessora do Sindicato, com Cid\u00e1lio Vieira Santos da Brazucah Produ\u00e7\u00f5es<\/figcaption><\/figure>\n<figure id=\"attachment_655\" aria-describedby=\"caption-attachment-655\" style=\"width: 349px\" class=\"wp-caption aligncenter\"><a href=\"http:\/\/projetocineb.com.br\/wp-content\/uploads\/2010\/04\/foto05.jpg\"><img decoding=\"async\" class=\"size-full wp-image-655  \" title=\"Wanda Baldi gostou \u201cmuito\u201d de Eu tu eles, de Andrucha Waddington e Alexander Martins de Oliveira, que tamb\u00e9m o viu pela primeira vez e aprovou, \u201c\u00f3timo filme\u201d, disse o rapaz\" src=\"http:\/\/projetocineb.com.br\/wp-content\/uploads\/2010\/04\/foto05.jpg\" alt=\"Wanda Baldi gostou \u201cmuito\u201d de Eu tu eles, de Andrucha Waddington e Alexander Martins de Oliveira, que tamb\u00e9m o viu pela primeira vez e aprovou, \u201c\u00f3timo filme\u201d, disse o rapaz\" width=\"349\" height=\"248\" \/><\/a><figcaption id=\"caption-attachment-655\" class=\"wp-caption-text\">Wanda Baldi gostou \u201cmuito\u201d de Eu tu eles, de Andrucha Waddington e Alexander Martins de Oliveira, que tamb\u00e9m o viu pela primeira vez e aprovou, \u201c\u00f3timo filme\u201d, disse o rapaz<\/figcaption><\/figure>\n<figure id=\"attachment_650\" aria-describedby=\"caption-attachment-650\" style=\"width: 352px\" class=\"wp-caption aligncenter\"><a href=\"http:\/\/projetocineb.com.br\/wp-content\/uploads\/2010\/04\/foto01.jpg\"><img decoding=\"async\" class=\"size-full wp-image-650 \" title=\"Sandra Maria Rodrigues dos Santos e seu filho Douglas Rodrigues Aguiar, de 10 anos, j\u00e1 tinham assistido Eu tu eles no DVD. \u201cHoje \u00e9 a vez de ver na tela grande\u201d, disse a moradora de Vila Brasilina\" src=\"http:\/\/projetocineb.com.br\/wp-content\/uploads\/2010\/04\/foto01.jpg\" alt=\"Sandra Maria Rodrigues dos Santos e seu filho Douglas Rodrigues Aguiar, de 10 anos, j\u00e1 tinham assistido Eu tu eles no DVD. \u201cHoje \u00e9 a vez de ver na tela grande\u201d, disse a moradora de Vila Brasilina\" width=\"352\" height=\"330\" \/><\/a><figcaption id=\"caption-attachment-650\" class=\"wp-caption-text\">Sandra Maria Rodrigues dos Santos e seu filho Douglas Rodrigues Aguiar, de 10 anos, j\u00e1 tinham assistido Eu tu eles no DVD. \u201cHoje \u00e9 a vez de ver na tela grande\u201d, disse a moradora de Vila Brasilina<\/figcaption><\/figure>\n<figure id=\"attachment_652\" aria-describedby=\"caption-attachment-652\" style=\"width: 354px\" class=\"wp-caption aligncenter\"><a href=\"http:\/\/projetocineb.com.br\/wp-content\/uploads\/2010\/04\/foto02.jpg\"><img loading=\"lazy\" decoding=\"async\" class=\"size-full wp-image-652 \" title=\"S\u00f4nia Maria do Vale e Donizeti Firmino n\u00e3o conseguiram vir na outra sess\u00e3o, mas hoje n\u00e3o deixaram de ver o Cine B\" src=\"http:\/\/projetocineb.com.br\/wp-content\/uploads\/2010\/04\/foto02.jpg\" alt=\"S\u00f4nia Maria do Vale e Donizeti Firmino n\u00e3o conseguiram vir na outra sess\u00e3o, mas hoje n\u00e3o deixaram de ver o Cine B\" width=\"354\" height=\"294\" \/><\/a><figcaption id=\"caption-attachment-652\" class=\"wp-caption-text\">S\u00f4nia Maria do Vale e Donizeti Firmino n\u00e3o conseguiram vir na outra sess\u00e3o, mas hoje n\u00e3o deixaram de ver o Cine B<\/figcaption><\/figure>\n<figure id=\"attachment_653\" aria-describedby=\"caption-attachment-653\" style=\"width: 372px\" class=\"wp-caption aligncenter\"><a href=\"http:\/\/projetocineb.com.br\/wp-content\/uploads\/2010\/04\/foto2-2.jpg\"><img loading=\"lazy\" decoding=\"async\" class=\"size-full wp-image-653\" title=\"A sorridente Francielly Almeida dos Santos de 6 anos, foi comer uma pipoca enquanto sua m\u00e3e Luciene dos Santos assistia ao filme\" src=\"http:\/\/projetocineb.com.br\/wp-content\/uploads\/2010\/04\/foto2-2.jpg\" alt=\"A sorridente Francielly Almeida dos Santos de 6 anos, foi comer uma pipoca enquanto sua m\u00e3e Luciene dos Santos assistia ao filme\" width=\"372\" height=\"478\" \/><\/a><figcaption id=\"caption-attachment-653\" class=\"wp-caption-text\">A sorridente Francielly Almeida dos Santos de 6 anos, foi comer uma pipoca enquanto sua m\u00e3e Luciene dos Santos assistia ao filme<\/figcaption><\/figure>\n<figure id=\"attachment_656\" aria-describedby=\"caption-attachment-656\" style=\"width: 363px\" class=\"wp-caption aligncenter\"><a href=\"http:\/\/projetocineb.com.br\/wp-content\/uploads\/2010\/04\/foto06.jpg\"><img loading=\"lazy\" decoding=\"async\" class=\"size-full wp-image-656    \" title=\"Os sortudos da noite que al\u00e9m de ver um cinema e comer uma pipoquinha, tamb\u00e9m sa\u00edram com as m\u00e3os cheias neste Cine B\" src=\"http:\/\/projetocineb.com.br\/wp-content\/uploads\/2010\/04\/foto06.jpg\" alt=\"Os sortudos da noite que al\u00e9m de ver um cinema e comer uma pipoquinha, tamb\u00e9m sa\u00edram com as m\u00e3os cheias neste Cine B\" width=\"363\" height=\"241\" \/><\/a><figcaption id=\"caption-attachment-656\" class=\"wp-caption-text\">Os sortudos da noite que al\u00e9m de ver um cinema e comer uma pipoquinha, tamb\u00e9m sa\u00edram com as m\u00e3os cheias neste Cine B<\/figcaption><\/figure>\n","protected":false},"excerpt":{"rendered":"<p>Fotos de Vivian Szelpal Pela segunda vez o Cine B realizado pelo Sindicato dos Banc\u00e1rios de S\u00e3o Paulo, Osasco e[&#8230;]<\/p>\n","protected":false},"author":2,"featured_media":0,"comment_status":"open","ping_status":"open","sticky":false,"template":"","format":"standard","meta":[],"categories":[2],"tags":[],"_links":{"self":[{"href":"https:\/\/projetocineb.com.br\/index.php?rest_route=\/wp\/v2\/posts\/632"}],"collection":[{"href":"https:\/\/projetocineb.com.br\/index.php?rest_route=\/wp\/v2\/posts"}],"about":[{"href":"https:\/\/projetocineb.com.br\/index.php?rest_route=\/wp\/v2\/types\/post"}],"author":[{"embeddable":true,"href":"https:\/\/projetocineb.com.br\/index.php?rest_route=\/wp\/v2\/users\/2"}],"replies":[{"embeddable":true,"href":"https:\/\/projetocineb.com.br\/index.php?rest_route=%2Fwp%2Fv2%2Fcomments&post=632"}],"version-history":[{"count":0,"href":"https:\/\/projetocineb.com.br\/index.php?rest_route=\/wp\/v2\/posts\/632\/revisions"}],"wp:attachment":[{"href":"https:\/\/projetocineb.com.br\/index.php?rest_route=%2Fwp%2Fv2%2Fmedia&parent=632"}],"wp:term":[{"taxonomy":"category","embeddable":true,"href":"https:\/\/projetocineb.com.br\/index.php?rest_route=%2Fwp%2Fv2%2Fcategories&post=632"},{"taxonomy":"post_tag","embeddable":true,"href":"https:\/\/projetocineb.com.br\/index.php?rest_route=%2Fwp%2Fv2%2Ftags&post=632"}],"curies":[{"name":"wp","href":"https:\/\/api.w.org\/{rel}","templated":true}]}}