{"id":679,"date":"2010-05-04T01:14:45","date_gmt":"2010-05-04T04:14:45","guid":{"rendered":"http:\/\/projetocineb.com.br\/?p=679"},"modified":"2010-05-04T01:14:45","modified_gmt":"2010-05-04T04:14:45","slug":"profissao-mc-o-filme","status":"publish","type":"post","link":"https:\/\/projetocineb.com.br\/?p=679","title":{"rendered":"PROFISS\u00c3O MC, O FILME"},"content":{"rendered":"<p>N\u00e3o perca a sess\u00e3o do Cine B do dia 6 de maio!<\/p>\n<p>Confirme sua presen\u00e7a pelo e-mail <a rel=\"nofollow\" href=\"mailto:brazucah@brazucah.com.br\" target=\"_blank\">brazucah@brazucah.com.br<\/a> dizendo seu nome, e-mail e telefone. Depois,\u00a0divulgue o filme pra galera.<\/p>\n<p>E lembre-se, depois da sess\u00e3o tem bate papo com os diretores Alessandro Buzo e Toni Nogueira.<\/p>\n<p>Assista ao filme <em>Profiss\u00e3o MC<\/em>, que n\u00e3o captou um \u00fanico real para ser produzido e foi gravado no bairro do Itaim Paulista, extremo leste de S\u00e3o Paulo, onde reside o agitador cultural e escritor, <a href=\"www.buzo.com.br\" target=\"_blank\">Alessandro Buzo<\/a>. Para produzir este seu\u00a0primeiro trabalho como diretor, Buzo fez uma parceria com\u00a0Toni Nogueira, que dirigiu <a href=\"http:\/\/www.cinemaki.com.br\/Osvaldinho-da-Cuica-Cidadao-Samba\/mi\/10650\" target=\"_blank\"><em>Osvaldinho da Cu\u00edca &#8211; Cidad\u00e3o Samba<\/em><\/a>.<\/p>\n<p><em>Profiss\u00e3o MC<\/em> teve sua estr\u00e9ia no Cine Olido na capital paulista e Cine Odeon, na \u00e1rea carioca.<br \/>\nAcesse o Blog do filme:\u00a0<a href=\"http:\/\/www.profissao.com.br\/\" target=\"_blank\">www.profissao.com.br<\/a><br \/>\n<a href=\"http:\/\/www.youtube.com\/watch?v=XWdvKMMkFN0\" target=\"_blank\">Clique aqui para assistir ao trailer do filme!<\/a><\/p>\n<figure id=\"attachment_680\" aria-describedby=\"caption-attachment-680\" style=\"width: 396px\" class=\"wp-caption aligncenter\"><a href=\"http:\/\/projetocineb.com.br\/wp-content\/uploads\/2010\/05\/OgAAANEUn5-9NqACMQa2axxTiKtx_K-A3kMYNVnKH4JlMDsZWlXXbds-_FuRWJCDBk7C6FsGN8XdBFBlm_l5IMAtS5AAm1T1UEfIzszLOLpE8rZl_PuiojX9AUbC.jpg\"><img fetchpriority=\"high\" decoding=\"async\" class=\"size-full wp-image-680 \" title=\"Venha assistir Profiss\u00e3o MC neste dia 6 de maio de 2010, chame seus amigos, convide sua fam\u00edlia!\" src=\"http:\/\/projetocineb.com.br\/wp-content\/uploads\/2010\/05\/OgAAANEUn5-9NqACMQa2axxTiKtx_K-A3kMYNVnKH4JlMDsZWlXXbds-_FuRWJCDBk7C6FsGN8XdBFBlm_l5IMAtS5AAm1T1UEfIzszLOLpE8rZl_PuiojX9AUbC.jpg\" alt=\"Venha assistir Profiss\u00e3o MC neste dia 6 de maio de 2010, chame seus amigos, convide sua fam\u00edlia!\" width=\"396\" height=\"560\" \/><\/a><figcaption id=\"caption-attachment-680\" class=\"wp-caption-text\">Venha assistir Profiss\u00e3o MC neste dia 6 de maio de 2010, chame seus amigos, convide sua fam\u00edlia! Necess\u00e1rio confirmar presen\u00e7a por e-mail<\/figcaption><\/figure>\n<p>Esta sess\u00e3o ir\u00e1 acontecer no Cine Galp\u00e3o, que fica na rua Scipi\u00e3o,\u00a0 138, Lapa. Esta rua \u00e9 uma travessa da Guaicurus e da rua Roma.<\/p>\n<p><a href=\"http:\/\/maps.google.com.br\/maps?hl=pt-BR&amp;q=Rua+Sipi%C3%A3o,++138&amp;um=1&amp;ie=UTF-8&amp;hq=&amp;hnear=R.+Scipi%C3%A3o,+138+-+Lapa,+S%C3%A3o+Paulo,+05047-060&amp;gl=br&amp;ei=GZ3fS6HeH86nuAeo0qHgBg&amp;sa=X&amp;oi=geocode_result&amp;ct=title&amp;resnum=1&amp;ved=0CAkQ8gEwAA\" target=\"_blank\">Clique aqui para ver no mapa!<\/a><\/p>\n","protected":false},"excerpt":{"rendered":"<p>N\u00e3o perca a sess\u00e3o do Cine B do dia 6 de maio! Confirme sua presen\u00e7a pelo e-mail brazucah@brazucah.com.br dizendo seu[&#8230;]<\/p>\n","protected":false},"author":2,"featured_media":0,"comment_status":"open","ping_status":"open","sticky":false,"template":"","format":"standard","meta":[],"categories":[10],"tags":[154,242,249,266,1014,1132,1247],"_links":{"self":[{"href":"https:\/\/projetocineb.com.br\/index.php?rest_route=\/wp\/v2\/posts\/679"}],"collection":[{"href":"https:\/\/projetocineb.com.br\/index.php?rest_route=\/wp\/v2\/posts"}],"about":[{"href":"https:\/\/projetocineb.com.br\/index.php?rest_route=\/wp\/v2\/types\/post"}],"author":[{"embeddable":true,"href":"https:\/\/projetocineb.com.br\/index.php?rest_route=\/wp\/v2\/users\/2"}],"replies":[{"embeddable":true,"href":"https:\/\/projetocineb.com.br\/index.php?rest_route=%2Fwp%2Fv2%2Fcomments&post=679"}],"version-history":[{"count":0,"href":"https:\/\/projetocineb.com.br\/index.php?rest_route=\/wp\/v2\/posts\/679\/revisions"}],"wp:attachment":[{"href":"https:\/\/projetocineb.com.br\/index.php?rest_route=%2Fwp%2Fv2%2Fmedia&parent=679"}],"wp:term":[{"taxonomy":"category","embeddable":true,"href":"https:\/\/projetocineb.com.br\/index.php?rest_route=%2Fwp%2Fv2%2Fcategories&post=679"},{"taxonomy":"post_tag","embeddable":true,"href":"https:\/\/projetocineb.com.br\/index.php?rest_route=%2Fwp%2Fv2%2Ftags&post=679"}],"curies":[{"name":"wp","href":"https:\/\/api.w.org\/{rel}","templated":true}]}}