{"id":686,"date":"2010-04-25T00:27:55","date_gmt":"2010-04-25T03:27:55","guid":{"rendered":"http:\/\/projetocineb.com.br\/?p=686"},"modified":"2010-04-25T00:27:55","modified_gmt":"2010-04-25T03:27:55","slug":"comunidade-nossa-senhora-de-salete","status":"publish","type":"post","link":"https:\/\/projetocineb.com.br\/?p=686","title":{"rendered":"COMUNIDADE NOSSA SENHORA DE SALETE"},"content":{"rendered":"<p><em>(texto de Cythia Alario)<\/em><\/p>\n<p>No dia\u00a0 24 de abril foi a vez do <span style=\"color: #ff6600;\">Ja\u00e7an\u00e3, zona norte<\/span> de S\u00e3o Paulo, contar com as atividades do Cine B. Pela primeira vez na comunidade, o cinema itinerante realizado pelo Sindicato dos Banc\u00e1rios de S\u00e3o Paulo, Osasco e Regi\u00e3o fez sucesso na regi\u00e3o!<\/p>\n<p>A <span style=\"color: #ff6600;\">par\u00f3quia Nossa\u00a0 Senhora do Carmo, na Comunidade Nossa Senhora de Salete<\/span> foi o local escolhido para receber\u00a0 o projeto. Apesar do espa\u00e7o j\u00e1 servir para atividades e apresenta\u00e7\u00f5es art\u00edsticas, como o pessoal do grupo de teatro local que representa em setembro A padroeira, o CINE B foi a primeira experi\u00eancia com proje\u00e7\u00e3o de filmes.<\/p>\n<p>A <span style=\"color: #ff6600;\">comunidade estava ansiosa para assistir ao filme e conhecer um pouco mais do projeto<\/span>! E enquanto a sess\u00e3o n\u00e3o come\u00e7ava, a pipoca era a personagem principal da cena!<\/p>\n<figure id=\"attachment_687\" aria-describedby=\"caption-attachment-687\" style=\"width: 384px\" class=\"wp-caption aligncenter\"><a href=\"http:\/\/projetocineb.com.br\/wp-content\/uploads\/2010\/05\/Salete03.jpg\"><img fetchpriority=\"high\" decoding=\"async\" class=\"size-full wp-image-687  \" title=\"Seu Ant\u00f4nio serve, serve e a fila aumenta, aumenta... todos querem uma pipoquinha!\" src=\"http:\/\/projetocineb.com.br\/wp-content\/uploads\/2010\/05\/Salete03.jpg\" alt=\"Seu Ant\u00f4nio serve, serve e a fila aumenta, aumenta... todos querem uma pipoquinha!\" width=\"384\" height=\"255\" \/><\/a><figcaption id=\"caption-attachment-687\" class=\"wp-caption-text\">Seu Ant\u00f4nio serve, serve e a fila aumenta, aumenta... todos querem uma pipoquinha!<\/figcaption><\/figure>\n<p><span style=\"color: #ff6600;\">Fam\u00edlias e gera\u00e7\u00f5es estiveram presentes nesta sess\u00e3o<\/span>, como Dona Rosa Rubim Antunes, de 90 anos que disse ter adorado o filme e o projeto. \u00a0Junto com ela, as 4 gera\u00e7\u00f5es da mesma fam\u00edlia tamb\u00e9m estiveram na sess\u00e3o: sua filha Marta, seu neto Jorge e seu bisneto Luis Gustavo. \u201cA cultura \u00e9 muito importante para as pessoas\u201d, disse dona Rosa.<\/p>\n<p>Bem pertinho da par\u00f3quia, o CEU \u2013 Centro Educacional Unificado tamb\u00e9m disp\u00f5e de uma programa\u00e7\u00e3o cultural, tal como a exibi\u00e7\u00e3o de filmes e espet\u00e1culos teatrais. Mesmo assim, as possibilidades art\u00edsticas ainda s\u00e3o limitadas. Portanto, <span style=\"color: #ff6600;\">projetos e a\u00e7\u00f5es com este car\u00e1ter s\u00e3o sempre bem vindos!<\/span><\/p>\n<p><span style=\"color: #ff6600;\"> <\/span><\/p>\n<figure id=\"attachment_688\" aria-describedby=\"caption-attachment-688\" style=\"width: 384px\" class=\"wp-caption aligncenter\"><a href=\"http:\/\/projetocineb.com.br\/wp-content\/uploads\/2010\/05\/salete05.jpg\"><img decoding=\"async\" class=\"size-full wp-image-688  \" title=\"Maria Geraldina Lopes Ferreira, da associa\u00e7\u00e3o local e Cid\u00e1lio Vieira Santos com Cynthia Alario, da Brazucah Produ\u00e7\u00f5es\" src=\"http:\/\/projetocineb.com.br\/wp-content\/uploads\/2010\/05\/salete05.jpg\" alt=\"Maria Geraldina Lopes Ferreira, da associa\u00e7\u00e3o local e Cid\u00e1lio Vieira Santos com Cynthia Alario, da Brazucah Produ\u00e7\u00f5es\" width=\"384\" height=\"255\" \/><\/a><figcaption id=\"caption-attachment-688\" class=\"wp-caption-text\">Maria Geraldina Lopes Ferreira, da associa\u00e7\u00e3o local e Cid\u00e1lio Vieira Santos com Cynthia Alario, da Brazucah Produ\u00e7\u00f5es<\/figcaption><\/figure>\n<p>Nossos anfitri\u00f5es, que muito bem nos receberam e cuidaram de toda a produ\u00e7\u00e3o e divulga\u00e7\u00e3o local, foram a Maria e o Seu Geraldo. Ambos fazem um trabalho voluntario da par\u00f3quia, com muita dedica\u00e7\u00e3o e amor.<\/p>\n<p><span style=\"color: #ff6600;\">Maria Gerlandia Lopes Ferreira<\/span> participa h\u00e1 13 anos da catequese da Nossa Senhora do Carmo., isso porque atualmente tem 36 anos, ou seja, <span style=\"color: #ff6600;\">1\/3 da sua vida dedicada a ajudar o pr\u00f3ximo<\/span>, por uma vontade que ela mesmo diz ser um tipo de inspira\u00e7\u00e3o. <span style=\"color: #ff6600;\">\u201cEu tenho a coragem de ajudar\u201d<\/span>, disse Maria.<\/p>\n<p>Seu Geraldo, um simp\u00e1tico mineiro, atualmente acumula as fun\u00e7\u00f5es de presidente e vice-Presidente\u00a0 na coordena\u00e7\u00e3o da Pastoral da Solidariedade, mas acaba tendo 1001 utilidades, como ele mesmo nos contou. \u00c9 ele quem organiza eventos que arrecadam fundos para as fam\u00edlias inscritas no programa \u00a0da associa\u00e7\u00e3o, receberem benef\u00edcios.\u00a0 Em breve, ele se aposentar\u00e1 da atual fun\u00e7\u00e3o de funcion\u00e1rio publico e retornar\u00e1 para sua terra, Minas Gerais, onde sua esposa j\u00e1 o espera . <span style=\"color: #ff6600;\">\u201cAssim que chegar em Minas continuarei meu trabalho como voluntario na Pastoral. Minha esposa j\u00e1 esta envolvida na comunidade. Depois que voc\u00ea come\u00e7a a trabalhar ajudando o pr\u00f3ximo, n\u00e3o consegue mais parar, n\u00e3o h\u00e1 dinheiro que pague o bem estar que sentimos ao fazer o bem\u201d, disse seu Geraldo<\/span>.<\/p>\n<figure id=\"attachment_689\" aria-describedby=\"caption-attachment-689\" style=\"width: 384px\" class=\"wp-caption aligncenter\"><a href=\"http:\/\/projetocineb.com.br\/wp-content\/uploads\/2010\/05\/Salete04.jpg\"><img decoding=\"async\" class=\"size-full wp-image-689  \" title=\"Seu Geraldo e a sala da Associa\u00e7\u00e3o cheia de espectadores para esta sess\u00e3o do Cine B\" src=\"http:\/\/projetocineb.com.br\/wp-content\/uploads\/2010\/05\/Salete04.jpg\" alt=\"Seu Geraldo e a sala da Associa\u00e7\u00e3o cheia de espectadores para esta sess\u00e3o do Cine B\" width=\"384\" height=\"255\" \/><\/a><figcaption id=\"caption-attachment-689\" class=\"wp-caption-text\">Seu Geraldo e a sala da Associa\u00e7\u00e3o cheia de espectadores para esta sess\u00e3o do Cine B<\/figcaption><\/figure>\n<p><span style=\"color: #ff6600;\">Quem quiser colaborar<\/span> com a Paroquia Nossa Senhora do Carmo, entre em <span style=\"color: #ff6600;\">contato com a Maria atrav\u00e9s do email<\/span>: <a href=\"mailto:m.landia@hotmail.com\">m.landia@hotmail.com<\/a>. Atualmente eles est\u00e3o buscando parceiros para a realiza\u00e7\u00e3o de uma brinquedoteca e biblioteca, num dos sal\u00f5es da comunidade.<\/p>\n<h2><span style=\"color: #008000;\">CLICKS<\/span><\/h2>\n<figure id=\"attachment_690\" aria-describedby=\"caption-attachment-690\" style=\"width: 384px\" class=\"wp-caption aligncenter\"><a href=\"http:\/\/projetocineb.com.br\/wp-content\/uploads\/2010\/05\/salete06.jpg\"><img loading=\"lazy\" decoding=\"async\" class=\"size-full wp-image-690  \" title=\"Sess\u00e3o do Cine B na par\u00f3quia Nossa  Senhora do Carmo, na Comunidade Nossa Senhora de Salete\" src=\"http:\/\/projetocineb.com.br\/wp-content\/uploads\/2010\/05\/salete06.jpg\" alt=\"\" width=\"384\" height=\"255\" \/><\/a><figcaption id=\"caption-attachment-690\" class=\"wp-caption-text\">Sess\u00e3o do Cine B na par\u00f3quia Nossa  Senhora do Carmo, na Comunidade Nossa Senhora de Salete<\/figcaption><\/figure>\n<figure id=\"attachment_691\" aria-describedby=\"caption-attachment-691\" style=\"width: 384px\" class=\"wp-caption aligncenter\"><a href=\"http:\/\/projetocineb.com.br\/wp-content\/uploads\/2010\/05\/salete07.jpg\"><img loading=\"lazy\" decoding=\"async\" class=\"size-full wp-image-691  \" title=\"Os sortudos desta sess\u00e3o que levaram para casa as camisetas do Cine B\" src=\"http:\/\/projetocineb.com.br\/wp-content\/uploads\/2010\/05\/salete07.jpg\" alt=\"Os sortudos desta sess\u00e3o que levaram para casa as camisetas do Cine B\" width=\"384\" height=\"255\" \/><\/a><figcaption id=\"caption-attachment-691\" class=\"wp-caption-text\">Os sortudos desta sess\u00e3o que levaram para casa as camisetas do Cine B<\/figcaption><\/figure>\n","protected":false},"excerpt":{"rendered":"<p>(texto de Cythia Alario) No dia\u00a0 24 de abril foi a vez do Ja\u00e7an\u00e3, zona norte de S\u00e3o Paulo, contar[&#8230;]<\/p>\n","protected":false},"author":2,"featured_media":0,"comment_status":"open","ping_status":"open","sticky":false,"template":"","format":"standard","meta":[],"categories":[2],"tags":[154,266,470,662,1132,1249],"_links":{"self":[{"href":"https:\/\/projetocineb.com.br\/index.php?rest_route=\/wp\/v2\/posts\/686"}],"collection":[{"href":"https:\/\/projetocineb.com.br\/index.php?rest_route=\/wp\/v2\/posts"}],"about":[{"href":"https:\/\/projetocineb.com.br\/index.php?rest_route=\/wp\/v2\/types\/post"}],"author":[{"embeddable":true,"href":"https:\/\/projetocineb.com.br\/index.php?rest_route=\/wp\/v2\/users\/2"}],"replies":[{"embeddable":true,"href":"https:\/\/projetocineb.com.br\/index.php?rest_route=%2Fwp%2Fv2%2Fcomments&post=686"}],"version-history":[{"count":0,"href":"https:\/\/projetocineb.com.br\/index.php?rest_route=\/wp\/v2\/posts\/686\/revisions"}],"wp:attachment":[{"href":"https:\/\/projetocineb.com.br\/index.php?rest_route=%2Fwp%2Fv2%2Fmedia&parent=686"}],"wp:term":[{"taxonomy":"category","embeddable":true,"href":"https:\/\/projetocineb.com.br\/index.php?rest_route=%2Fwp%2Fv2%2Fcategories&post=686"},{"taxonomy":"post_tag","embeddable":true,"href":"https:\/\/projetocineb.com.br\/index.php?rest_route=%2Fwp%2Fv2%2Ftags&post=686"}],"curies":[{"name":"wp","href":"https:\/\/api.w.org\/{rel}","templated":true}]}}