{"id":71,"date":"2010-02-05T20:50:12","date_gmt":"2010-02-05T20:50:12","guid":{"rendered":"http:\/\/projetocineb.com.br\/?p=71"},"modified":"2010-02-05T20:50:12","modified_gmt":"2010-02-05T20:50:12","slug":"cohab-1-esfuco","status":"publish","type":"post","link":"https:\/\/projetocineb.com.br\/?p=71","title":{"rendered":"COHAB 1 . ESFUCO"},"content":{"rendered":"<h2 style=\"text-align: center;\"><span style=\"color: #339966;\"><a href=\"http:\/\/projetocineb.com.br\/wp-content\/uploads\/2010\/02\/Tarja-CineB02.jpg\"><img decoding=\"async\" class=\"aligncenter size-full wp-image-83\" title=\"Tarja-CineB02\" src=\"http:\/\/projetocineb.com.br\/wp-content\/uploads\/2010\/02\/Tarja-CineB02.jpg\" alt=\"\" width=\"360\" height=\"98\" \/><\/a><\/span><\/h2>\n<h2><span style=\"color: #339966;\">MELHOR SAIR QUE VER TV<\/span><\/h2>\n<p>Em uma viela bem arborizada, num in\u00edcio de noite fresco, <span style=\"color: #0000ff;\">o CineB abriu as portas da Escola de Futebol Esfuco da Cohab 1, em Arthur Alvim, zona leste de S\u00e3o Paulo<\/span>. Os curtas animados trouxeram muitas crian\u00e7as, e junto, pais, av\u00f3s, vizinhos e amigos.<\/p>\n<p>Neusa e Jaime trouxeram o neto Richard para assistir aos filmes. De quebra, aproveitaram a oportunidade para se divertir um pouco. <span style=\"color: #0000ff;\">Richard gostou do curta metragem <em>Meow<\/em><\/span>. O curta \u00e9 uma excelente <span style=\"color: #0000ff;\">cr\u00edtica ao imperialismo norte americano\u00a0em nossas comunidades brasileiras<\/span>.<\/p>\n<p style=\"text-align: center;\"><a href=\"http:\/\/projetocineb.com.br\/wp-content\/uploads\/2010\/02\/DSC00152_01SITE.jpg\"><img fetchpriority=\"high\" decoding=\"async\" class=\"aligncenter size-full wp-image-75\" title=\"Neusa\/Jaime\/Lucas\" src=\"http:\/\/projetocineb.com.br\/wp-content\/uploads\/2010\/02\/DSC00152_01SITE.jpg\" alt=\"\" width=\"432\" height=\"324\" \/><\/a><\/p>\n<p>J\u00e1 a <span style=\"color: #0000ff;\">dona Onorina Maria Jos\u00e9, de 75 anos<\/span>, deu mais um voto para o peculiar <em>Isabel e o cachorro flautista<\/em>, que mistura cenas filmadas e anima\u00e7\u00e3o, numa hist\u00f3ria com Iemanj\u00e1 e, logicamente, um cachorro flautista. <span style=\"color: #0000ff;\">\u201cMas na verdade gostei de todos os filmes\u201d<\/span>, diz animada, Onorina.<\/p>\n<p>Sua vizinha e amiga, a <span style=\"color: #0000ff;\">dona Raimunda Pereira de Souza, de 89 anos disse que achou melhor sair do que ficar em casa vendo tv<\/span>. As duas amigas n\u00e3o costumam ir muito ao cinema, ent\u00e3o esta era uma \u00f3tima oportunidade de aproveitar a grande tela. <span style=\"color: #0000ff;\">\u201cAt\u00e9 tomamos banho bem r\u00e1pido para nos trocar e chegarmos logo\u201d<\/span>, diz dona Onorina, que no final da sess\u00e3o faturou no sorteio uma camiseta do CineB!<\/p>\n<p style=\"text-align: center;\"><a href=\"http:\/\/projetocineb.com.br\/wp-content\/uploads\/2010\/02\/DSC00135_01SITE.jpg\"><img decoding=\"async\" class=\"aligncenter size-full wp-image-76\" title=\"Onorina\/Raimunda\" src=\"http:\/\/projetocineb.com.br\/wp-content\/uploads\/2010\/02\/DSC00135_01SITE.jpg\" alt=\"\" width=\"432\" height=\"324\" \/><\/a><\/p>\n<h2><span style=\"color: #339966;\">DIVERS\u00c3O POR PERTO<\/span><\/h2>\n<p>Larissa Souza Gomes, de 5 anos, que adora filmes de terror, principalmente quando assiste no escuro, estava ansiosa pela sess\u00e3o. Acompanhada de sua m\u00e3e, Cirlene Cristina Souza Gomes, a pequena garotinha contagiava de alegria.<\/p>\n<p style=\"text-align: center;\"><a href=\"http:\/\/projetocineb.com.br\/wp-content\/uploads\/2010\/02\/DSC00134_01SITE.jpg\"><img loading=\"lazy\" decoding=\"async\" class=\"aligncenter size-full wp-image-77\" title=\"Cirlene\/Larissa\" src=\"http:\/\/projetocineb.com.br\/wp-content\/uploads\/2010\/02\/DSC00134_01SITE.jpg\" alt=\"\" width=\"432\" height=\"324\" \/><\/a><\/p>\n<p>O pai de Larissa, <span style=\"color: #0000ff;\">Alex Minduim, foi respons\u00e1vel na comunidade pela divulga\u00e7\u00e3o dessa exibi\u00e7\u00e3o<\/span>. <span style=\"color: #0000ff;\">Funcion\u00e1rio da CUT<\/span> (Central \u00danica dos Trabalhadores), ele diz que eventos como esse satisfazem e fortalecem a comunidade, porque s\u00e3o alternativas de lazer e cultura essenciais para as pessoas. <span style=\"color: #0000ff;\">\u201cNesta Cohab, mantemos atividades diversas, como teatro popular, atra\u00e7\u00f5es circenses e esportes para crian\u00e7as e adolescentes\u201d<\/span>, diz Minduim.<\/p>\n<p style=\"text-align: justify;\"><span style=\"color: #0000ff;\">\u201cAqui n\u00e3o temos tanta divers\u00e3o, por isso precisamos\u00a0apoiar eventos como este\u201d disse Duda Mesquita, diretora social da Escola Esfuco<\/span>. Duda \u00e9 respons\u00e1vel por diversas atividades na Escola que motivam a comunidade.A distribui\u00e7\u00e3o de leite e cestas b\u00e1sicas para 100 fam\u00edlias fornece sa\u00fade plena aos cidad\u00e3os. <span style=\"color: #0000ff;\">E o mais legal \u00e9 ver gente que viu o cartaz do evento na hora de recolher o leite, e veio prestigiar a exibi\u00e7\u00e3o<\/span>. Uma dessas pessoas \u00e9 Neide Oliveira, de 65 anos, que trouxe diversas crian\u00e7as de seu pr\u00e9dio. Disse que era melhor do que eles ficarem \u201cbrigando\u201d no condom\u00ednio. <span style=\"color: #0000ff;\">\u201c\u00c9 bom assistir isso tudo aqui na comunidade, principalmente que na \u00faltima vez, fui ver uma pe\u00e7a no Centro, mas como o metr\u00f4 fecha cedo, tive que sair antes do final\u201d, diz Neide<\/span>.<\/p>\n<p style=\"text-align: center;\"><a href=\"http:\/\/projetocineb.com.br\/wp-content\/uploads\/2010\/02\/DSC00165_01WEB.jpg\"><\/a><img loading=\"lazy\" decoding=\"async\" class=\"aligncenter size-full wp-image-78\" title=\"Duda\" src=\"http:\/\/projetocineb.com.br\/wp-content\/uploads\/2010\/02\/DSC00139_01SITE.jpg\" alt=\"\" width=\"432\" height=\"317\" \/>\u00a0<\/p>\n<p style=\"text-align: center;\"><a href=\"http:\/\/projetocineb.com.br\/wp-content\/uploads\/2010\/02\/DSC00148_01SITE.jpg\"><\/a>\u00a0<\/p>\n<h2><span style=\"color: #339966;\">NUM &#8220;G\u00fcENTOU&#8221; ESPERAR<\/span><\/h2>\n<p>Enzo Kaloan, de 2 anos e Kyara Winnie, de 3 adiantaram a sess\u00e3o que iam ter em sua comunidade. Seus pais, Nando Comunista e Gl\u00e1ucia Fabiana que moram em Cidade Tiradentes trouxeram as crian\u00e7as para assistir aos curtas animados do CineB. <span style=\"color: #0000ff;\">\u201cViemos dar uma for\u00e7a porque a Duda Mesquita \u00e9 m\u00e3e da Gl\u00e1ucia, minha companheira, mas no dia 14 tamb\u00e9m vamos\u201d, diz Nando<\/span>.<\/p>\n<p>Dia 14 de novembro estaremos na Escola Oswaldo Aranha Bandeira de Mello, na Zona Leste. Para quem quiser ir, a Escola fica na Avenida dos Metal\u00fargicos, 1.115, em frente a ETEC e o CEU \u00c1gua Azul. Maiores informa\u00e7\u00f5es d\u00e1 uma ligada para o 2282-2125 ou 2964-9382.<\/p>\n<p style=\"text-align: center;\"><img loading=\"lazy\" decoding=\"async\" class=\"size-full wp-image-79 aligncenter\" title=\"Nando\/Gl\u00e1ucia\/Enzo\/Kyara\" src=\"http:\/\/projetocineb.com.br\/wp-content\/uploads\/2010\/02\/DSC00148_01SITE.jpg\" alt=\"\" width=\"432\" height=\"324\" \/><\/p>\n<h2><span style=\"color: #339966;\">PR\u00d3XIMA SESS\u00c3O<\/span><\/h2>\n<p>Mas amanh\u00e3, <span style=\"color: #0000ff;\">31 de outubro<\/span>, \u00e0s 19 horas, tem mais uma exibi\u00e7\u00e3o do CineB, especialmente para as crian\u00e7as da <span style=\"color: #0000ff;\">Vila Brasilina<\/span>. O local vai ser o <span style=\"color: #0000ff;\">GRCBES Brinco da Marquesa<\/span>, que fica na avenida Dom Vilares, altura do n\u00famero 300, na Zona Sul de Sampa. A sess\u00e3o vai ser na quadra do Gr\u00eamio, embaixo do viaduto! \u00c9 preciso retirar ingressos na Secretaria da Escola, com Mirna ou Isabel. O telefone de l\u00e1 \u00e9 <span style=\"color: #0000ff;\">2724-5658<\/span>.<\/p>\n<p style=\"text-align: left;\">N\u00e3o perca, prestigie a sua comunidade e curta o CineB!<\/p>\n<p style=\"text-align: center;\"><img loading=\"lazy\" decoding=\"async\" class=\"aligncenter size-full wp-image-81\" title=\"Sorteio\" src=\"http:\/\/projetocineb.com.br\/wp-content\/uploads\/2010\/02\/DSC00165_01WEB.jpg\" alt=\"\" width=\"288\" height=\"216\" \/><\/p>\n<p>\u00a0<\/p>\n<p>0~0<\/p>\n","protected":false},"excerpt":{"rendered":"<p>MELHOR SAIR QUE VER TV Em uma viela bem arborizada, num in\u00edcio de noite fresco, o CineB abriu as portas[&#8230;]<\/p>\n","protected":false},"author":2,"featured_media":0,"comment_status":"open","ping_status":"open","sticky":false,"template":"","format":"standard","meta":[],"categories":[2],"tags":[297,299,812,1247],"_links":{"self":[{"href":"https:\/\/projetocineb.com.br\/index.php?rest_route=\/wp\/v2\/posts\/71"}],"collection":[{"href":"https:\/\/projetocineb.com.br\/index.php?rest_route=\/wp\/v2\/posts"}],"about":[{"href":"https:\/\/projetocineb.com.br\/index.php?rest_route=\/wp\/v2\/types\/post"}],"author":[{"embeddable":true,"href":"https:\/\/projetocineb.com.br\/index.php?rest_route=\/wp\/v2\/users\/2"}],"replies":[{"embeddable":true,"href":"https:\/\/projetocineb.com.br\/index.php?rest_route=%2Fwp%2Fv2%2Fcomments&post=71"}],"version-history":[{"count":0,"href":"https:\/\/projetocineb.com.br\/index.php?rest_route=\/wp\/v2\/posts\/71\/revisions"}],"wp:attachment":[{"href":"https:\/\/projetocineb.com.br\/index.php?rest_route=%2Fwp%2Fv2%2Fmedia&parent=71"}],"wp:term":[{"taxonomy":"category","embeddable":true,"href":"https:\/\/projetocineb.com.br\/index.php?rest_route=%2Fwp%2Fv2%2Fcategories&post=71"},{"taxonomy":"post_tag","embeddable":true,"href":"https:\/\/projetocineb.com.br\/index.php?rest_route=%2Fwp%2Fv2%2Ftags&post=71"}],"curies":[{"name":"wp","href":"https:\/\/api.w.org\/{rel}","templated":true}]}}