{"id":7168,"date":"2015-04-27T14:37:41","date_gmt":"2015-04-27T17:37:41","guid":{"rendered":"http:\/\/projetocineb.com.br\/?p=7168"},"modified":"2015-04-27T14:37:41","modified_gmt":"2015-04-27T17:37:41","slug":"cineb-e-sucesso-de-publico-e-critica-no-jardim-monte-belo-em-perus","status":"publish","type":"post","link":"https:\/\/projetocineb.com.br\/?p=7168","title":{"rendered":"CINEB \u00e9 sucesso de p\u00fablico e cr\u00edtica no Jardim Monte Belo, em Perus"},"content":{"rendered":"<p style=\"text-align: right;\"><strong>Texto e fotos por Vinicius de Souza<\/strong><\/p>\n<p>Cerca de 140 pessoas participaram da primeira sess\u00e3o do Projeto CINEB na quadra esportiva da EMEF Jardim Monte Belo, na regi\u00e3o noroeste de S\u00e3o Paulo no \u00faltimo s\u00e1bado 25 de abril. Entre os presentes estavam estudantes da escola, tanto crian\u00e7as como alunos do EJA, moradores do bairro e at\u00e9 visitantes de lugares mais distantes que souberam da sess\u00e3o pela internet, Facebook e pela mat\u00e9ria publicada a edi\u00e7\u00e3o de mar\u00e7o\/abril do Jornal Cultural Perus\/Anhanguera.<\/p>\n<figure id=\"attachment_7185\" aria-describedby=\"caption-attachment-7185\" style=\"width: 496px\" class=\"wp-caption aligncenter\"><a href=\"http:\/\/projetocineb.com.br\/wp-content\/uploads\/2015\/04\/sala-lotada2.jpg\"><img fetchpriority=\"high\" decoding=\"async\" class=\" wp-image-7185  \" title=\"sala-lotada2\" src=\"http:\/\/projetocineb.com.br\/wp-content\/uploads\/2015\/04\/sala-lotada2.jpg\" alt=\"\" width=\"496\" height=\"330\" \/><\/a><figcaption id=\"caption-attachment-7185\" class=\"wp-caption-text\">A quadra da escola estava lotada para receber o cinema brasileiro<\/figcaption><\/figure>\n<p style=\"text-align: left;\" align=\"center\">Tamb\u00e9m prestigiaram a sess\u00e3o lideran\u00e7as populares como M\u00f4nica Costa Silva, da Associa\u00e7\u00e3o de Defesa da Cidadania; Angela Maria Pereira, vice-presidenta do Instituto Atiara; Rosemere Chaves, presidenta da Associa\u00e7\u00e3o Sonhos Dourados; Jos\u00e9 Edimar de Carvalho, coordenador de cultura da Sub-Prefeitura de Perus; e Jos\u00e9 Laurindo de Oliveira, advogado dos movimentos populares. O evento contou ainda com um dos principais incentivadores do Projeto CINEB, o ex-deputado estadual e atual diretor do Sindicato dos Banc\u00e1rios de S\u00e3o Paulo, Osasco e Regi\u00e3o, Luiz Cl\u00e1udio Marcolino. \u201cE tivemos, como poucas vezes na hist\u00f3ria do projeto, a presen\u00e7a e apoio fundamental da diretora da escola, professora Angela Bogik, que nos ajudou durante toda a prepara\u00e7\u00e3o e apresenta\u00e7\u00e3o\u201d, ressalta Cid\u00e1lio Vieira Santos, coordenador do CINEB.<\/p>\n<figure id=\"attachment_7174\" aria-describedby=\"caption-attachment-7174\" style=\"width: 510px\" class=\"wp-caption aligncenter\"><a href=\"http:\/\/projetocineb.com.br\/wp-content\/uploads\/2015\/04\/liderancas.jpg\"><img decoding=\"async\" class=\" wp-image-7174    \" title=\"liderancas\" src=\"http:\/\/projetocineb.com.br\/wp-content\/uploads\/2015\/04\/liderancas.jpg\" alt=\"\" width=\"510\" height=\"364\" \/><\/a><figcaption id=\"caption-attachment-7174\" class=\"wp-caption-text\">Monica Silva, Jos\u00e9 Carvalho, Jos\u00e9 Laurindo, Cid\u00e1lio Santos, a diretora da escola Angela Bogik e o ex-deputado Luiz Cl\u00e1udio Marcolino <\/figcaption><\/figure>\n<p>O CINEB tenta sempre inovar em suas sess\u00f5es. Nessa, as principais novidades foram a estreia de um painel luminoso, exatamente como nos cinemas comerciais, com os t\u00edtulos dos filmes a serem exibidos, e uma apresenta\u00e7\u00e3o musical antes da sess\u00e3o. A atra\u00e7\u00e3o ficou por conta da dupla Jos\u00e9 Edimar de Carvalho, mais conhecido como \u201cPipoca\u201d, e Lu\u00eds Carlos Cassimiro. Segundo eles, nunca foram t\u00e3o aplaudidos.<\/p>\n<figure id=\"attachment_7170\" aria-describedby=\"caption-attachment-7170\" style=\"width: 363px\" class=\"wp-caption aligncenter\"><a href=\"http:\/\/projetocineb.com.br\/wp-content\/uploads\/2015\/04\/nova-plca-luminosa.jpg\"><img decoding=\"async\" class=\" wp-image-7170   \" title=\"nova-placa-luminosa\" src=\"http:\/\/projetocineb.com.br\/wp-content\/uploads\/2015\/04\/nova-plca-luminosa.jpg\" alt=\"\" width=\"363\" height=\"546\" \/><\/a><figcaption id=\"caption-attachment-7170\" class=\"wp-caption-text\">Cid\u00e1lio inaugurou o novo painel luminoso do CINEB<\/figcaption><\/figure>\n<figure id=\"attachment_7176\" aria-describedby=\"caption-attachment-7176\" style=\"width: 446px\" class=\"wp-caption aligncenter\"><a href=\"http:\/\/projetocineb.com.br\/wp-content\/uploads\/2015\/04\/dupla-musical.jpg\"><img loading=\"lazy\" decoding=\"async\" class=\" wp-image-7176    \" title=\"dupla-musical\" src=\"http:\/\/projetocineb.com.br\/wp-content\/uploads\/2015\/04\/dupla-musical.jpg\" alt=\"\" width=\"446\" height=\"354\" \/><\/a><figcaption id=\"caption-attachment-7176\" class=\"wp-caption-text\">O p\u00fablico cantou junto e aplaudiu muito a dupla Pipoca e Cassimiro<\/figcaption><\/figure>\n<p style=\"text-align: left;\" align=\"center\">Por falar em pipoca, essa n\u00e3o podia faltar de jeito nenhum. O sr. Antonio, como sempre, levou seu carrinho e fez a alegria da crian\u00e7ada antes e depois das sess\u00f5es, n\u00e3o deixando ningu\u00e9m na vontade.<\/p>\n<figure id=\"attachment_7175\" aria-describedby=\"caption-attachment-7175\" style=\"width: 409px\" class=\"wp-caption aligncenter\"><a href=\"http:\/\/projetocineb.com.br\/wp-content\/uploads\/2015\/04\/pipoca1.jpg\"><img loading=\"lazy\" decoding=\"async\" class=\" wp-image-7175    \" title=\"pipoca1\" src=\"http:\/\/projetocineb.com.br\/wp-content\/uploads\/2015\/04\/pipoca1.jpg\" alt=\"\" width=\"409\" height=\"272\" \/><\/a><figcaption id=\"caption-attachment-7175\" class=\"wp-caption-text\">N\u00e3o faltou pipoca pra ningu\u00e9m<\/figcaption><\/figure>\n<figure id=\"attachment_7177\" aria-describedby=\"caption-attachment-7177\" style=\"width: 425px\" class=\"wp-caption aligncenter\"><a href=\"http:\/\/projetocineb.com.br\/wp-content\/uploads\/2015\/04\/bonde-da-pipoca.jpg\"><img loading=\"lazy\" decoding=\"async\" class=\" wp-image-7177  \" title=\"bonde da pipoca\" src=\"http:\/\/projetocineb.com.br\/wp-content\/uploads\/2015\/04\/bonde-da-pipoca.jpg\" alt=\"\" width=\"425\" height=\"289\" \/><\/a><figcaption id=\"caption-attachment-7177\" class=\"wp-caption-text\">Esses at\u00e9 disseram que eram \u201co Bonde da Pipoca\u201d<\/figcaption><\/figure>\n<figure id=\"attachment_7178\" aria-describedby=\"caption-attachment-7178\" style=\"width: 424px\" class=\"wp-caption aligncenter\"><a href=\"http:\/\/projetocineb.com.br\/wp-content\/uploads\/2015\/04\/hellen-ribeiro.jpg\"><img loading=\"lazy\" decoding=\"async\" class=\" wp-image-7178  \" title=\"hellen-ribeiro\" src=\"http:\/\/projetocineb.com.br\/wp-content\/uploads\/2015\/04\/hellen-ribeiro.jpg\" alt=\"\" width=\"424\" height=\"638\" \/><\/a><figcaption id=\"caption-attachment-7178\" class=\"wp-caption-text\">Eliane Pereira, de 34 anos, levou os filhos em sua primeira experi\u00eancia diante da tela grande<\/figcaption><\/figure>\n<p style=\"text-align: left;\" align=\"center\">Outra constante nas sess\u00f5es do Projeto CINEB \u00e9 a presen\u00e7a de adultos e crian\u00e7as que nunca tiveram uma experi\u00eancia antes no cinema. Essa foi a chance, por exemplo, para Hellen Ribeiro, Erisvaldo Correa, , Grimaldo Roberto, Gorete Silvestre, Juliana Silvestre e as crian\u00e7as Eliane Pereira e \u00a0Rafael Santos assistirem pela primeira vez filmes brasileiros de qualidade na tela grande. O programa no Jardim Monte Belo contou com os cinco curta-metragens vencedores do Concurso CINEB da Periferia, retratando a vida de gente como a gente.<\/p>\n<figure id=\"attachment_7179\" aria-describedby=\"caption-attachment-7179\" style=\"width: 424px\" class=\"wp-caption aligncenter\"><a href=\"http:\/\/projetocineb.com.br\/wp-content\/uploads\/2015\/04\/Grimaldo.jpg\"><img loading=\"lazy\" decoding=\"async\" class=\" wp-image-7179   \" title=\"Grimaldo\" src=\"http:\/\/projetocineb.com.br\/wp-content\/uploads\/2015\/04\/Grimaldo.jpg\" alt=\"\" width=\"424\" height=\"638\" \/><\/a><figcaption id=\"caption-attachment-7179\" class=\"wp-caption-text\">Erisvaldo Correa, de 42 anos, nunca tinha ido a um cinema<\/figcaption><\/figure>\n<figure id=\"attachment_7180\" aria-describedby=\"caption-attachment-7180\" style=\"width: 424px\" class=\"wp-caption aligncenter\"><a href=\"http:\/\/projetocineb.com.br\/wp-content\/uploads\/2015\/04\/pipoca-3.jpg\"><img loading=\"lazy\" decoding=\"async\" class=\" wp-image-7180  \" title=\"pipoca 3\" src=\"http:\/\/projetocineb.com.br\/wp-content\/uploads\/2015\/04\/pipoca-3.jpg\" alt=\"\" width=\"424\" height=\"638\" \/><\/a><figcaption id=\"caption-attachment-7180\" class=\"wp-caption-text\">E o pequeno largou a chupeta pra n\u00e3o deixar a del\u00edcia de lado<\/figcaption><\/figure>\n<p style=\"text-align: left;\">Para encerrar a sess\u00e3o, muitos brindes tamb\u00e9m foram distribu\u00eddos entre para a plateia. Crian\u00e7as e adultos receberam cubos m\u00e1gicos, camisetas do Projeto CINEB e ainda produtos cosm\u00e9ticos e de higiene pessoal cedidos para nossa parceira Surya Brasil.<\/p>\n<figure id=\"attachment_7189\" aria-describedby=\"caption-attachment-7189\" style=\"width: 425px\" class=\"wp-caption aligncenter\"><a href=\"http:\/\/projetocineb.com.br\/wp-content\/uploads\/2015\/04\/premios-1.jpg\"><img loading=\"lazy\" decoding=\"async\" class=\" wp-image-7189  \" title=\"premios 1\" src=\"http:\/\/projetocineb.com.br\/wp-content\/uploads\/2015\/04\/premios-1.jpg\" alt=\"\" width=\"425\" height=\"385\" \/><\/a><figcaption id=\"caption-attachment-7189\" class=\"wp-caption-text\">Algumas pessoas que foram sorteadas com os produtos da Surya Brasil<\/figcaption><\/figure>\n<p style=\"text-align: center;\"><a href=\"https:\/\/flic.kr\/s\/aHskcemN8F\" target=\"_blank\">CLIQUE AQUI PARA VER MAIS FOTOS DA SESS\u00c3O<\/a><\/p>\n","protected":false},"excerpt":{"rendered":"<p>Texto e fotos por Vinicius de Souza Cerca de 140 pessoas participaram da primeira sess\u00e3o do Projeto CINEB na quadra[&#8230;]<\/p>\n","protected":false},"author":2,"featured_media":7182,"comment_status":"open","ping_status":"open","sticky":false,"template":"","format":"standard","meta":[],"categories":[2],"tags":[149,252,265,279,357,688,962,964,1131],"_links":{"self":[{"href":"https:\/\/projetocineb.com.br\/index.php?rest_route=\/wp\/v2\/posts\/7168"}],"collection":[{"href":"https:\/\/projetocineb.com.br\/index.php?rest_route=\/wp\/v2\/posts"}],"about":[{"href":"https:\/\/projetocineb.com.br\/index.php?rest_route=\/wp\/v2\/types\/post"}],"author":[{"embeddable":true,"href":"https:\/\/projetocineb.com.br\/index.php?rest_route=\/wp\/v2\/users\/2"}],"replies":[{"embeddable":true,"href":"https:\/\/projetocineb.com.br\/index.php?rest_route=%2Fwp%2Fv2%2Fcomments&post=7168"}],"version-history":[{"count":0,"href":"https:\/\/projetocineb.com.br\/index.php?rest_route=\/wp\/v2\/posts\/7168\/revisions"}],"wp:featuredmedia":[{"embeddable":true,"href":"https:\/\/projetocineb.com.br\/index.php?rest_route=\/wp\/v2\/media\/7182"}],"wp:attachment":[{"href":"https:\/\/projetocineb.com.br\/index.php?rest_route=%2Fwp%2Fv2%2Fmedia&parent=7168"}],"wp:term":[{"taxonomy":"category","embeddable":true,"href":"https:\/\/projetocineb.com.br\/index.php?rest_route=%2Fwp%2Fv2%2Fcategories&post=7168"},{"taxonomy":"post_tag","embeddable":true,"href":"https:\/\/projetocineb.com.br\/index.php?rest_route=%2Fwp%2Fv2%2Ftags&post=7168"}],"curies":[{"name":"wp","href":"https:\/\/api.w.org\/{rel}","templated":true}]}}