{"id":721,"date":"2010-05-09T21:21:36","date_gmt":"2010-05-10T00:21:36","guid":{"rendered":"http:\/\/projetocineb.com.br\/?p=721"},"modified":"2010-05-09T21:21:36","modified_gmt":"2010-05-10T00:21:36","slug":"guarulhos-centro-social-urbano","status":"publish","type":"post","link":"https:\/\/projetocineb.com.br\/?p=721","title":{"rendered":"GUARULHOS &#8211; CENTRO SOCIAL URBANO"},"content":{"rendered":"<p><em>Fotos de Vivian Szelpal<\/em><\/p>\n<p>L\u00e1 fomos n\u00f3s para o <span style=\"color: #ff6600;\">Centro Social Urbano (CSU), que fica na quadra da S\u00e3o Rafael<\/span>. A quadra e uma \u00e1rea ao redor dela, que incluiu um posto de sa\u00fade, \u00e9 utilizada por toda a comunidade. L\u00e1 j\u00e1 foi um Ponto de Cultura. Apesar do contrato de verba ter acabado, as atividades continuaram. O CSU da S\u00e3o Rafael marcou a <span style=\"color: #ff6600;\">estr\u00e9ia do longa de Ricardo Elias, <\/span><em><span style=\"color: #ff6600;\">Os 12 trabalhos<\/span><\/em><span style=\"color: #ff6600;\">, na programa\u00e7\u00e3o de maio<\/span> do Cine B.<\/p>\n<p>Festas, eventos esportivos e culturais fazem parte da agenda do CSU. <span style=\"color: #ff6600;\">\u201cAqui j\u00e1 foi Ponto de Cultura, mas hoje n\u00e3o recebemos mais verba, trabalhamos unidos para conseguir fazer acontecer\u201d, disse o coordenador Wagner Neto<\/span>, mais conhecido como Wagn\u00e3o.<\/p>\n<p>Outro cabe\u00e7a nas engrenagens do Centro Social \u00e9 o organizador de esportes Keito, o qual promove um campeonato de futebol que congrega 20 equipes e 250 jogadores das mais diferentes regi\u00f5es de S\u00e3o Paulo. \u201cAl\u00e9m das aulas de tear, temos tamb\u00e9m programa de alfabetiza\u00e7\u00e3o para adultos, atividades para a melhor idade e nosso posto de sa\u00fade com m\u00e9dicos e profissionais para atendimento da popula\u00e7\u00e3o\u201d, disse Keito, que h\u00e1 mais de 15 anos, junto com Wagn\u00e3o, agita a comunidade de S\u00e3o Rafael.<\/p>\n<p><span style=\"color: #ff6600;\">\u201cAgora, com o apoio do Sindicato dos Banc\u00e1rios de S\u00e3o Paulo, ser\u00e1 poss\u00edvel melhorar ainda mais o que j\u00e1 foi conquistado. A deputada ferderal, Janete Piet\u00e1 (PT), \u00e9 autora de uma emenda a qual destina 200 mil reais de investimento para este espa\u00e7o\u201d, disse Ricardo Corr\u00eaa, diretor do Sindicato dos Banc\u00e1rios<\/span>. Em dezembro de 2009, a deputada visitou o local com o presidente do Sindicato dos Banc\u00e1rios, Luiz Cl\u00e1udio Marcolino e ficou impressionada com a organiza\u00e7\u00e3o da comunidade.*<\/p>\n<figure id=\"attachment_723\" aria-describedby=\"caption-attachment-723\" style=\"width: 371px\" class=\"wp-caption aligncenter\"><a href=\"http:\/\/projetocineb.com.br\/wp-content\/uploads\/2010\/05\/Guarulhos021.jpg\"><img fetchpriority=\"high\" decoding=\"async\" class=\"size-full wp-image-723 \" title=\"Keito, Wagn\u00e3o, Ricardo Correa e sua esposa Guiomar Correa\" src=\"http:\/\/projetocineb.com.br\/wp-content\/uploads\/2010\/05\/Guarulhos021.jpg\" alt=\"\" width=\"371\" height=\"248\" \/><\/a><figcaption id=\"caption-attachment-723\" class=\"wp-caption-text\">Keito, Wagn\u00e3o, Ricardo Correa e sua esposa Guiomar Correa<\/figcaption><\/figure>\n<p style=\"text-align: center;\">\n<p>Enquanto o Cine B mostrava o diferente <em>Os 12 Trabalhos<\/em>, o pessoal do CSU montava o palco e o sistema de luz do pr\u00f3ximo evento na noite do dia 7. O baile feito mensalmente, que abre espa\u00e7o para artistas das comunidades de Guarulhos e S\u00e3o Paulo, traz as mais diferentes vertentes. Do funk ao rap. <span style=\"color: #ff6600;\">\u201cQueremos trazer todo mundo da comunidade pra c\u00e1. N\u00e3o importa religi\u00e3o, m\u00fasica que ouve. Durante a semana, grupos religiosos se re\u00fanem aqui, cada um no seu dia, para fazer reuni\u00f5es de ora\u00e7\u00e3o. Queremos unir a comunidade\u201d, disse Wagn\u00e3o<\/span>, que tamb\u00e9m acrescenta que estas s\u00e3o formas de captar recursos financeiros para os projetos que pretendem realizar ou que j\u00e1 realizam, mas precisam aprimorar.<\/p>\n<p>Ent\u00e3o <span style=\"color: #ff6600;\">galera de S\u00e3o Rafael<\/span>, mande not\u00edcias pra gente sobre as mudan\u00e7as e <span style=\"color: #ff6600;\">comentem a\u00ea<\/span> o que acharam do filme!<\/p>\n<p><em><span style=\"color: #808080;\">[*Trecho com informa\u00e7\u00f5es retiradas do jornal Brasil Atual, edi\u00e7\u00e3o Guarulhos, numero 1, abril de 2010]<\/span><\/em><\/p>\n<h2><span style=\"color: #008000;\">CLIKS<\/span><\/h2>\n<figure id=\"attachment_724\" aria-describedby=\"caption-attachment-724\" style=\"width: 384px\" class=\"wp-caption aligncenter\"><a href=\"http:\/\/projetocineb.com.br\/wp-content\/uploads\/2010\/05\/Guarulhos03.jpg\"><img decoding=\"async\" class=\"size-full wp-image-724  \" title=\"O morador da comunidade S\u00e3o Rafael, Wanderlei Pereira, com sua esposa Daiane da Silva\" src=\"http:\/\/projetocineb.com.br\/wp-content\/uploads\/2010\/05\/Guarulhos03.jpg\" alt=\"O morador da comunidade S\u00e3o Rafael, Wanderlei Pereira, com sua esposa Daiane da Silva\" width=\"384\" height=\"255\" \/><\/a><figcaption id=\"caption-attachment-724\" class=\"wp-caption-text\">O morador da comunidade S\u00e3o Rafael, Wanderlei Pereira, com sua esposa Daiane da Silva<\/figcaption><\/figure>\n<figure id=\"attachment_725\" aria-describedby=\"caption-attachment-725\" style=\"width: 384px\" class=\"wp-caption aligncenter\"><a href=\"http:\/\/projetocineb.com.br\/wp-content\/uploads\/2010\/05\/Guarulhos04.jpg\"><img decoding=\"async\" class=\"size-full wp-image-725  \" title=\"Clarice Caetano de Souza, com sua neta Beatriz Tain\u00e1 Caetano de Souza, de 10 anos\" src=\"http:\/\/projetocineb.com.br\/wp-content\/uploads\/2010\/05\/Guarulhos04.jpg\" alt=\"Clarice Caetano de Souza, com sua neta Beatriz Tain\u00e1 Caetano de Souza, de 10 anos\" width=\"384\" height=\"255\" \/><\/a><figcaption id=\"caption-attachment-725\" class=\"wp-caption-text\">Clarice Caetano de Souza, com sua neta Beatriz Tain\u00e1 Caetano de Souza, de 10 anos<\/figcaption><\/figure>\n<figure id=\"attachment_726\" aria-describedby=\"caption-attachment-726\" style=\"width: 384px\" class=\"wp-caption aligncenter\"><a href=\"http:\/\/projetocineb.com.br\/wp-content\/uploads\/2010\/05\/Guarulhos05.jpg\"><img loading=\"lazy\" decoding=\"async\" class=\"size-full wp-image-726 \" title=\"\u201cO Sindicato dos Banc\u00e1rios e a Brazucah Produ\u00e7\u00f5es trouxe pra gente um \u00f3timo projeto, estamos tendo a oportunidade de assistir um filme brasileiro, como no cinema\u201d, disse Wagn\u00e3o, na abertura do evento, acompanhado de Ricardo Corr\u00eaa do Sindicato dos Banc\u00e1rios e Cid\u00e1lio Vieira Santos, da Brazucah Produ\u00e7\u00f5es\" src=\"http:\/\/projetocineb.com.br\/wp-content\/uploads\/2010\/05\/Guarulhos05.jpg\" alt=\"\" width=\"384\" height=\"255\" \/><\/a><figcaption id=\"caption-attachment-726\" class=\"wp-caption-text\">\u201cO Sindicato dos Banc\u00e1rios e a Brazucah Produ\u00e7\u00f5es trouxe pra gente um \u00f3timo projeto, estamos tendo a oportunidade de assistir um filme brasileiro, como no cinema\u201d, disse Wagn\u00e3o, na abertura do evento, acompanhado de Ricardo Corr\u00eaa do Sindicato dos Banc\u00e1rios e Cid\u00e1lio Vieira Santos, da Brazucah Produ\u00e7\u00f5es<\/figcaption><\/figure>\n","protected":false},"excerpt":{"rendered":"<p>Fotos de Vivian Szelpal L\u00e1 fomos n\u00f3s para o Centro Social Urbano (CSU), que fica na quadra da S\u00e3o Rafael.[&#8230;]<\/p>\n","protected":false},"author":2,"featured_media":0,"comment_status":"open","ping_status":"open","sticky":false,"template":"","format":"standard","meta":[],"categories":[2],"tags":[154,242,263,266,470,582,760,894,1062,1132],"_links":{"self":[{"href":"https:\/\/projetocineb.com.br\/index.php?rest_route=\/wp\/v2\/posts\/721"}],"collection":[{"href":"https:\/\/projetocineb.com.br\/index.php?rest_route=\/wp\/v2\/posts"}],"about":[{"href":"https:\/\/projetocineb.com.br\/index.php?rest_route=\/wp\/v2\/types\/post"}],"author":[{"embeddable":true,"href":"https:\/\/projetocineb.com.br\/index.php?rest_route=\/wp\/v2\/users\/2"}],"replies":[{"embeddable":true,"href":"https:\/\/projetocineb.com.br\/index.php?rest_route=%2Fwp%2Fv2%2Fcomments&post=721"}],"version-history":[{"count":0,"href":"https:\/\/projetocineb.com.br\/index.php?rest_route=\/wp\/v2\/posts\/721\/revisions"}],"wp:attachment":[{"href":"https:\/\/projetocineb.com.br\/index.php?rest_route=%2Fwp%2Fv2%2Fmedia&parent=721"}],"wp:term":[{"taxonomy":"category","embeddable":true,"href":"https:\/\/projetocineb.com.br\/index.php?rest_route=%2Fwp%2Fv2%2Fcategories&post=721"},{"taxonomy":"post_tag","embeddable":true,"href":"https:\/\/projetocineb.com.br\/index.php?rest_route=%2Fwp%2Fv2%2Ftags&post=721"}],"curies":[{"name":"wp","href":"https:\/\/api.w.org\/{rel}","templated":true}]}}