{"id":7238,"date":"2015-05-04T13:04:58","date_gmt":"2015-05-04T16:04:58","guid":{"rendered":"http:\/\/projetocineb.com.br\/?p=7238"},"modified":"2015-05-04T13:04:58","modified_gmt":"2015-05-04T16:04:58","slug":"rap-e-compromisso-sabotage-no-cineb","status":"publish","type":"post","link":"https:\/\/projetocineb.com.br\/?p=7238","title":{"rendered":"Rap \u00e9 compromisso. Sabotage no CINEB!"},"content":{"rendered":"<p style=\"text-align: right;\"><strong>Texto e fotos por Vinicius Souza &#8211; <\/strong><a href=\"http:\/\/www.mediaquatro.com\" target=\"_blank\">www.mediaquatro.com<\/a><\/p>\n<p>Pela segunda vez, o Projeto CINEB apresentou, na v\u00e9spera do Dia do Trabalho, o melhor filme sobre Rap j\u00e1 produzido no Brasil: Sabotage \u2013 O Maestro do Can\u00e3o. A sess\u00e3o anterior j\u00e1 tinha sido hist\u00f3rica ao levar a fita com toda a estrutura de um cinema para as ruas da comunidade onde viveu o m\u00edtico rapper, na Zona Sul de S\u00e3o Paulo. Dessa vez, foram os moradores das mais distantes periferias da cidade, e n\u00e3o s\u00f3, que sa\u00edram de suas casas e locais de trabalho para assistirem o filme na Regional Paulista do Sindicato dos Banc\u00e1rios de S\u00e3o Paulo, Osasco e Regi\u00e3o. Com isso, os 150 assentos disponibilizados foram poucos e a produ\u00e7\u00e3o teve de usar cadeiras da pr\u00f3pria regional para acomodar quem chegou mais tarde. O clima da sess\u00e3o, contudo, n\u00e3o podia ter sido mais gostoso, divertido e emotivo.<\/p>\n<figure id=\"attachment_7240\" aria-describedby=\"caption-attachment-7240\" style=\"width: 510px\" class=\"wp-caption aligncenter\"><a href=\"http:\/\/projetocineb.com.br\/wp-content\/uploads\/2015\/05\/sala-cheia-1.jpg\"><img fetchpriority=\"high\" decoding=\"async\" class=\" wp-image-7240   \" title=\"sala-cheia-1\" src=\"http:\/\/projetocineb.com.br\/wp-content\/uploads\/2015\/05\/sala-cheia-1.jpg\" alt=\"\" width=\"510\" height=\"340\" \/><\/a><figcaption id=\"caption-attachment-7240\" class=\"wp-caption-text\">Filme sobre o rapper Sabotage lota regional do Sindicato dos Banc\u00e1rios<\/figcaption><\/figure>\n<figure id=\"attachment_7241\" aria-describedby=\"caption-attachment-7241\" style=\"width: 517px\" class=\"wp-caption aligncenter\"><a href=\"http:\/\/projetocineb.com.br\/wp-content\/uploads\/2015\/05\/sala-cheia31.jpg\"><img decoding=\"async\" class=\" wp-image-7241    \" title=\"sala-cheia3\" src=\"http:\/\/projetocineb.com.br\/wp-content\/uploads\/2015\/05\/sala-cheia31.jpg\" alt=\"\" width=\"517\" height=\"345\" \/><\/a><figcaption id=\"caption-attachment-7241\" class=\"wp-caption-text\">O pessoal que chegou mais tarde teve dificuldade pra achar lugar<\/figcaption><\/figure>\n<figure id=\"attachment_7242\" aria-describedby=\"caption-attachment-7242\" style=\"width: 510px\" class=\"wp-caption aligncenter\"><a href=\"http:\/\/projetocineb.com.br\/wp-content\/uploads\/2015\/05\/fila.jpg\"><img decoding=\"async\" class=\" wp-image-7242   \" title=\"fila\" src=\"http:\/\/projetocineb.com.br\/wp-content\/uploads\/2015\/05\/fila.jpg\" alt=\"\" width=\"510\" height=\"335\" \/><\/a><figcaption id=\"caption-attachment-7242\" class=\"wp-caption-text\">A fila de espectadores ia at\u00e9 a rua da regional do Sindicato dos Banc\u00e1rios, numa travessa da Avenida Paulista<\/figcaption><\/figure>\n<p>Afinal, tinha muita gente legal l\u00e1, como o diretor do filme, Ivan 13P e os produtores Denis Feij\u00e3o e Arthur Pizzo, que apresentaram a fita e participaram de um debate com o p\u00fablico no final. Tamb\u00e9m estavam presentes Dino Dragone, diretor de cinema e Jac Cordeiro, atriz e assistente de dire\u00e7\u00e3o. A sess\u00e3o teve ainda a presen\u00e7a de banc\u00e1rios, diretores do sindicato e representantes de\u00a0v\u00e1rias entidades sociais que j\u00e1\u00a0receberam CINEB. A sess\u00e3o teve cobertura do programa Momento Banc\u00e1rio, da TV dos Banc\u00e1rios, e entrevistas para o \u00fanico programa de Rap da TV aberta brasileira: o Manos e Minas, da TV Cultura de S\u00e3o Paulo, apresentado pelo rapper Max B.O.<\/p>\n<figure id=\"attachment_7243\" aria-describedby=\"caption-attachment-7243\" style=\"width: 496px\" class=\"wp-caption aligncenter\"><a href=\"http:\/\/projetocineb.com.br\/wp-content\/uploads\/2015\/05\/denis-ivan-max-arthur.jpg\"><img loading=\"lazy\" decoding=\"async\" class=\" wp-image-7243  \" title=\"denis-ivan-max-arthur\" src=\"http:\/\/projetocineb.com.br\/wp-content\/uploads\/2015\/05\/denis-ivan-max-arthur.jpg\" alt=\"\" width=\"496\" height=\"744\" \/><\/a><figcaption id=\"caption-attachment-7243\" class=\"wp-caption-text\"> Os produtores do filme, Denis Feij\u00e3o e Arthur Pizzo, acompanham na primeira fila junto ao diretor Ivan P13 e o apresentador Max B.O. o in\u00edcio da sess\u00e3o<\/figcaption><\/figure>\n<figure id=\"attachment_7245\" aria-describedby=\"caption-attachment-7245\" style=\"width: 510px\" class=\"wp-caption aligncenter\"><a href=\"http:\/\/projetocineb.com.br\/wp-content\/uploads\/2015\/05\/TVB-Ivan2.jpg\"><img loading=\"lazy\" decoding=\"async\" class=\" wp-image-7245\" title=\"TVB-Ivan2\" src=\"http:\/\/projetocineb.com.br\/wp-content\/uploads\/2015\/05\/TVB-Ivan2.jpg\" alt=\"\" width=\"510\" height=\"340\" \/><\/a><figcaption id=\"caption-attachment-7245\" class=\"wp-caption-text\">O programa Momento Banc\u00e1rio entrevistou o diretor do filme, Ivan 13P<\/figcaption><\/figure>\n<figure id=\"attachment_7244\" aria-describedby=\"caption-attachment-7244\" style=\"width: 496px\" class=\"wp-caption aligncenter\"><a href=\"http:\/\/projetocineb.com.br\/wp-content\/uploads\/2015\/05\/max-dennis1.jpg\"><img loading=\"lazy\" decoding=\"async\" class=\" wp-image-7244  \" title=\"max-dennis1\" src=\"http:\/\/projetocineb.com.br\/wp-content\/uploads\/2015\/05\/max-dennis1.jpg\" alt=\"\" width=\"496\" height=\"330\" \/><\/a><figcaption id=\"caption-attachment-7244\" class=\"wp-caption-text\">O apresentador do programa Manos e Minas, da TV Cultura, Max BO, entrevista o produtor Denis Feij\u00e3o<\/figcaption><\/figure>\n<p>A coordenadora administrativa do jornal Le Monde Diplomatique, Arlete Martins, tamb\u00e9m foi conferir de perto a efic\u00e1cia da parceria do jornal com o CINEB para a difus\u00e3o da cultura brasileira. Esse ano, em todas as sess\u00f5es do CINEB\u00a0ser\u00e3o distribu\u00eddos exemplares do jornal de origem francesa, que sempre traz an\u00e1lises aprofundadas de cultura, pol\u00edtica e economia. Em contrapartida o jornal divulga o projeto com banner na capa do site (<a href=\"http:\/\/www.diplomatique.org.br\" target=\"_blank\">http:\/\/www.diplomatique.org.br<\/a>).<\/p>\n<figure id=\"attachment_7246\" aria-describedby=\"caption-attachment-7246\" style=\"width: 472px\" class=\"wp-caption aligncenter\"><a href=\"http:\/\/projetocineb.com.br\/wp-content\/uploads\/2015\/05\/arlete3.jpg\"><img loading=\"lazy\" decoding=\"async\" class=\" wp-image-7246 \" title=\"arlete3\" src=\"http:\/\/projetocineb.com.br\/wp-content\/uploads\/2015\/05\/arlete3.jpg\" alt=\"\" width=\"472\" height=\"709\" \/><\/a><figcaption id=\"caption-attachment-7246\" class=\"wp-caption-text\">Arlete Martins, do jornal Le Monde Diplomatique, entre os coordenadores do CINEB, Cynthia Alario e Cid\u00e1lio Santos<\/figcaption><\/figure>\n<figure id=\"attachment_7247\" aria-describedby=\"caption-attachment-7247\" style=\"width: 496px\" class=\"wp-caption aligncenter\"><a href=\"http:\/\/projetocineb.com.br\/wp-content\/uploads\/2015\/05\/diplo-banner.jpg\"><img loading=\"lazy\" decoding=\"async\" class=\" wp-image-7247\" title=\"diplo-banner\" src=\"http:\/\/projetocineb.com.br\/wp-content\/uploads\/2015\/05\/diplo-banner.jpg\" alt=\"\" width=\"496\" height=\"303\" \/><\/a><figcaption id=\"caption-attachment-7247\" class=\"wp-caption-text\">Com a parceria, um banner sobre o CINEB vai aparecer sempre na capa do site do jornal<\/figcaption><\/figure>\n<p style=\"text-align: left;\">\u00a0Diversos m\u00fasicos tamb\u00e9m estiveram presentes, como Ricardo Paramartchuk e MC Gra, que veio de S\u00e3o Jos\u00e9 do Rio Preto para a apresenta\u00e7\u00e3o. \u201cPara mim o filme foi fant\u00e1stico\u201d, disse a rapper. \u201cSaio daqui muito motivada porque vejo que tem mais gente no movimento percebendo a import\u00e2ncia da m\u00fasica e que o dinheiro n\u00e3o pode ser o objetivo da arte, mas que vem como consequ\u00eancia\u201d.<\/p>\n<figure id=\"attachment_7250\" aria-describedby=\"caption-attachment-7250\" style=\"width: 471px\" class=\"wp-caption aligncenter\"><a href=\"http:\/\/projetocineb.com.br\/wp-content\/uploads\/2015\/05\/debate6.jpg\"><img loading=\"lazy\" decoding=\"async\" class=\" wp-image-7250 \" title=\"debate6\" src=\"http:\/\/projetocineb.com.br\/wp-content\/uploads\/2015\/05\/debate6.jpg\" alt=\"\" width=\"471\" height=\"709\" \/><\/a><figcaption id=\"caption-attachment-7250\" class=\"wp-caption-text\">MC Gra veio de S\u00e3o Jos\u00e9 do Rio Preto para ver o filme e saiu muito mais motivada a trabalhar pelo Rap<\/figcaption><\/figure>\n<figure id=\"attachment_7251\" aria-describedby=\"caption-attachment-7251\" style=\"width: 447px\" class=\"wp-caption aligncenter\"><a href=\"http:\/\/projetocineb.com.br\/wp-content\/uploads\/2015\/05\/debate2.jpg\"><img loading=\"lazy\" decoding=\"async\" class=\" wp-image-7251   \" title=\"debate2\" src=\"http:\/\/projetocineb.com.br\/wp-content\/uploads\/2015\/05\/debate2.jpg\" alt=\"\" width=\"447\" height=\"281\" \/><\/a><figcaption id=\"caption-attachment-7251\" class=\"wp-caption-text\">Na mesa do debate, da esquerda para a direita, Cynthia Alario, Ivan P13, Arthur Pizzo e Denis Feij\u00e3o<\/figcaption><\/figure>\n<p>M\u00e1rio Balbino, estudante de hist\u00f3ria do Graja\u00fa, extremo Sul de S\u00e3o Paulo, destacou a import\u00e2ncia do filme e do artista para a cultura brasileira. Aldenir da Silva, do Jardim Pantanal, bairro da Zona Leste, completou dizendo que Sabotage segue vivo na mem\u00f3ria. \u201cEle n\u00e3o morreu, ele est\u00e1 presente nessa meninada das periferias que aprende com seu exemplo e percebe que pode lutar por algo melhor em suas vidas\u201d. J\u00e1 Edson Ferreira da Silva, de Guaianazes, aproveitou para assistir o filme pela terceira vez. \u201cAcompanho sempre o pessoal pelas redes sociais, fico atento e vou a qualquer lugar da cidade onde passar para ver novamente\u201d, afirma.<\/p>\n<figure id=\"attachment_7252\" aria-describedby=\"caption-attachment-7252\" style=\"width: 510px\" class=\"wp-caption aligncenter\"><a href=\"http:\/\/projetocineb.com.br\/wp-content\/uploads\/2015\/05\/debate7.jpg\"><img loading=\"lazy\" decoding=\"async\" class=\" wp-image-7252\" title=\"debate7\" src=\"http:\/\/projetocineb.com.br\/wp-content\/uploads\/2015\/05\/debate7.jpg\" alt=\"\" width=\"510\" height=\"304\" \/><\/a><figcaption id=\"caption-attachment-7252\" class=\"wp-caption-text\">Aldenir da Silva, do Jardim Pantanal, diz que o exemplo de Sabotage nunca vai morrer<\/figcaption><\/figure>\n<figure id=\"attachment_7253\" aria-describedby=\"caption-attachment-7253\" style=\"width: 468px\" class=\"wp-caption aligncenter\"><a href=\"http:\/\/projetocineb.com.br\/wp-content\/uploads\/2015\/05\/debate8.jpg\"><img loading=\"lazy\" decoding=\"async\" class=\" wp-image-7253   \" title=\"debate8\" src=\"http:\/\/projetocineb.com.br\/wp-content\/uploads\/2015\/05\/debate8.jpg\" alt=\"\" width=\"468\" height=\"328\" \/><\/a><figcaption id=\"caption-attachment-7253\" class=\"wp-caption-text\">Edson Silva, que acompanha a programa\u00e7\u00e3o do CINEB pelas redes sociais, assistiu o filme pela terceira vez<\/figcaption><\/figure>\n<p>Mesmo quem n\u00e3o \u00e9 do \u201cmeio\u201d curtiu o filme. \u201cEu n\u00e3o sou do Hip Hop, mas soube da exibi\u00e7\u00e3o do filme no CINEB pelo site do Catraca Livre, vim conferir e fiquei muito feliz com o resultado e o debate depois\u201d, disse Isabel Manso antes de afirmar que agora vai procurar mais sobre o artista para conhecer melhor essa personagem que transitou como poucas entre a m\u00fasica e o cinema, tendo atuado em filmes como Carandir\u00fa e O Invasor. Uma presen\u00e7a ilustre que n\u00e3o pode deixar de ser mencionada \u00e9 a da cabelereira Dorothy de Souza, que criou o penteado espetado de Sabotage e deu um emocionante depoimento para o filme.<\/p>\n<figure id=\"attachment_7255\" aria-describedby=\"caption-attachment-7255\" style=\"width: 461px\" class=\"wp-caption aligncenter\"><a href=\"http:\/\/projetocineb.com.br\/wp-content\/uploads\/2015\/05\/dorothy.jpg\"><img loading=\"lazy\" decoding=\"async\" class=\" wp-image-7255 \" title=\"dorothy\" src=\"http:\/\/projetocineb.com.br\/wp-content\/uploads\/2015\/05\/dorothy.jpg\" alt=\"\" width=\"461\" height=\"709\" \/><\/a><figcaption id=\"caption-attachment-7255\" class=\"wp-caption-text\">Dorothy de Souza, cabelereira que fazia os penteados espetados de Sabotage, tamb\u00e9m prestigiou a exibi\u00e7\u00e3o do filme<\/figcaption><\/figure>\n<p>Nas entrevistas e no debate, os respons\u00e1veis pelo filme contaram como conseguiram produzi-lo e falaram tamb\u00e9m sobre a import\u00e2ncia do CINEB em sua divulga\u00e7\u00e3o. \u201c\u00c9 incr\u00edvel a atualidade do Sabota mesmo depois de 13 anos de sua morte, s\u00f3 que a luta de quem faz cinema no Brasil n\u00e3o \u00e9 apenas criar bons filmes, mas principalmente conseguir sua exibi\u00e7\u00e3o ao p\u00fablico\u201d, conta Ivan 13p. \u201cNesse sentido, a parceria com o CINEB e a oportunidade de levar o filme, primeiro para a comunidade do Can\u00e3o, onde ele vivia, e depois aqui para a regi\u00e3o da Paulista, \u00e9 maravilhosa\u201d. Denis Feij\u00e3o tamb\u00e9m destaca a parceria com o CINEB e com a fam\u00edlia do m\u00fasico, que \u00e9 s\u00f3cia do filme. \u201cMais do que resgatar a mem\u00f3ria e a obra do Sabotage, o filme e os novos produtos a ele associados, como a revista em quadrinhos, o livro e disco de in\u00e9ditas que ser\u00e3o lan\u00e7ados, tamb\u00e9m s\u00e3o uma forma de garantir o sustento da fam\u00edlia do artista, que continua vivendo no mesmo lugar\u201d, conclui.<\/p>\n<figure id=\"attachment_7256\" aria-describedby=\"caption-attachment-7256\" style=\"width: 446px\" class=\"wp-caption aligncenter\"><a href=\"http:\/\/projetocineb.com.br\/wp-content\/uploads\/2015\/05\/max-cidalio-ivan-ricardo.jpg\"><img loading=\"lazy\" decoding=\"async\" class=\" wp-image-7256 \" title=\"max-cidalio-ivan-ricardo\" src=\"http:\/\/projetocineb.com.br\/wp-content\/uploads\/2015\/05\/max-cidalio-ivan-ricardo.jpg\" alt=\"\" width=\"446\" height=\"709\" \/><\/a><figcaption id=\"caption-attachment-7256\" class=\"wp-caption-text\">O rapper Max BO, o coordenador do CINEB Cid\u00e1lio Santos, o diretor de cinema Ivan 13P e o advogado da fam\u00edlia de Sabotage Ricardo Yamazaki<\/figcaption><\/figure>\n<figure id=\"attachment_7257\" aria-describedby=\"caption-attachment-7257\" style=\"width: 472px\" class=\"wp-caption aligncenter\"><a href=\"http:\/\/projetocineb.com.br\/wp-content\/uploads\/2015\/05\/pipoca2.jpg\"><img loading=\"lazy\" decoding=\"async\" class=\" wp-image-7257 \" title=\"pipoca2\" src=\"http:\/\/projetocineb.com.br\/wp-content\/uploads\/2015\/05\/pipoca2.jpg\" alt=\"\" width=\"472\" height=\"709\" \/><\/a><figcaption id=\"caption-attachment-7257\" class=\"wp-caption-text\">E como sempre, n\u00e3o faltou a deliciosa pipoca do Seu Antonio<\/figcaption><\/figure>\n<figure id=\"attachment_7258\" aria-describedby=\"caption-attachment-7258\" style=\"width: 567px\" class=\"wp-caption aligncenter\"><a href=\"http:\/\/projetocineb.com.br\/wp-content\/uploads\/2015\/05\/final3.jpg\"><img loading=\"lazy\" decoding=\"async\" class=\" wp-image-7258  \" title=\"final3\" src=\"http:\/\/projetocineb.com.br\/wp-content\/uploads\/2015\/05\/final3.jpg\" alt=\"\" width=\"567\" height=\"414\" \/><\/a><figcaption id=\"caption-attachment-7258\" class=\"wp-caption-text\">No final, todos sa\u00edram satisfeitos com o exibi\u00e7\u00e3o do filme e esperando pela pr\u00f3xima sess\u00e3o do CINEB<\/figcaption><\/figure>\n<p style=\"text-align: center;\">\u00a0<a href=\"https:\/\/flic.kr\/s\/aHsk8FE2bE\" target=\"_blank\">CLIQUE AQUI PARA VER MAIS FOTOS DA SESS\u00c3O<\/a><\/p>\n","protected":false},"excerpt":{"rendered":"<p>Texto e fotos por Vinicius Souza &#8211; www.mediaquatro.com Pela segunda vez, o Projeto CINEB apresentou, na v\u00e9spera do Dia do[&#8230;]<\/p>\n","protected":false},"author":2,"featured_media":7259,"comment_status":"open","ping_status":"open","sticky":false,"template":"","format":"standard","meta":[],"categories":[2],"tags":[252,383,404,450,658,1031,1032,1077,1078,1079],"_links":{"self":[{"href":"https:\/\/projetocineb.com.br\/index.php?rest_route=\/wp\/v2\/posts\/7238"}],"collection":[{"href":"https:\/\/projetocineb.com.br\/index.php?rest_route=\/wp\/v2\/posts"}],"about":[{"href":"https:\/\/projetocineb.com.br\/index.php?rest_route=\/wp\/v2\/types\/post"}],"author":[{"embeddable":true,"href":"https:\/\/projetocineb.com.br\/index.php?rest_route=\/wp\/v2\/users\/2"}],"replies":[{"embeddable":true,"href":"https:\/\/projetocineb.com.br\/index.php?rest_route=%2Fwp%2Fv2%2Fcomments&post=7238"}],"version-history":[{"count":0,"href":"https:\/\/projetocineb.com.br\/index.php?rest_route=\/wp\/v2\/posts\/7238\/revisions"}],"wp:featuredmedia":[{"embeddable":true,"href":"https:\/\/projetocineb.com.br\/index.php?rest_route=\/wp\/v2\/media\/7259"}],"wp:attachment":[{"href":"https:\/\/projetocineb.com.br\/index.php?rest_route=%2Fwp%2Fv2%2Fmedia&parent=7238"}],"wp:term":[{"taxonomy":"category","embeddable":true,"href":"https:\/\/projetocineb.com.br\/index.php?rest_route=%2Fwp%2Fv2%2Fcategories&post=7238"},{"taxonomy":"post_tag","embeddable":true,"href":"https:\/\/projetocineb.com.br\/index.php?rest_route=%2Fwp%2Fv2%2Ftags&post=7238"}],"curies":[{"name":"wp","href":"https:\/\/api.w.org\/{rel}","templated":true}]}}