{"id":7284,"date":"2015-05-18T14:20:06","date_gmt":"2015-05-18T17:20:06","guid":{"rendered":"http:\/\/projetocineb.com.br\/?p=7284"},"modified":"2015-05-18T14:20:06","modified_gmt":"2015-05-18T17:20:06","slug":"a-vila-rica-recebeu-o-cine-b-de-bracos-abertos","status":"publish","type":"post","link":"https:\/\/projetocineb.com.br\/?p=7284","title":{"rendered":"A Vila Rica recebeu o Cine B de bra\u00e7os abertos"},"content":{"rendered":"<p style=\"text-align: right;\"><strong>Texto e fotos por Carlos Rizzo<\/strong><\/p>\n<p>Sexta-feira, 15\/5, foi mais um daqueles momentos onde o Cine B foi levar o melhor do cinema brasileiro para a popula\u00e7\u00e3o da regi\u00e3o de Aricanduva, na Zona Leste de S\u00e3o Paulo. Aproveitou para reencontrar grandes amigos. A sess\u00e3o aconteceu na Associa\u00e7\u00e3o dos Moradores da Vila Rica que recebeu pela d\u00e9cima vez o projeto, para acompanhar as perip\u00e9cias de Fernando, um garoto de 10 anos e seus amigos, personagens do delicioso filme <em>O Menino no Espelho<\/em> (2013), dirigido por Guilherme Fi\u00faza Zenha, que adaptou a obra de Fernando Sabino para a telona. O filme fez sua estreia no Cine B na Vila Rica e ainda passar\u00e1 por mais tr\u00eas bairros. Antes do longa, foi exibido o curta <em>Mariana n\u00e3o Vai \u00e0 Praia<\/em> (2014), de C\u00e1ssio Pereira dos Santos.<\/p>\n<p>Apesar da noite fria t\u00edpica de maio, a recep\u00e7\u00e3o comandada por Bia Moreno, presidente da Associa\u00e7\u00e3o, foi como sempre, muito calorosa. Segundo Bia, que assumiu a dire\u00e7\u00e3o da entidade em 2008 e tem focado seu trabalho em levar cultura e lazer para a comunidade, \u201choje as pessoas v\u00eam atr\u00e1s dos convites, porque conhecem o Cine B e valorizam o cinema brasileiro\u201d, avalia.<\/p>\n<figure id=\"attachment_7285\" aria-describedby=\"caption-attachment-7285\" style=\"width: 436px\" class=\"wp-caption aligncenter\"><a href=\"http:\/\/projetocineb.com.br\/wp-content\/uploads\/2015\/05\/DSC_9642_Presidente-Assoc-VRica-Bia-Moreno.jpg\"><img fetchpriority=\"high\" decoding=\"async\" class=\" wp-image-7285 \" title=\"DSC_9642_Presidente Assoc VRica Bia Moreno\" src=\"http:\/\/projetocineb.com.br\/wp-content\/uploads\/2015\/05\/DSC_9642_Presidente-Assoc-VRica-Bia-Moreno.jpg\" alt=\"\" width=\"436\" height=\"290\" \/><\/a><figcaption id=\"caption-attachment-7285\" class=\"wp-caption-text\">Bia Moreno, presidente da Associa\u00e7\u00e3o dos Moradores da Vila Rica aposta na cultura para unir a comunidade<\/figcaption><\/figure>\n<p style=\"text-align: left;\">Esse \u00e9 o caso de Jo\u00e3o Rodrigues e Maria Jandui Nogueira, que n\u00e3o perdem uma sess\u00e3o do Cine B desde que o projeto chegou na Vila Rica, em 2010. Rodrigues, que foi vice-presidente da Associa\u00e7\u00e3o, aprova a iniciativa e gosta de prestigiar as a\u00e7\u00f5es da comunidade. J\u00e1 sua companheira Maria, segurando o saquinho da pipoca feito pelo Seu Antonio, o pipoqueiro do Cine B, comenta que hoje em dia n\u00e3o troca o cinema brasileiro por nada. \u201cN\u00e3o vou mais ao cinema para ver filme estrangeiro, venho aqui para ver o que \u00e9 nosso\u201d, sentencia.<\/p>\n<figure id=\"attachment_7287\" aria-describedby=\"caption-attachment-7287\" style=\"width: 454px\" class=\"wp-caption aligncenter\"><a href=\"http:\/\/projetocineb.com.br\/wp-content\/uploads\/2015\/05\/DSC_9548_.jpg\"><img decoding=\"async\" class=\" wp-image-7287 \" title=\"DSC_9548_\" src=\"http:\/\/projetocineb.com.br\/wp-content\/uploads\/2015\/05\/DSC_9548_.jpg\" alt=\"\" width=\"454\" height=\"302\" \/><\/a><figcaption id=\"caption-attachment-7287\" class=\"wp-caption-text\">Jo\u00e3o Rodrigues e Maria Jandui \u00e9 presen\u00e7a garantida em todas as sess\u00f5es do Cine B na Vila Rica<\/figcaption><\/figure>\n<p>Se por um lado o belo sal\u00e3o da entidade, que durante a semana recebe cursos de teatro, capoeira e de cabeleireiro entre tantas outras a\u00e7\u00f5es, est\u00e1 repleto de velhos conhecidos, por outro, o Cine B continua a formar um p\u00fablico cativo para o cinema brasileiro. Como \u00e9 o caso de Karine Sara Souza Santos, que ao lado dos quatro filhos Priscila, Adriana, Matheus e Ana, sa\u00edram do Conjunto Habitacional Barreira Grande para acompanhar, pela primeira vez, uma sess\u00e3o de cinema. Karine era s\u00f3 expectativa. Nunca foi ao cinema porque, segundo ela, \u201c\u00e9 muito caro\u201d. No Cine B, aproveitou tudo que tinha direito. Ela e os filhos foram os primeiros a pegar a pipoca, que \u00e9 de gra\u00e7a, e no final da sess\u00e3o tr\u00eas de seus filhos \u2013 Priscila, Matheus e Ana \u2013 foram sorteados com uma camiseta.<\/p>\n<figure id=\"attachment_7288\" aria-describedby=\"caption-attachment-7288\" style=\"width: 466px\" class=\"wp-caption aligncenter\"><a href=\"http:\/\/projetocineb.com.br\/wp-content\/uploads\/2015\/05\/DSC_9478_.jpg\"><img decoding=\"async\" class=\" wp-image-7288 \" title=\"DSC_9478_\" src=\"http:\/\/projetocineb.com.br\/wp-content\/uploads\/2015\/05\/DSC_9478_.jpg\" alt=\"\" width=\"466\" height=\"310\" \/><\/a><figcaption id=\"caption-attachment-7288\" class=\"wp-caption-text\">Karine e filhos foram pela primeira vez numa sess\u00e3o de cinema com pipoca e ainda levaram v\u00e1rias camisetas como brinde<\/figcaption><\/figure>\n<figure id=\"attachment_7289\" aria-describedby=\"caption-attachment-7289\" style=\"width: 466px\" class=\"wp-caption aligncenter\"><a href=\"http:\/\/projetocineb.com.br\/wp-content\/uploads\/2015\/05\/DSC_9486.jpg\"><img loading=\"lazy\" decoding=\"async\" class=\" wp-image-7289     \" title=\"DSC_9486\" src=\"http:\/\/projetocineb.com.br\/wp-content\/uploads\/2015\/05\/DSC_9486.jpg\" alt=\"\" width=\"466\" height=\"310\" \/><\/a><figcaption id=\"caption-attachment-7289\" class=\"wp-caption-text\">Um dos filhos de Karine pegando pipoca com o Seu Ant\u00f4nio <\/figcaption><\/figure>\n<figure id=\"attachment_7290\" aria-describedby=\"caption-attachment-7290\" style=\"width: 471px\" class=\"wp-caption aligncenter\"><a href=\"http:\/\/projetocineb.com.br\/wp-content\/uploads\/2015\/05\/DSC_9732.jpg\"><img loading=\"lazy\" decoding=\"async\" class=\" wp-image-7290      \" title=\"DSC_9732\" src=\"http:\/\/projetocineb.com.br\/wp-content\/uploads\/2015\/05\/DSC_9732.jpg\" alt=\"\" width=\"471\" height=\"313\" \/><\/a><figcaption id=\"caption-attachment-7290\" class=\"wp-caption-text\">Outra vez, pose para a foto! Agora com as camisetas do CINEB<\/figcaption><\/figure>\n<p>Outra fam\u00edlia que aprovou o lazer foi a de M\u00e1rcia Regina Rodrigues. Acompanhada dos filhos Naimyt Rodrigues e \u00cdcaro Rodrigues Arthur, sa\u00edram da Vila Antonieta para assistir as aventuras de crian\u00e7as que cresciam brincando nas ruas da Belo Horizonte dos anos 1930. Foi a primeira vez que estiveram numa sess\u00e3o do Cine B e M\u00e1rcia elogiou a proposta. \u201cGostei do curta e do longa. S\u00e3o filmes muito melhores do que a gente costuma ver nos cinemas\u201d, apontou.<\/p>\n<figure id=\"attachment_7291\" aria-describedby=\"caption-attachment-7291\" style=\"width: 475px\" class=\"wp-caption aligncenter\"><a href=\"http:\/\/projetocineb.com.br\/wp-content\/uploads\/2015\/05\/DSC_9786_Marcia-Regina-Rodrigues-e-filhos-Naimyt-e-Icaro.jpg\"><img loading=\"lazy\" decoding=\"async\" class=\" wp-image-7291    \" title=\"DSC_9786_Marcia Regina Rodrigues e filhos Naimyt e Icaro\" src=\"http:\/\/projetocineb.com.br\/wp-content\/uploads\/2015\/05\/DSC_9786_Marcia-Regina-Rodrigues-e-filhos-Naimyt-e-Icaro.jpg\" alt=\"\" width=\"475\" height=\"316\" \/><\/a><figcaption id=\"caption-attachment-7291\" class=\"wp-caption-text\">M\u00e1rcia, Naimyt e \u00cdcaro aprovaram o curta e o longa brasileiros<\/figcaption><\/figure>\n<p>Al\u00e9m das fam\u00edlias, a comunidade de Vila Rica marcou presen\u00e7a no evento. V\u00e1rios diretores e membros da Associa\u00e7\u00e3o colaboraram com a organiza\u00e7\u00e3o da sess\u00e3o. A sala de Educa\u00e7\u00e3o de Jovens e Adultos (EJA) da Escola Municipal de Ensino Fundamental (EMEF) Roquette Pinto, da professora Ana Lucia Leis V. M. de Oliveira participou de mais uma sess\u00e3o e nove abrigados da Casa Vida, uma entidade que d\u00e1 apoio \u00e0 crian\u00e7a e adolescente da regi\u00e3o, marcaram presen\u00e7a acompanhados pelo educador social Gilberto Marcelino P. J\u00fanior.<\/p>\n<figure id=\"attachment_7292\" aria-describedby=\"caption-attachment-7292\" style=\"width: 454px\" class=\"wp-caption aligncenter\"><a href=\"http:\/\/projetocineb.com.br\/wp-content\/uploads\/2015\/05\/DSC_9560_educador-Gilberto-Marcelina-P-Junior-e-Fabiana-Del-Santos.jpg\"><img loading=\"lazy\" decoding=\"async\" class=\" wp-image-7292    \" title=\"DSC_9560_educador Gilberto Marcelina P Junior e Fabiana Del Santos\" src=\"http:\/\/projetocineb.com.br\/wp-content\/uploads\/2015\/05\/DSC_9560_educador-Gilberto-Marcelina-P-Junior-e-Fabiana-Del-Santos.jpg\" alt=\"\" width=\"454\" height=\"302\" \/><\/a><figcaption id=\"caption-attachment-7292\" class=\"wp-caption-text\">Gilberto Marcelino, da Casa Vida: nove abrigados foram \u00e0 sess\u00e3o de cinema <\/figcaption><\/figure>\n<p>E ainda teve atividade cultural da comunidade, pois antes da exibi\u00e7\u00e3o do filme, o grupo de teatro da associa\u00e7\u00e3o, dirigido pela professora Maria Marcontes, apresentou uma pe\u00e7a abordando a perspectiva sociocultural dos moradores da periferia.<\/p>\n<figure id=\"attachment_7294\" aria-describedby=\"caption-attachment-7294\" style=\"width: 475px\" class=\"wp-caption aligncenter\"><a href=\"http:\/\/projetocineb.com.br\/wp-content\/uploads\/2015\/05\/DSC_9460_teatro.jpg\"><img loading=\"lazy\" decoding=\"async\" class=\" wp-image-7294    \" title=\"DSC_9460_teatro\" src=\"http:\/\/projetocineb.com.br\/wp-content\/uploads\/2015\/05\/DSC_9460_teatro.jpg\" alt=\"\" width=\"475\" height=\"316\" \/><\/a><figcaption id=\"caption-attachment-7294\" class=\"wp-caption-text\">O grupo de teatro da Associa\u00e7\u00e3o trouxe arte e reflex\u00e3o \u00e0 sess\u00e3o<\/figcaption><\/figure>\n<figure id=\"attachment_7295\" aria-describedby=\"caption-attachment-7295\" style=\"width: 454px\" class=\"wp-caption aligncenter\"><a href=\"http:\/\/projetocineb.com.br\/wp-content\/uploads\/2015\/05\/DSC_9595_Professora-de-teatro-Maria-Marcontes-e-alunos.jpg\"><img loading=\"lazy\" decoding=\"async\" class=\" wp-image-7295    \" title=\"DSC_9595_Professora de teatro Maria Marcontes e alunos\" src=\"http:\/\/projetocineb.com.br\/wp-content\/uploads\/2015\/05\/DSC_9595_Professora-de-teatro-Maria-Marcontes-e-alunos.jpg\" alt=\"\" width=\"454\" height=\"302\" \/><\/a><figcaption id=\"caption-attachment-7295\" class=\"wp-caption-text\">Professora de teatro Maria Marcontes e alunos<\/figcaption><\/figure>\n<p>Ao final, como sempre acontece nas sess\u00f5es organizadas pelo Cine B, houve o sorteio, comandado por Cid\u00e1lio Vieira Santos, coordenador do projeto, de v\u00e1rios brindes como camisetas, espelho \u2013 o mote do filme \u2013, e uma linha de produtos de beleza oferecidos pela Surya Brasil, empresa parceira. Segundo Cid\u00e1lio, \u00e9 sempre bom retornar \u00e0 Vila Rica porque a associa\u00e7\u00e3o \u00e9 uma das comunidades que melhor recebe o projeto. E em nome da presidenta do Sindicato dos Banc\u00e1rios de S\u00e3o Paulo, Osasco e Regi\u00e3o, Juvandia Moreira Leite e da Brazucah Produ\u00e7\u00f5es agradeceu o emprenho e participa\u00e7\u00e3o da comunidade.<\/p>\n<figure id=\"attachment_7296\" aria-describedby=\"caption-attachment-7296\" style=\"width: 466px\" class=\"wp-caption aligncenter\"><a href=\"http:\/\/projetocineb.com.br\/wp-content\/uploads\/2015\/05\/DSC_9718.jpg\"><img loading=\"lazy\" decoding=\"async\" class=\" wp-image-7296     \" title=\"DSC_9718\" src=\"http:\/\/projetocineb.com.br\/wp-content\/uploads\/2015\/05\/DSC_9718.jpg\" alt=\"\" width=\"466\" height=\"310\" \/><\/a><figcaption id=\"caption-attachment-7296\" class=\"wp-caption-text\">Camisetas e brindes sorteados ao final da sess\u00e3o animaram o evento<\/figcaption><\/figure>\n<figure id=\"attachment_7297\" aria-describedby=\"caption-attachment-7297\" style=\"width: 475px\" class=\"wp-caption aligncenter\"><a href=\"http:\/\/projetocineb.com.br\/wp-content\/uploads\/2015\/05\/DSC_9725.jpg\"><img loading=\"lazy\" decoding=\"async\" class=\" wp-image-7297    \" title=\"DSC_9725\" src=\"http:\/\/projetocineb.com.br\/wp-content\/uploads\/2015\/05\/DSC_9725.jpg\" alt=\"\" width=\"475\" height=\"316\" \/><\/a><figcaption id=\"caption-attachment-7297\" class=\"wp-caption-text\">Alguns de nossos espectadores sorteados com produtos da Surya Brasil<\/figcaption><\/figure>\n<figure id=\"attachment_7298\" aria-describedby=\"caption-attachment-7298\" style=\"width: 475px\" class=\"wp-caption aligncenter\"><a href=\"http:\/\/projetocineb.com.br\/wp-content\/uploads\/2015\/05\/DSC_9760.jpg\"><img loading=\"lazy\" decoding=\"async\" class=\" wp-image-7298    \" title=\"DSC_9760\" src=\"http:\/\/projetocineb.com.br\/wp-content\/uploads\/2015\/05\/DSC_9760.jpg\" alt=\"\" width=\"475\" height=\"316\" \/><\/a><figcaption id=\"caption-attachment-7298\" class=\"wp-caption-text\">At\u00e9 a pr\u00f3xima sess\u00e3o!<\/figcaption><\/figure>\n<p style=\"text-align: center;\"><a href=\"https:\/\/flic.kr\/s\/aHskbnXQtu\" target=\"_blank\">CLIQUE AQUI PARA VER MAIS FOTOS DA SESS\u00c3O<\/a><\/p>\n<p><strong>At\u00e9 a pr\u00f3xima sess\u00e3o!<\/strong><\/p>\n<p>O Cine B \u00e9 um projeto que tem como miss\u00e3o a forma\u00e7\u00e3o de p\u00fablico para o cinema brasileiro. Criado em 2007 pelo Sindicato dos Banc\u00e1rios de S\u00e3o Paulo, Osasco e Regi\u00e3o em parceria com a Brazucah Produ\u00e7\u00f5es, j\u00e1 realizou mais de 350 sess\u00f5es de cinema por toda a cidade de S\u00e3o Paulo, Osasco e Regi\u00e3o, exibindo mais de 60 filmes brasileiros entre longas e curtas-metragens para cerca de 43 mil pessoas. Conta com o apoio de m\u00eddia da edi\u00e7\u00e3o brasileira do Le Monde Diplomatique.<\/p>\n","protected":false},"excerpt":{"rendered":"<p>Texto e fotos por Carlos Rizzo Sexta-feira, 15\/5, foi mais um daqueles momentos onde o Cine B foi levar o[&#8230;]<\/p>\n","protected":false},"author":2,"featured_media":7304,"comment_status":"open","ping_status":"open","sticky":false,"template":"","format":"standard","meta":[],"categories":[2],"tags":[233,252,260,263,551,869,962,1095,1131,1229],"_links":{"self":[{"href":"https:\/\/projetocineb.com.br\/index.php?rest_route=\/wp\/v2\/posts\/7284"}],"collection":[{"href":"https:\/\/projetocineb.com.br\/index.php?rest_route=\/wp\/v2\/posts"}],"about":[{"href":"https:\/\/projetocineb.com.br\/index.php?rest_route=\/wp\/v2\/types\/post"}],"author":[{"embeddable":true,"href":"https:\/\/projetocineb.com.br\/index.php?rest_route=\/wp\/v2\/users\/2"}],"replies":[{"embeddable":true,"href":"https:\/\/projetocineb.com.br\/index.php?rest_route=%2Fwp%2Fv2%2Fcomments&post=7284"}],"version-history":[{"count":0,"href":"https:\/\/projetocineb.com.br\/index.php?rest_route=\/wp\/v2\/posts\/7284\/revisions"}],"wp:featuredmedia":[{"embeddable":true,"href":"https:\/\/projetocineb.com.br\/index.php?rest_route=\/wp\/v2\/media\/7304"}],"wp:attachment":[{"href":"https:\/\/projetocineb.com.br\/index.php?rest_route=%2Fwp%2Fv2%2Fmedia&parent=7284"}],"wp:term":[{"taxonomy":"category","embeddable":true,"href":"https:\/\/projetocineb.com.br\/index.php?rest_route=%2Fwp%2Fv2%2Fcategories&post=7284"},{"taxonomy":"post_tag","embeddable":true,"href":"https:\/\/projetocineb.com.br\/index.php?rest_route=%2Fwp%2Fv2%2Ftags&post=7284"}],"curies":[{"name":"wp","href":"https:\/\/api.w.org\/{rel}","templated":true}]}}